{"id":10909,"date":"2015-11-18T22:36:10","date_gmt":"2015-11-18T20:36:10","guid":{"rendered":"http:\/\/www.satiricon.be\/?p=10909"},"modified":"2015-11-18T22:39:38","modified_gmt":"2015-11-18T20:39:38","slug":"beautes-congolaises","status":"publish","type":"post","link":"https:\/\/www.satiricon.be\/?p=10909","title":{"rendered":"Beaut\u00e9s congolaises\u2026"},"content":{"rendered":"<p><a href=\"https:\/\/www.satiricon.be\/wp-content\/uploads\/2015\/11\/Mode-Muntu-cover.jpg\"><img loading=\"lazy\" class=\"size-full wp-image-10912 aligncenter\" src=\"https:\/\/www.satiricon.be\/wp-content\/uploads\/2015\/11\/Mode-Muntu-cover.jpg\" alt=\"Mode Muntu (cover)\" width=\"272\" height=\"350\" srcset=\"https:\/\/www.satiricon.be\/wp-content\/uploads\/2015\/11\/Mode-Muntu-cover.jpg 272w, https:\/\/www.satiricon.be\/wp-content\/uploads\/2015\/11\/Mode-Muntu-cover-233x300.jpg 233w\" sizes=\"(max-width: 272px) 100vw, 272px\" \/><\/a><\/p>\n<p>Le photographe belge Micha\u00ebl De Plaen est n\u00e9 en 1979 \u00e0 Lubumbashi (R.D.C.). Form\u00e9 \u00e0 l\u2019Institut Saint-Luc de Li\u00e8ge, il s\u2019est sp\u00e9cialis\u00e9 dans la reproduction photographique d\u2019\u0153uvres d\u2019art et il occupe une grande partie de son temps \u00e0 amener au grand jour le travail de Mode Muntu (1940-1985), peintre qu\u2019il a c\u00f4toy\u00e9 enfant au sein du mus\u00e9e de Lubumbashi et dont Jan Hoet, conservateur du S.M.A.K. \u00e0 Gand, a dit qu\u2019il serait le peintre du XXI<sup>e<\/sup>\u00a0si\u00e8cle <a href=\"#_ftn1\" name=\"_ftnref1\">[1]<\/a>.<\/p>\n<p style=\"text-align: center;\"><a href=\"https:\/\/www.satiricon.be\/wp-content\/uploads\/2015\/11\/Mode-Muntu-Le-Calendrier-lunaire.jpg\"><img loading=\"lazy\" class=\"size-full wp-image-10911 aligncenter\" src=\"https:\/\/www.satiricon.be\/wp-content\/uploads\/2015\/11\/Mode-Muntu-Le-Calendrier-lunaire.jpg\" alt=\"46x57, Calendrier lunaire, un p\u00e8re explique \u00e0 son fils le calendrier lunaire, aimait expliquer sa peinture, expos\u00e9 japon, mons, paris\" width=\"274\" height=\"350\" srcset=\"https:\/\/www.satiricon.be\/wp-content\/uploads\/2015\/11\/Mode-Muntu-Le-Calendrier-lunaire.jpg 274w, https:\/\/www.satiricon.be\/wp-content\/uploads\/2015\/11\/Mode-Muntu-Le-Calendrier-lunaire-235x300.jpg 235w\" sizes=\"(max-width: 274px) 100vw, 274px\" \/><\/a><\/p>\n<p style=\"text-align: center;\"><em>Le Calendrier lunaire Luba<\/em>, 1979, 46 x 57 cm (Collection Meir Levy Bruxelles)<\/p>\n<p>Plus largement, Micha\u00ebl De Plaen s\u2019est donn\u00e9 pour mission de faire reconna\u00eetre internationalement le dynamisme et l\u2019originalit\u00e9 de l\u2019activit\u00e9 artistique au Congo.<\/p>\n<p>Ses recherches \u00e0 travers trois continents se sont notamment vues reconnues par la Fondation Cartier pour les arts contemporains qui a fait appel \u00e0 lui pour identifier et collecter des \u0153uvres de Mode Muntu dans le cadre de l\u2019exposition \u00ab\u00a0Beaut\u00e9 Congo-1926-2015-Congo Kitoko\u00a0\u00bb et pour r\u00e9diger un article int\u00e9gr\u00e9 dans le catalogue.<\/p>\n<p>Dans <strong><em>Mode Muntu<\/em><\/strong>, un magnifique livre d\u2019art paru chez Prisme \u00c9dition \u00e0 Bruxelles, il fait d\u00e9couvrir un peintre \u00e0 l\u2019\u0153uvre inclassable. Hors de toute forme de conformisme, dans le contexte mouvant de la R\u00e9publique D\u00e9mocratique du Congo du milieu du XX<sup>e<\/sup>\u00a0si\u00e8cle, l\u2019artiste a ouvert la voie \u00e0 un art pictural original au fondement de sa culture.<\/p>\n<p style=\"text-align: center;\"><a href=\"https:\/\/www.satiricon.be\/wp-content\/uploads\/2015\/11\/Mode-Muntu-L\u2019Entraide.jpg\"><img loading=\"lazy\" class=\"size-full wp-image-10910 aligncenter\" src=\"https:\/\/www.satiricon.be\/wp-content\/uploads\/2015\/11\/Mode-Muntu-L\u2019Entraide.jpg\" alt=\"Mode Muntu (L\u2019Entraide)\" width=\"224\" height=\"350\" srcset=\"https:\/\/www.satiricon.be\/wp-content\/uploads\/2015\/11\/Mode-Muntu-L\u2019Entraide.jpg 224w, https:\/\/www.satiricon.be\/wp-content\/uploads\/2015\/11\/Mode-Muntu-L\u2019Entraide-192x300.jpg 192w\" sizes=\"(max-width: 224px) 100vw, 224px\" \/><\/a><em>L\u2019Entraide<\/em>, 1980. Huile sur toile, 94 x 60\u00a0cm Collection Micha\u00ebl De Plaen \u00a9 Mode Muntu Photo \u00a9 Micha\u00ebl De Plaen<\/p>\n<p>Un bien bel ouvrage pour une bien belle \u0153uvre\u00a0!<\/p>\n<p><strong>P\u00c9TRONE<\/strong><\/p>\n<p><strong><em>Mode Muntu<\/em><\/strong> par Michel De Plaen, Bruxelles, Prisme \u00c9dition, ouvrage bilingue (fran\u00e7ais-anglais), novembre\u00a02015, 256\u00a0pp. en quadrichromie au format 24\u00a0x\u00a030\u00a0cm sous couverture cartonn\u00e9e en couleurs, 49\u00a0\u20ac<\/p>\n<p><a href=\"#_ftnref1\" name=\"_ftn1\">[1]<\/a> De son vrai nom Ngoy Mukulu Muntu, il commen\u00e7a \u00e0 peindre en 1954 au sein de l&rsquo;Acad\u00e9mie des Beaux-Arts d&rsquo;\u00c9lisabethville fond\u00e9e et dirig\u00e9e depuis 1951 par le peintre et p\u00e9dagogue belge Laurent Moonens (1911-1991) avec le souci de pr\u00e9server l&rsquo;authenticit\u00e9 de l&rsquo;art congolais. L&rsquo;\u00e9cole d&rsquo;\u00c9lisabethville, future \u00e9cole de Lubumbashi, rassemblait des artistes reconnus internationalement comme Pilipili Mulongoy (1914-2007), Bela Sara et Mwenze Kibwanga.<\/p>\n","protected":false},"excerpt":{"rendered":"<p>Le photographe belge Micha\u00ebl De Plaen est n\u00e9 en 1979 \u00e0 Lubumbashi (R.D.C.). Form\u00e9 \u00e0 l\u2019Institut Saint-Luc de Li\u00e8ge, il s\u2019est sp\u00e9cialis\u00e9 dans la reproduction photographique d\u2019\u0153uvres d\u2019art et il occupe une grande partie de son temps \u00e0 amener au grand jour le travail de Mode Muntu (1940-1985), peintre qu\u2019il a c\u00f4toy\u00e9 enfant au sein [&hellip;]<\/p>\n","protected":false},"author":2,"featured_media":0,"comment_status":"closed","ping_status":"open","sticky":false,"template":"","format":"standard","meta":[],"categories":[54,11],"tags":[],"_links":{"self":[{"href":"https:\/\/www.satiricon.be\/index.php?rest_route=\/wp\/v2\/posts\/10909"}],"collection":[{"href":"https:\/\/www.satiricon.be\/index.php?rest_route=\/wp\/v2\/posts"}],"about":[{"href":"https:\/\/www.satiricon.be\/index.php?rest_route=\/wp\/v2\/types\/post"}],"author":[{"embeddable":true,"href":"https:\/\/www.satiricon.be\/index.php?rest_route=\/wp\/v2\/users\/2"}],"replies":[{"embeddable":true,"href":"https:\/\/www.satiricon.be\/index.php?rest_route=%2Fwp%2Fv2%2Fcomments&post=10909"}],"version-history":[{"count":3,"href":"https:\/\/www.satiricon.be\/index.php?rest_route=\/wp\/v2\/posts\/10909\/revisions"}],"predecessor-version":[{"id":10915,"href":"https:\/\/www.satiricon.be\/index.php?rest_route=\/wp\/v2\/posts\/10909\/revisions\/10915"}],"wp:attachment":[{"href":"https:\/\/www.satiricon.be\/index.php?rest_route=%2Fwp%2Fv2%2Fmedia&parent=10909"}],"wp:term":[{"taxonomy":"category","embeddable":true,"href":"https:\/\/www.satiricon.be\/index.php?rest_route=%2Fwp%2Fv2%2Fcategories&post=10909"},{"taxonomy":"post_tag","embeddable":true,"href":"https:\/\/www.satiricon.be\/index.php?rest_route=%2Fwp%2Fv2%2Ftags&post=10909"}],"curies":[{"name":"wp","href":"https:\/\/api.w.org\/{rel}","templated":true}]}}