{"id":10950,"date":"2015-11-24T13:39:42","date_gmt":"2015-11-24T11:39:42","guid":{"rendered":"http:\/\/www.satiricon.be\/?p=10950"},"modified":"2015-11-24T13:55:00","modified_gmt":"2015-11-24T11:55:00","slug":"la-musique-creuse-le-ciel-charles-baudelaire","status":"publish","type":"post","link":"https:\/\/www.satiricon.be\/?p=10950","title":{"rendered":"\u00ab\u00a0La musique creuse le ciel.\u00a0\u00bb (Charles Baudelaire)"},"content":{"rendered":"<p><a href=\"https:\/\/www.satiricon.be\/wp-content\/uploads\/2015\/11\/Chagall-et-la-musique.jpg\"><img loading=\"lazy\" class=\"size-full wp-image-10952 aligncenter\" src=\"https:\/\/www.satiricon.be\/wp-content\/uploads\/2015\/11\/Chagall-et-la-musique.jpg\" alt=\"Chagall et la musique\" width=\"246\" height=\"350\" srcset=\"https:\/\/www.satiricon.be\/wp-content\/uploads\/2015\/11\/Chagall-et-la-musique.jpg 246w, https:\/\/www.satiricon.be\/wp-content\/uploads\/2015\/11\/Chagall-et-la-musique-211x300.jpg 211w\" sizes=\"(max-width: 246px) 100vw, 246px\" \/><\/a><\/p>\n<p>Historienne d\u2019art, Ambre Gauthier est charg\u00e9e des expositions et des recherches \u00e0 la Fondation Marc Chagall.<\/p>\n<p>Elle a fait para\u00eetre chez Gallimard \u00e0 Paris, dans la collection \u00ab\u00a0D\u00e9couvertes\u00a0\u00bb, un joli petit ouvrage intitul\u00e9 <strong><em>Chagall et la musique<\/em><\/strong>, intelligemment con\u00e7u et superbement illustr\u00e9.<\/p>\n<p>\u00c9coutons-la\u00a0:<\/p>\n<p>\u00ab\u00a0Omnipr\u00e9sente dans l&rsquo;\u0153uvre de Marc Chagall (1887-1985), la musique est intimement li\u00e9e au contexte familial de l&rsquo;artiste n\u00e9 \u00e0 Vitebsk, en Russie blanche, dans une famille juive hassidique. Les liens qu&rsquo;il entretient avec la musique prennent tout leur sens avec les cr\u00e9ations sc\u00e9niques pour lesquelles il r\u00e9alise d\u00e9cors et costumes\u00a0: <em>Le Th\u00e9\u00e2tre d&rsquo;art juif<\/em> (1919-1920), les ballets <em>Aleko<\/em> (1942), <em>L&rsquo;Oiseau de feu<\/em> (1945), <em>Daphnis et Chlo\u00e9<\/em> (1958) et <em>La Fl\u00fbte enchant\u00e9e<\/em> (1967).<\/p>\n<p>Les \u0153uvres monumentales de Chagall, dont le plafond de l&rsquo;Op\u00e9ra de Paris (1964) ou les fresques du <em>Metropolitan Opera<\/em> du <em>Lincoln Canter<\/em> de New York (1966), t\u00e9moignent de sa conception d&rsquo;un art total dans laquelle les voix donn\u00e9es \u00e0 l&rsquo;espace architectural et \u00e0 la musique universelle transforment ces sublimes compositions en \u0153uvres intemporelles qui ne cessent de nous interpeller.\u00a0\u00bb<\/p>\n<p>Pour comm\u00e9morer les trente ans du d\u00e9c\u00e8s de l\u2019artiste, deux expositions sont organis\u00e9es \u00e0 Paris jusqu\u2019au 31\u00a0janvier 2016, l\u2019une \u00e0 la Philharmonie (\u00ab\u00a0Marc Chagall\u00a0: le triomphe de la musique\u00a0\u00bb, dont la commissaire n\u2019est autre qu\u2019Ambre Gauthier), l\u2019autre \u00e0 la piscine de Roubaix (\u00ab\u00a0Marc Chagall\u00a0: les sources de la musique\u00a0\u00bb), et l&rsquo;ouvrage dont nous parlons en constitue le catalogue.<\/p>\n<p>Avis aux aficionados\u00a0!<\/p>\n<p style=\"text-align: center;\"><a href=\"https:\/\/www.satiricon.be\/wp-content\/uploads\/2015\/11\/Marc-Chagall-L\u2019Homme-\u00e0-la-t\u00eate-renvers\u00e9e.jpg\"><img loading=\"lazy\" class=\"aligncenter size-full wp-image-10951\" src=\"https:\/\/www.satiricon.be\/wp-content\/uploads\/2015\/11\/Marc-Chagall-L\u2019Homme-\u00e0-la-t\u00eate-renvers\u00e9e.jpg\" alt=\"Marc Chagall, L\u2019Homme \u00e0 la t\u00eate renvers\u00e9e\" width=\"292\" height=\"350\" srcset=\"https:\/\/www.satiricon.be\/wp-content\/uploads\/2015\/11\/Marc-Chagall-L\u2019Homme-\u00e0-la-t\u00eate-renvers\u00e9e.jpg 292w, https:\/\/www.satiricon.be\/wp-content\/uploads\/2015\/11\/Marc-Chagall-L\u2019Homme-\u00e0-la-t\u00eate-renvers\u00e9e-250x300.jpg 250w\" sizes=\"(max-width: 292px) 100vw, 292px\" \/><\/a><\/p>\n<p style=\"text-align: center;\">Marc Chagall, <em>L\u2019Homme \u00e0 la t\u00eate renvers\u00e9e<\/em>, 1919<\/p>\n<p style=\"text-align: center;\">Collection particuli\u00e8re \u00a9 Adagp, Paris 2015 \u2013 Chagall \u00ae<\/p>\n<p><strong>P\u00c9TRONE<\/strong><\/p>\n<p><strong><em>Chagall et la musique<\/em><\/strong> par Ambre Gauthier, Paris, \u00c9ditions Gallimard, collection \u00ab\u00a0D\u00e9couvertes\u00a0\u00bb, octobre\u00a02015, 48\u00a0pp. en quadrichromie au format 12,5\u00a0x\u00a017,5\u00a0cm sous couverture Int\u00e9gra en couleurs, 8,90\u00a0\u20ac (prix France)<\/p>\n<p style=\"text-align: center;\"><strong><u>Renseignements pratiques concernant les expositions\u00a0:<\/u><\/strong><\/p>\n<p><strong>PHILHARMONIE DE PARIS<\/strong><\/p>\n<p>221, avenue Jean-Jaur\u00e8s<\/p>\n<p>75019 Paris<\/p>\n<p><u>Horaires\u00a0:<\/u><\/p>\n<p>Du mardi au vendredi de 12h \u00e0 18h<\/p>\n<p>Le samedi et le dimanche de 10h \u00e0 18h<\/p>\n<p>En soir\u00e9e les jours de repr\u00e9sentation<\/p>\n<p>Ferm\u00e9 le lundi, le 25 d\u00e9cembre et le 1<sup>er<\/sup> janvier<\/p>\n<p><u>Renseignements\u00a0:<\/u><\/p>\n<p>Par t\u00e9l\u00e9phone au 01 44 84 44 84, du lundi au samedi de 11h \u00e0 19h\u00a0; le dimanche de 11h \u00e0 18h<\/p>\n<p><u>Tarifs\u00a0:<\/u><\/p>\n<p>Plein tarif\u00a0: 10 \u20ac<\/p>\n<p>R\u00e9ductions \u00e9ventuelles\u00a0: consulter le site \u00e0 l\u2019adresse suivante\u00a0:<\/p>\n<p><a href=\"http:\/\/philharmoniedeparis.fr\/fr\/tarifs-et-offres\/tarifs-et-reductions\">http:\/\/philharmoniedeparis.fr\/fr\/tarifs-et-offres\/tarifs-et-reductions<\/a><\/p>\n<p><u>Contact groupes\u00a0:<\/u><\/p>\n<p>Par mail \u00e0 l\u2019adresse <a href=\"mailto:groupes@philharmoniedeparis.fr\">groupes@philharmoniedeparis.fr<\/a><\/p>\n<p>Par t\u00e9l\u00e9phone au 01 44 84 44 84<\/p>\n<p><u>Contact \u00e9ducation\u00a0:<\/u><\/p>\n<p>Par mail \u00e0 l\u2019adresse <a href=\"mailto:education@philharmoniedeparis.fr\">education@philharmoniedeparis.fr<\/a><\/p>\n<p>Par t\u00e9l\u00e9phone au 01 44 84 44 84<\/p>\n<p><u>Contact publics handicap\u00e9s\u00a0:<\/u><\/p>\n<p>Par mail \u00e0 l\u2019adresse <a href=\"mailto:handicap@philharmoniedeparis.fr\">handicap@philharmoniedeparis.fr<\/a><\/p>\n<p>Par t\u00e9l\u00e9phone au 01 44 84 44 84<\/p>\n<p>Afin de pr\u00e9parer votre venue et de faciliter les contr\u00f4les li\u00e9s au plan Vigipirate renforc\u00e9 \u00e0 la Philharmonie de Paris, il vous est demand\u00e9 de vous pr\u00e9senter aux entr\u00e9es en avance.<\/p>\n<p><strong>PISCINE DE ROUBAIX<\/strong><\/p>\n<p>23, rue de l&rsquo;Esp\u00e9rance<\/p>\n<p>59100 Roubaix<\/p>\n<p><u>Horaires\u00a0:<\/u><\/p>\n<p>Du mardi au jeudi, de 11h \u00e0 18h<\/p>\n<p>Le vendredi, de 11h \u00e0 20h00<\/p>\n<p>Le week-end, de 13h \u00e0 18h00<\/p>\n<p>Fermeture le lundi, le 25 d\u00e9cembre et le 1<sup>er<\/sup> janvier<\/p>\n<p><u>Tarifs\u00a0:<\/u><\/p>\n<p>Plein tarif\u00a0: 10 \u20ac<\/p>\n<p>Tarif r\u00e9duit\u00a0: 7 \u20ac<\/p>\n<p><u>Renseignements\u00a0:<\/u><\/p>\n<p>T\u00e9l.\u00a0: + 33 (0)3 20 69 23 60 + taper le 4<\/p>\n<p>Fax\u00a0: + 33 (0)3 20 69 23 61<\/p>\n<p><a href=\"mailto:lapiscine.musee@ville-roubaix.fr\">lapiscine.musee@ville-roubaix.fr<\/a><\/p>\n<p><u>R\u00e9servations\u00a0:<\/u><\/p>\n<p><em>Visites, animations et parcours avec prom\u00e8ne-carnet\u00a0:<\/em><\/p>\n<p>Naima Ladrouz<\/p>\n<p>T\u00e9l.\u00a0: + 33 (0)3 20 69 23 67 (du mardi au vendredi de 09h30 \u00e0 12h30 \u2013 de 14h00 \u00e0 17h30)<\/p>\n<p>Fax\u00a0: + 33 (0)3 20 69 23 61<\/p>\n<p><a href=\"mailto:musee.publics@ville-roubaix.fr\">musee.publics@ville-roubaix.fr<\/a><\/p>\n<p><em>Centres sociaux et centres de loisirs\u00a0:<\/em><\/p>\n<p>Jean-Luc Houz\u00e9<\/p>\n<p>T\u00e9l.\u00a0: + 33 (0)3 20 69 92 29<\/p>\n<p><a href=\"mailto:jhouze@ville-roubaix.fr\">jhouze@ville-roubaix.fr<\/a><\/p>\n<p><em>Conception de projets<\/em><em>\u2028[publics scolaires et associatifs]\u00a0:<\/em><\/p>\n<p>Florence T\u00e9telain<\/p>\n<p>T\u00e9l.\u00a0: + 33 (0)3 20 69 23 64<\/p>\n<p>Fax\u00a0: + 33 (0)3 20 69 23 61<\/p>\n<p><a href=\"mailto:ftetelain@ville-roubaix.fr\">ftetelain@ville-roubaix.fr<\/a><\/p>\n","protected":false},"excerpt":{"rendered":"<p>Historienne d\u2019art, Ambre Gauthier est charg\u00e9e des expositions et des recherches \u00e0 la Fondation Marc Chagall. Elle a fait para\u00eetre chez Gallimard \u00e0 Paris, dans la collection \u00ab\u00a0D\u00e9couvertes\u00a0\u00bb, un joli petit ouvrage intitul\u00e9 Chagall et la musique, intelligemment con\u00e7u et superbement illustr\u00e9. \u00c9coutons-la\u00a0: \u00ab\u00a0Omnipr\u00e9sente dans l&rsquo;\u0153uvre de Marc Chagall (1887-1985), la musique est intimement li\u00e9e [&hellip;]<\/p>\n","protected":false},"author":2,"featured_media":0,"comment_status":"closed","ping_status":"open","sticky":false,"template":"","format":"standard","meta":[],"categories":[12,54,58],"tags":[],"_links":{"self":[{"href":"https:\/\/www.satiricon.be\/index.php?rest_route=\/wp\/v2\/posts\/10950"}],"collection":[{"href":"https:\/\/www.satiricon.be\/index.php?rest_route=\/wp\/v2\/posts"}],"about":[{"href":"https:\/\/www.satiricon.be\/index.php?rest_route=\/wp\/v2\/types\/post"}],"author":[{"embeddable":true,"href":"https:\/\/www.satiricon.be\/index.php?rest_route=\/wp\/v2\/users\/2"}],"replies":[{"embeddable":true,"href":"https:\/\/www.satiricon.be\/index.php?rest_route=%2Fwp%2Fv2%2Fcomments&post=10950"}],"version-history":[{"count":3,"href":"https:\/\/www.satiricon.be\/index.php?rest_route=\/wp\/v2\/posts\/10950\/revisions"}],"predecessor-version":[{"id":10955,"href":"https:\/\/www.satiricon.be\/index.php?rest_route=\/wp\/v2\/posts\/10950\/revisions\/10955"}],"wp:attachment":[{"href":"https:\/\/www.satiricon.be\/index.php?rest_route=%2Fwp%2Fv2%2Fmedia&parent=10950"}],"wp:term":[{"taxonomy":"category","embeddable":true,"href":"https:\/\/www.satiricon.be\/index.php?rest_route=%2Fwp%2Fv2%2Fcategories&post=10950"},{"taxonomy":"post_tag","embeddable":true,"href":"https:\/\/www.satiricon.be\/index.php?rest_route=%2Fwp%2Fv2%2Ftags&post=10950"}],"curies":[{"name":"wp","href":"https:\/\/api.w.org\/{rel}","templated":true}]}}