{"id":11475,"date":"2016-02-22T20:30:24","date_gmt":"2016-02-22T18:30:24","guid":{"rendered":"http:\/\/www.satiricon.be\/?p=11475"},"modified":"2016-02-22T20:31:19","modified_gmt":"2016-02-22T18:31:19","slug":"au-coeur-des-pierres","status":"publish","type":"post","link":"https:\/\/www.satiricon.be\/?p=11475","title":{"rendered":"Au c\u0153ur des pierres\u2026"},"content":{"rendered":"<p><a href=\"https:\/\/www.satiricon.be\/?attachment_id=11476\" rel=\"attachment wp-att-11476\"><img loading=\"lazy\" class=\"aligncenter size-full wp-image-11476\" src=\"https:\/\/www.satiricon.be\/wp-content\/uploads\/2016\/02\/Romantisme-\u2013-M\u00e9lancolie-des-pierres-.jpg\" alt=\"Romantisme \u2013 M\u00e9lancolie des pierres\" width=\"262\" height=\"350\" srcset=\"https:\/\/www.satiricon.be\/wp-content\/uploads\/2016\/02\/Romantisme-\u2013-M\u00e9lancolie-des-pierres-.jpg 262w, https:\/\/www.satiricon.be\/wp-content\/uploads\/2016\/02\/Romantisme-\u2013-M\u00e9lancolie-des-pierres--225x300.jpg 225w\" sizes=\"(max-width: 262px) 100vw, 262px\" \/><\/a><\/p>\n<p>Professeur d&rsquo;histoire de l&rsquo;art, journaliste, conf\u00e9rencier et, depuis 2011, directeur scientifique de la Fondation Pierre Arnaud <a href=\"#_ftn1\" name=\"_ftnref1\">[1]<\/a>, Christophe Flubacher a dirig\u00e9 la r\u00e9alisation de l\u2019ouvrage collectif intitul\u00e9 <strong><em>Romantisme \u2013 M\u00e9lancolie des pierres<\/em><\/strong> paru chez Fabre \u00e0 Lausanne, splendide catalogue de la magnifique exposition \u00e9ponyme organis\u00e9e sous sa houlette par cette Fondation \u00e0 Lens, sur le plateau de Crans-Montana, en Suisse.<\/p>\n<p>\u00c9coutons sa pr\u00e9sentation\u00a0:<\/p>\n<p>\u00ab\u00a0La vague romantique d\u00e9ferle sur l&rsquo;Europe dans les derni\u00e8res d\u00e9cennies du XVIII<sup>e<\/sup>\u00a0si\u00e8cle. Venue d&rsquo;Allemagne et d&rsquo;Angleterre, elle bouleverse fondamentalement les conceptions artistiques, tant litt\u00e9raires que musicales et picturales. Aux canons classiques, le romantisme oppose la libert\u00e9 individuelle de l&rsquo;artiste. \u00c0 la primaut\u00e9 de la raison, il substitue l&rsquo;expression des passions et des sentiments.<\/p>\n<p>Cette nouvelle approche s&rsquo;accompagne d&rsquo;une conscience aig\u00fce de la destin\u00e9e humaine et de la condition \u00e9ph\u00e9m\u00e8re de toute chose, y compris la nature dans ce qu&rsquo;elle a de plus indestructible de prime abord\u00a0: la pierre. Hommes et pierres sont ainsi li\u00e9s par un m\u00eame destin, celui qui conduit \u00e0 la ruine et ram\u00e8ne tout \u00e0 la poussi\u00e8re.<\/p>\n<p>Cette exposition et cet ouvrage mettent en sc\u00e8ne ce double drame, en deux actes.<\/p>\n<p>L&rsquo;histoire s&rsquo;ouvre sur les cimes rocheuses et les fl\u00e8ches des cath\u00e9drales. L&rsquo;homme y appara\u00eet sous les traits du h\u00e9ros. Il gravit les sommets, domine la nature et \u00e9l\u00e8ve des monuments spectaculaires. La seconde partie raconte la lente, mais in\u00e9luctable d\u00e9gradation\u00a0: montagnes \u00e9rod\u00e9es par les intemp\u00e9ries, b\u00e2timents tomb\u00e9s en ruines. Premi\u00e8re victime de l&rsquo;\u0153uvre du temps, l&rsquo;homme, h\u00e9ros d\u00e9chu, repose d\u00e9sormais sous une pierre devenue sa tombe.<\/p>\n<p>Autour de cette th\u00e9matique originale et in\u00e9dite, sont rassembl\u00e9es des \u0153uvres de grands artistes romantiques europ\u00e9ens\u00a0: Th\u00e9odore G\u00e9ricault, Francisco Goya, Gustave Dor\u00e9, Johann Heinrich F\u00fcssli, Victor Hugo, Johann Wolfgang von Goethe, Philips James Loutherbourg, John Ruskin, Carl Friedrich Lessing, Caspar Wolf, Giambattista Piran\u00e8se, Alexandre Calame, Carl Gustav Carus, Fran\u00e7ois Diday&#8230;\u00a0\u00bb<\/p>\n<p>Tant il est vrai que, comme l\u2019a \u00e9crit Garcia Lorca, que \u00ab\u00a0la pierre est un dos fait pour porter le temps\u2026\u00a0\u00bb<\/p>\n<p><strong>P\u00c9TRONE<\/strong><\/p>\n<p><strong><em>Romantisme \u2013 M\u00e9lancolie des pierres<\/em><\/strong> par Christophe Flubacher, C\u00e4sar Menz et Ma\u00eflis Favre, pr\u00e9face de Daniel Salzmann Lausanne, \u00c9ditions Favre, f\u00e9vrier\u00a02016, 176\u00a0pp. en quadrichromie au format 18,2\u00a0x\u00a024\u00a0cm sous couverture broch\u00e9e en couleurs et \u00e0 rabats, 19\u00a0\u20ac (prix France)<\/p>\n<p><strong><u>Informations sur l\u2019exposition\u00a0:<\/u><\/strong><\/p>\n<p>Jusqu\u2019au 17\u00a0avril 2016<\/p>\n<p><strong><em>Adresse\u00a0:<\/em><\/strong><\/p>\n<p>Fondation Pierre Arnaud<\/p>\n<p>1, route de Crans<\/p>\n<p>1978 Lens, Suisse<\/p>\n<p>Case Postale 39<\/p>\n<p>T\u00e9l. + 41 (0)27 483 46 10<\/p>\n<p><a href=\"mailto:info@fondationpa.ch\">info@fondationpa.ch<\/a><\/p>\n<p><strong><em>Horaires\u00a0:<\/em><\/strong><\/p>\n<p>Centre d\u2019art (durant les expositions)<\/p>\n<p>Du mercredi au dimanche de 10h00 \u00e0 19h00<\/p>\n<p>Fermeture le lundi et le mardi.<\/p>\n<p><a href=\"#_ftnref1\" name=\"_ftn1\">[1]<\/a> Cette Fondation d\u2019utilit\u00e9 publique, \u00e9tablie en 2007 en m\u00e9moire du collectionneur et m\u00e9c\u00e8ne Pierre Arnaud, a pour objectif de promouvoir les beaux-arts tout en mettant sp\u00e9cifiquement en relief la peinture suisse qu\u2019elle pr\u00e9sente dans un contexte europ\u00e9en. Elle a construit, g\u00e8re et finance un Centre d\u2019art \u00e0 Lens afin d\u2019y organiser un programme international d\u2019expositions temporaires et de divers \u00e9v\u00e9nements culturels.<\/p>\n","protected":false},"excerpt":{"rendered":"<p>Professeur d&rsquo;histoire de l&rsquo;art, journaliste, conf\u00e9rencier et, depuis 2011, directeur scientifique de la Fondation Pierre Arnaud [1], Christophe Flubacher a dirig\u00e9 la r\u00e9alisation de l\u2019ouvrage collectif intitul\u00e9 Romantisme \u2013 M\u00e9lancolie des pierres paru chez Fabre \u00e0 Lausanne, splendide catalogue de la magnifique exposition \u00e9ponyme organis\u00e9e sous sa houlette par cette Fondation \u00e0 Lens, sur le [&hellip;]<\/p>\n","protected":false},"author":2,"featured_media":0,"comment_status":"closed","ping_status":"open","sticky":false,"template":"","format":"standard","meta":[],"categories":[12,54,58,11],"tags":[],"_links":{"self":[{"href":"https:\/\/www.satiricon.be\/index.php?rest_route=\/wp\/v2\/posts\/11475"}],"collection":[{"href":"https:\/\/www.satiricon.be\/index.php?rest_route=\/wp\/v2\/posts"}],"about":[{"href":"https:\/\/www.satiricon.be\/index.php?rest_route=\/wp\/v2\/types\/post"}],"author":[{"embeddable":true,"href":"https:\/\/www.satiricon.be\/index.php?rest_route=\/wp\/v2\/users\/2"}],"replies":[{"embeddable":true,"href":"https:\/\/www.satiricon.be\/index.php?rest_route=%2Fwp%2Fv2%2Fcomments&post=11475"}],"version-history":[{"count":2,"href":"https:\/\/www.satiricon.be\/index.php?rest_route=\/wp\/v2\/posts\/11475\/revisions"}],"predecessor-version":[{"id":11479,"href":"https:\/\/www.satiricon.be\/index.php?rest_route=\/wp\/v2\/posts\/11475\/revisions\/11479"}],"wp:attachment":[{"href":"https:\/\/www.satiricon.be\/index.php?rest_route=%2Fwp%2Fv2%2Fmedia&parent=11475"}],"wp:term":[{"taxonomy":"category","embeddable":true,"href":"https:\/\/www.satiricon.be\/index.php?rest_route=%2Fwp%2Fv2%2Fcategories&post=11475"},{"taxonomy":"post_tag","embeddable":true,"href":"https:\/\/www.satiricon.be\/index.php?rest_route=%2Fwp%2Fv2%2Ftags&post=11475"}],"curies":[{"name":"wp","href":"https:\/\/api.w.org\/{rel}","templated":true}]}}