{"id":11668,"date":"2016-03-25T19:14:24","date_gmt":"2016-03-25T17:14:24","guid":{"rendered":"http:\/\/www.satiricon.be\/?p=11668"},"modified":"2016-03-25T19:36:12","modified_gmt":"2016-03-25T17:36:12","slug":"quel-premier-communiant-na-reve-detre-pape-francois-mitterrand","status":"publish","type":"post","link":"https:\/\/www.satiricon.be\/?p=11668","title":{"rendered":"\u00ab Quel premier communiant n&rsquo;a r\u00eav\u00e9 d&rsquo;\u00eatre pape ? \u00bb (Fran\u00e7ois Mitterrand)"},"content":{"rendered":"<p><a href=\"https:\/\/www.satiricon.be\/?attachment_id=11669\" rel=\"attachment wp-att-11669\"><img loading=\"lazy\" class=\"aligncenter size-full wp-image-11669\" src=\"https:\/\/www.satiricon.be\/wp-content\/uploads\/2016\/03\/Dictionnaire-des-papes.jpg\" alt=\"Dictionnaire des papes\" width=\"220\" height=\"350\" srcset=\"https:\/\/www.satiricon.be\/wp-content\/uploads\/2016\/03\/Dictionnaire-des-papes.jpg 220w, https:\/\/www.satiricon.be\/wp-content\/uploads\/2016\/03\/Dictionnaire-des-papes-189x300.jpg 189w\" sizes=\"(max-width: 220px) 100vw, 220px\" \/><\/a><\/p>\n<p>Professeur \u00e0 l&rsquo;Universit\u00e9 de Reims pendant 27\u00a0ans, Ivan Gobry (n\u00e9 en 1927) a aussi \u00e9t\u00e9 membre du conseil scientifique de l&rsquo;Universit\u00e9 de la Citoyennet\u00e9 europ\u00e9enne (Conseil de l&rsquo;Europe) et professeur \u00e0 l&rsquo;Institut catholique de Paris.<\/p>\n<p>C\u2019est un m\u00e9di\u00e9viste et un philosophe r\u00e9put\u00e9, sp\u00e9cialiste entre autres de l&rsquo;histoire de l&rsquo;\u00c9glise et de ses institutions, sur lesquelles il a publi\u00e9 de nombreux ouvrages.<\/p>\n<p>Dans l\u2019\u00e9dition 2013, augment\u00e9e et mise \u00e0 jour, de son <strong><em>Dictionnaire des papes<\/em><\/strong> paru chez Pygmalion \u00e0 Paris, il dresse le portrait de tous les papes, des plus obscurs aux plus brillants, qui se sont succ\u00e9d\u00e9 sur le tr\u00f4ne de saint Pierre, depuis ce dernier jusqu\u2019\u00e0 l\u2019av\u00e8nement de Fran\u00e7ois.<\/p>\n<p>Chaque notice comprend leurs dates de naissance et de mort, les dates de leur pontificat, la pr\u00e9sentation des \u00e9v\u00e9nements majeurs de leur r\u00e8gne, et l\u2019ensemble est r\u00e9dig\u00e9 avec la plus stricte objectivit\u00e9 historique.<\/p>\n<p>L\u2019ouvrage est compl\u00e9t\u00e9 de cartes, de la liste chronologique des papes et des antipapes avec les dates de leur pontificat, d\u2019explications sur la fonction papale et cardinalice, sur la \u00ab\u00a0proph\u00e9tie des papes\u00a0\u00bb et sur la papesse Jeanne.<\/p>\n<p>L\u2019occasion d\u2019en savoir plus sur les 23 Jean, les 16 Beno\u00eet, les 16 Gr\u00e9goire, les 14 Cl\u00e9ment, les 13 L\u00e9on, les 13 Innocent, les 12 Pie, les 9 Boniface, les 9 \u00c9tienne, les 8 Alexandre, les 8 Urbain, les 6 Paul, les 5 Martin, les 5 F\u00e9lix, les 5 C\u00e9lestin, les 4 Serge, les 4 Sylvestre, les 3 Calixte les 3 Victor ou les 2 Jean-Paul qui ont presque tous coiff\u00e9 la tiare, mais aussi sur des personnages r\u00e9pondant aux noms pittoresques d\u2019Agapet, de Clet, de Conon, d\u2019Eutychien, d\u2019Honorius, de Vigile, de Zozime\u2026<\/p>\n<p><strong>P\u00c9TRONE<\/strong><\/p>\n<p><strong><em>Dictionnaire des papes<\/em><\/strong> par Ivan Gobry, Paris, \u00c9ditions Pygmalion, juin\u00a02013, 537\u00a0pp. en noir et blanc + 8\u00a0pp. en quadrichromie au format 15,4\u00a0x\u00a024\u00a0cm sous couverture broch\u00e9e en couleurs, 19,90\u00a0\u20ac (prix France)<\/p>\n","protected":false},"excerpt":{"rendered":"<p>Professeur \u00e0 l&rsquo;Universit\u00e9 de Reims pendant 27\u00a0ans, Ivan Gobry (n\u00e9 en 1927) a aussi \u00e9t\u00e9 membre du conseil scientifique de l&rsquo;Universit\u00e9 de la Citoyennet\u00e9 europ\u00e9enne (Conseil de l&rsquo;Europe) et professeur \u00e0 l&rsquo;Institut catholique de Paris. C\u2019est un m\u00e9di\u00e9viste et un philosophe r\u00e9put\u00e9, sp\u00e9cialiste entre autres de l&rsquo;histoire de l&rsquo;\u00c9glise et de ses institutions, sur lesquelles [&hellip;]<\/p>\n","protected":false},"author":2,"featured_media":0,"comment_status":"closed","ping_status":"open","sticky":false,"template":"","format":"standard","meta":[],"categories":[57,46,11],"tags":[],"_links":{"self":[{"href":"https:\/\/www.satiricon.be\/index.php?rest_route=\/wp\/v2\/posts\/11668"}],"collection":[{"href":"https:\/\/www.satiricon.be\/index.php?rest_route=\/wp\/v2\/posts"}],"about":[{"href":"https:\/\/www.satiricon.be\/index.php?rest_route=\/wp\/v2\/types\/post"}],"author":[{"embeddable":true,"href":"https:\/\/www.satiricon.be\/index.php?rest_route=\/wp\/v2\/users\/2"}],"replies":[{"embeddable":true,"href":"https:\/\/www.satiricon.be\/index.php?rest_route=%2Fwp%2Fv2%2Fcomments&post=11668"}],"version-history":[{"count":1,"href":"https:\/\/www.satiricon.be\/index.php?rest_route=\/wp\/v2\/posts\/11668\/revisions"}],"predecessor-version":[{"id":11670,"href":"https:\/\/www.satiricon.be\/index.php?rest_route=\/wp\/v2\/posts\/11668\/revisions\/11670"}],"wp:attachment":[{"href":"https:\/\/www.satiricon.be\/index.php?rest_route=%2Fwp%2Fv2%2Fmedia&parent=11668"}],"wp:term":[{"taxonomy":"category","embeddable":true,"href":"https:\/\/www.satiricon.be\/index.php?rest_route=%2Fwp%2Fv2%2Fcategories&post=11668"},{"taxonomy":"post_tag","embeddable":true,"href":"https:\/\/www.satiricon.be\/index.php?rest_route=%2Fwp%2Fv2%2Ftags&post=11668"}],"curies":[{"name":"wp","href":"https:\/\/api.w.org\/{rel}","templated":true}]}}