{"id":12284,"date":"2016-07-21T20:00:46","date_gmt":"2016-07-21T18:00:46","guid":{"rendered":"http:\/\/www.satiricon.be\/?p=12284"},"modified":"2016-07-21T20:00:46","modified_gmt":"2016-07-21T18:00:46","slug":"belgitude-a-litalienne","status":"publish","type":"post","link":"https:\/\/www.satiricon.be\/?p=12284","title":{"rendered":"Belgitude \u00e0 l\u2019italienne\u2026"},"content":{"rendered":"<p><a href=\"https:\/\/www.satiricon.be\/?attachment_id=12285\" rel=\"attachment wp-att-12285\"><img loading=\"lazy\" class=\"aligncenter size-full wp-image-12285\" src=\"https:\/\/www.satiricon.be\/wp-content\/uploads\/2016\/07\/Cest-mon-histoire-par-Fr\u00e9d\u00e9ric-Fran\u00e7ois.jpg\" alt=\"C'est mon histoire par Fr\u00e9d\u00e9ric Fran\u00e7ois\" width=\"228\" height=\"350\" srcset=\"https:\/\/www.satiricon.be\/wp-content\/uploads\/2016\/07\/Cest-mon-histoire-par-Fr\u00e9d\u00e9ric-Fran\u00e7ois.jpg 228w, https:\/\/www.satiricon.be\/wp-content\/uploads\/2016\/07\/Cest-mon-histoire-par-Fr\u00e9d\u00e9ric-Fran\u00e7ois-195x300.jpg 195w\" sizes=\"(max-width: 228px) 100vw, 228px\" \/><\/a><\/p>\n<p>Sortie l\u2019ann\u00e9e du 70<sup>e<\/sup> anniversaire de l\u2019immigration italienne en Belgique, l\u2019autobiographie de Fr\u00e9d\u00e9ric Fran\u00e7ois, l\u2019un des trois chanteurs italo-belges embl\u00e9matiques et \u00e0 la carri\u00e8re internationale p\u00e9renne \u2013 les deux autres \u00e9tant Salvatore Adamo et Frank Micha\u00ebl \u2013 s\u2019intitule <strong><em>C\u2019est mon histoire<\/em><\/strong> (Waterloo, La Renaissance du livre) et elle va bien au-del\u00e0 du simple r\u00e9cit anecdotique.<\/p>\n<p>Car si Fr\u00e9d\u00e9ric Fran\u00e7ois, c&rsquo;est plus de 350 chansons, 35 millions de disques vendus, 85 disques d&rsquo;or et pr\u00e8s de 50 ans de carri\u00e8re, c&rsquo;est aussi, et surtout, un homme qui, en d\u00e9pit des difficult\u00e9s, a plong\u00e9 ses racines dans son histoire familiale et personnelle ainsi que dans son milieu social et culturel pour s&rsquo;accrocher \u00e0 ses r\u00eaves, \u00e0 ses ambitions, et s&rsquo;imposer comme un des plus c\u00e9l\u00e8bres chanteurs francophones de ces quatre derni\u00e8res d\u00e9cennies.<\/p>\n<p>Car son destin \u00e9tait loin d&rsquo;\u00eatre trac\u00e9. Fils de mineur de charbon, le jeune Francesco Barracato \u2013 c\u2019est son vrai nom \u2013 a d\u00fb tr\u00e8s t\u00f4t quitter sa Sicile natale pour s&rsquo;installer en r\u00e9gion li\u00e9geoise.<\/p>\n<p>L&rsquo;adaptation est rude, la situation financi\u00e8re pr\u00e9caire, mais les airs napolitains fredonn\u00e9s par son p\u00e8re Giuseppe \u00e9gayent la maison familiale et cet amour de la musique est contagieux.<\/p>\n<p>\u00c0 10 ans, Francesco d\u00e9couvre le plaisir de chanter devant un public en interpr\u00e9tant <em>&lsquo;O Sole Mio<\/em> dans un caf\u00e9 li\u00e9geois.<\/p>\n<p>Une vocation est n\u00e9e, celle d&rsquo;un artiste de vari\u00e9t\u00e9s au parcours exceptionnel.<\/p>\n<p>Il le m\u00e8nera jusqu\u2019\u00e0 l\u2019Olympia, en fera un chanteur \u00e0 mi(di)nettes, un <em>latin lover<\/em>, un millionnaire du disque, une vedette adul\u00e9e de la radio, de la t\u00e9l\u00e9vision et des magazines, l\u2019idole des m\u00e8res italiennes de Belgique, de France et d\u2019ailleurs, puis de leurs filles, il conna\u00eetra des hauts et des bas, il chutera dans un scandale et il se rel\u00e8vera pour \u00eatre aujourd\u2019hui, plus que jamais, le symbole \u00e9clatant d\u2019une int\u00e9gration r\u00e9ussie.<\/p>\n<p>Une excellente raison de lui lever notre Borsalino\u00a0!<\/p>\n<p><strong>P\u00c9TRONE<\/strong><\/p>\n<p><strong><em>C&rsquo;est mon histoire<\/em><\/strong> par Fr\u00e9d\u00e9ric Fran\u00e7ois avec la collaboration de Christophe Corthouts et Brice Depasse, Waterloo, La Renaissance du Livre, avril\u00a02016, 223\u00a0pp. en noir et blanc + un cahier photo de 32\u00a0pp. en quadrichromie au format 15\u00a0x\u00a023,2\u00a0cm sous couverture broch\u00e9e en couleurs, 19,90\u00a0\u20ac<\/p>\n","protected":false},"excerpt":{"rendered":"<p>Sortie l\u2019ann\u00e9e du 70e anniversaire de l\u2019immigration italienne en Belgique, l\u2019autobiographie de Fr\u00e9d\u00e9ric Fran\u00e7ois, l\u2019un des trois chanteurs italo-belges embl\u00e9matiques et \u00e0 la carri\u00e8re internationale p\u00e9renne \u2013 les deux autres \u00e9tant Salvatore Adamo et Frank Micha\u00ebl \u2013 s\u2019intitule C\u2019est mon histoire (Waterloo, La Renaissance du livre) et elle va bien au-del\u00e0 du simple r\u00e9cit anecdotique. [&hellip;]<\/p>\n","protected":false},"author":2,"featured_media":0,"comment_status":"closed","ping_status":"open","sticky":false,"template":"","format":"standard","meta":[],"categories":[77,11],"tags":[],"_links":{"self":[{"href":"https:\/\/www.satiricon.be\/index.php?rest_route=\/wp\/v2\/posts\/12284"}],"collection":[{"href":"https:\/\/www.satiricon.be\/index.php?rest_route=\/wp\/v2\/posts"}],"about":[{"href":"https:\/\/www.satiricon.be\/index.php?rest_route=\/wp\/v2\/types\/post"}],"author":[{"embeddable":true,"href":"https:\/\/www.satiricon.be\/index.php?rest_route=\/wp\/v2\/users\/2"}],"replies":[{"embeddable":true,"href":"https:\/\/www.satiricon.be\/index.php?rest_route=%2Fwp%2Fv2%2Fcomments&post=12284"}],"version-history":[{"count":1,"href":"https:\/\/www.satiricon.be\/index.php?rest_route=\/wp\/v2\/posts\/12284\/revisions"}],"predecessor-version":[{"id":12286,"href":"https:\/\/www.satiricon.be\/index.php?rest_route=\/wp\/v2\/posts\/12284\/revisions\/12286"}],"wp:attachment":[{"href":"https:\/\/www.satiricon.be\/index.php?rest_route=%2Fwp%2Fv2%2Fmedia&parent=12284"}],"wp:term":[{"taxonomy":"category","embeddable":true,"href":"https:\/\/www.satiricon.be\/index.php?rest_route=%2Fwp%2Fv2%2Fcategories&post=12284"},{"taxonomy":"post_tag","embeddable":true,"href":"https:\/\/www.satiricon.be\/index.php?rest_route=%2Fwp%2Fv2%2Ftags&post=12284"}],"curies":[{"name":"wp","href":"https:\/\/api.w.org\/{rel}","templated":true}]}}