{"id":12680,"date":"2016-10-19T17:11:42","date_gmt":"2016-10-19T15:11:42","guid":{"rendered":"http:\/\/www.satiricon.be\/?p=12680"},"modified":"2016-10-19T17:12:34","modified_gmt":"2016-10-19T15:12:34","slug":"traitre-et-fier-de-letre","status":"publish","type":"post","link":"https:\/\/www.satiricon.be\/?p=12680","title":{"rendered":"Tra\u00eetre, et fier de l\u2019\u00eatre\u2026"},"content":{"rendered":"<p><a href=\"https:\/\/www.satiricon.be\/?attachment_id=12681\" rel=\"attachment wp-att-12681\"><img loading=\"lazy\" class=\"aligncenter size-full wp-image-12681\" src=\"https:\/\/www.satiricon.be\/wp-content\/uploads\/2016\/10\/Degrelle-1906-1994.jpg\" alt=\"degrelle-1906-1994\" width=\"225\" height=\"350\" srcset=\"https:\/\/www.satiricon.be\/wp-content\/uploads\/2016\/10\/Degrelle-1906-1994.jpg 225w, https:\/\/www.satiricon.be\/wp-content\/uploads\/2016\/10\/Degrelle-1906-1994-193x300.jpg 193w\" sizes=\"(max-width: 225px) 100vw, 225px\" \/><\/a><\/p>\n<p>Philosophe de formation, ancien \u00e9diteur <a href=\"#_ftn1\" name=\"_ftnref1\">[1]<\/a> et enseignant <a href=\"#_ftn2\" name=\"_ftnref2\">[2]<\/a>, Arnaud de la Croix qui est d\u00e9j\u00e0 l&rsquo;auteur, aux \u00c9ditions Racine \u00e0 Bruxelles, d&rsquo;<em>Hitler et la franc-ma\u00e7onnerie<\/em>, des <em>Illuminati<\/em> et de <em>La Religion d&rsquo;Hitler<\/em>, vient de faire para\u00eetre dans la m\u00eame maison et sous un titre laconique, <strong><em>Degrelle 1906-1994<\/em><\/strong>, la premi\u00e8re biographie politique d\u2019importance du \u00ab\u00a0beau L\u00e9on\u00a0\u00bb, l\u2019arch\u00e9type en Belgique de la trahison sous toutes ses formes (id\u00e9ologique, militaire, raciste, opportuniste et crapuleuse) durant la Seconde Guerre mondiale.<\/p>\n<p>Voici la pr\u00e9sentation de l\u2019ouvrage fournie par les \u00c9ditions Racine\u00a0:<\/p>\n<p>\u00ab\u00a0Cette premi\u00e8re biographie compl\u00e8te explique comment un jeune catholique, dou\u00e9 pour l&rsquo;\u00e9criture comme pour la parole, finit dans la peau du dernier grand chef nazi.<\/p>\n<p>Arnaud de la Croix a men\u00e9 une enqu\u00eate approfondie sur l&rsquo;attirance pr\u00e9coce de L\u00e9on Degrelle pour la po\u00e9sie et son int\u00e9r\u00eat, d\u00e8s l&rsquo;adolescence, pour l&rsquo;autoritarisme (D&rsquo;Annunzio, Mussolini) comme pour le nationalisme (Maurras), et sur sa v\u00e9ritable fascination pour le F\u00fchrer jusqu&rsquo;\u00e0 son exil en Espagne.<\/p>\n<p>Il met \u00e9galement au jour nombre de d\u00e9tails in\u00e9dits, fait la part des choses et d\u00e9crit avec pr\u00e9cision les relations de Degrelle avec des personnages hors du commun comme monseigneur Picard, Herg\u00e9, l&rsquo;abb\u00e9 Wallez, le cardinal Van Roey, le roi L\u00e9opold\u00a0III, Paul Van Zeeland ou Paul-Henri Spaak. Mais aussi Goebbels, Himmler et Hitler.\u00a0\u00bb<\/p>\n<p>On pourrait y ajouter le nom du publiciste et romancier Robert Poulet, homme du roi cit\u00e9 \u00e0 diverses reprises, sans qu\u2019il soit fait mention de leur clash fameux cons\u00e9cutif du discours de Degrelle sur la germanit\u00e9 des Wallons (Li\u00e8ge, 17\u00a0janvier 1943), ouvrant la voie \u00e0 l\u2019\u00e9clatement de la Belgique en deux <em>Gaue<\/em>, \u00c9tats satellites du Reich, Degrelle se voyant <em>ipso facto<\/em> futur Gauleiter de Wallonie, mais le cas de l\u2019\u00e9crivain li\u00e9geois est une autre histoire \u00e0 \u00e9crire\u2026<\/p>\n<p>La science d\u2019Arnaud de la Croix est grande, et son expos\u00e9 ne manque ni d\u2019intelligence, ni de perspicacit\u00e9, ni de mesure, une jolie performance intellectuelle s\u2019agissant de voir clair dans le jeu brouill\u00e9 d\u2019un criminel mythomane, roublard et sans vergogne.<\/p>\n<p>Cet essai passionnant, qui se penche aussi sur les magouilles politiques de l&rsquo;establishment d&rsquo;avant-guerre, se compl\u00e8te d\u2019un avant-propos de l\u2019historien belge Alain Colignon <a href=\"#_ftn3\" name=\"_ftnref3\">[3]<\/a>, d\u2019une postface du Fran\u00e7ais Jean-Louis Vullierme <a href=\"#_ftn4\" name=\"_ftnref4\">[4]<\/a>, d\u2019un index d\u00e9taill\u00e9 et d\u2019une vaste bibliographie \u2013 on y regrettera n\u00e9anmoins l\u2019absence de trois ouvrages de l\u2019historien Eddy De Bruyne, sp\u00e9cialiste s\u2019il en est de la collaboration rexiste, \u00e0 savoir <em>L\u00e9on Degrelle et la L\u00e9gion Wallonie\u00a0: la fin d\u2019une l\u00e9gende<\/em> (Luc Pire, 2013), <em>Les commandos wallons d\u2019Hitler <\/em>(Luc Pire, 2014), tous deux \u00e9dit\u00e9s par votre serviteur, ainsi que son <em>Encyclop\u00e9die de l\u2019Occupation, de la Collaboration et de l\u2019Ordre Nouveau en Belgique francophone<\/em> (Cercle Segnia, La Roche, 2016) \u2013, le tout constituant d\u00e9sormais <u>la<\/u> r\u00e9f\u00e9rence incontournable sur le bouillant Bouillonnais.<\/p>\n<p>Chapeau\u00a0!<\/p>\n<p><strong>P\u00c9TRONE<\/strong><\/p>\n<p><strong><em>Degrelle 1906-1994<\/em><\/strong> par Arnaud de la Croix, avant-propos d\u2019Alain Colignon, postface de Jean-Louis Vullierme, Bruxelles, \u00c9ditions Racine, septembre\u00a02016, 224\u00a0pp. en noir et blanc + 1 cahier photos de 8\u00a0pp. \u00a0en quadrichromie au format 15,5\u00a0x\u00a024\u00a0cm sous couverture broch\u00e9e en couleurs, 19,95\u00a0\u20ac<\/p>\n<p><a href=\"#_ftnref1\" name=\"_ftn1\">[1]<\/a> Aux \u00e9ditions Le Cri, Duculot, Casterman et Le Lombard.<\/p>\n<p><a href=\"#_ftnref2\" name=\"_ftn2\">[2]<\/a> \u00c0 l&rsquo;Acad\u00e9mie royale des Beaux-Arts de Bruxelles.<\/p>\n<p><a href=\"#_ftnref3\" name=\"_ftn3\">[3]<\/a> Attach\u00e9 au Centre d\u2019\u00e9tudes et de documentation Guerre et Soci\u00e9t\u00e9s contemporaines (Cegesoma) \u00e0 Bruxelles.<\/p>\n<p><a href=\"#_ftnref4\" name=\"_ftn4\">[4]<\/a> Agr\u00e9g\u00e9 de philosophie, docteur d&rsquo;\u00c9tat en droit et docteur en philosophie politique, ancien professeur \u00e0 la Sorbonne.<\/p>\n","protected":false},"excerpt":{"rendered":"<p>Par P\u00e9trone.<\/p>\n","protected":false},"author":2,"featured_media":0,"comment_status":"closed","ping_status":"open","sticky":false,"template":"","format":"standard","meta":[],"categories":[77,51,11],"tags":[],"_links":{"self":[{"href":"https:\/\/www.satiricon.be\/index.php?rest_route=\/wp\/v2\/posts\/12680"}],"collection":[{"href":"https:\/\/www.satiricon.be\/index.php?rest_route=\/wp\/v2\/posts"}],"about":[{"href":"https:\/\/www.satiricon.be\/index.php?rest_route=\/wp\/v2\/types\/post"}],"author":[{"embeddable":true,"href":"https:\/\/www.satiricon.be\/index.php?rest_route=\/wp\/v2\/users\/2"}],"replies":[{"embeddable":true,"href":"https:\/\/www.satiricon.be\/index.php?rest_route=%2Fwp%2Fv2%2Fcomments&post=12680"}],"version-history":[{"count":2,"href":"https:\/\/www.satiricon.be\/index.php?rest_route=\/wp\/v2\/posts\/12680\/revisions"}],"predecessor-version":[{"id":12683,"href":"https:\/\/www.satiricon.be\/index.php?rest_route=\/wp\/v2\/posts\/12680\/revisions\/12683"}],"wp:attachment":[{"href":"https:\/\/www.satiricon.be\/index.php?rest_route=%2Fwp%2Fv2%2Fmedia&parent=12680"}],"wp:term":[{"taxonomy":"category","embeddable":true,"href":"https:\/\/www.satiricon.be\/index.php?rest_route=%2Fwp%2Fv2%2Fcategories&post=12680"},{"taxonomy":"post_tag","embeddable":true,"href":"https:\/\/www.satiricon.be\/index.php?rest_route=%2Fwp%2Fv2%2Ftags&post=12680"}],"curies":[{"name":"wp","href":"https:\/\/api.w.org\/{rel}","templated":true}]}}