{"id":13221,"date":"2017-02-14T21:59:31","date_gmt":"2017-02-14T19:59:31","guid":{"rendered":"http:\/\/www.satiricon.be\/?p=13221"},"modified":"2017-02-14T21:59:31","modified_gmt":"2017-02-14T19:59:31","slug":"tout-persecute-nos-idees-a-commencer-par-notre-cerveau-emil-michel-cioran","status":"publish","type":"post","link":"https:\/\/www.satiricon.be\/?p=13221","title":{"rendered":"\u00ab Tout pers\u00e9cute nos id\u00e9es, \u00e0 commencer par notre cerveau. \u00bb (Emil Michel Cioran)"},"content":{"rendered":"<p><a href=\"https:\/\/www.satiricon.be\/?attachment_id=13222\" rel=\"attachment wp-att-13222\"><img loading=\"lazy\" class=\"aligncenter size-full wp-image-13222\" src=\"https:\/\/www.satiricon.be\/wp-content\/uploads\/2017\/02\/Trait\u00e9-de-neurolinguistique.jpg\" alt=\"Trait\u00e9 de neurolinguistique\" width=\"267\" height=\"350\" srcset=\"https:\/\/www.satiricon.be\/wp-content\/uploads\/2017\/02\/Trait\u00e9-de-neurolinguistique.jpg 267w, https:\/\/www.satiricon.be\/wp-content\/uploads\/2017\/02\/Trait\u00e9-de-neurolinguistique-229x300.jpg 229w\" sizes=\"(max-width: 267px) 100vw, 267px\" \/><\/a><\/p>\n<p>La neurolinguistique \u00e9tudie le fonctionnement c\u00e9r\u00e9bral des grandes fonctions langagi\u00e8res.<\/p>\n<p>S\u2019adressant au public des professionnels et des \u00e9tudiants en m\u00e9decine, en neurosciences, en sciences du langage, en psychologie, en sciences cognitives, et en orthophonie, le <strong><em>Trait\u00e9 de neurolinguistique \u2013 Du cerveau au langage<\/em><\/strong>, un ouvrage collectif sous la direction de Serge Pinto <a href=\"#_ftn1\" name=\"_ftnref1\">[1]<\/a> &amp; Marc Sato <a href=\"#_ftn2\" name=\"_ftnref2\">[2]<\/a> paru \u00e0 Louvain-la-Neuve aux \u00c9ditions De Boeck Sup\u00e9rieur en explore tous les aspects, chez le sujet sain et pathologique, depuis l&rsquo;anatomie jusqu&rsquo;\u00e0 la clinique.<\/p>\n<p>Cette science vise \u00e0 comprendre les liens entre le fonctionnement c\u00e9r\u00e9bral et le comportement langagier. En \u00e9tudiant les relations entre le cerveau et le langage, les chercheurs en neurolinguistique tentent de comprendre l\u2019architecture anatomo-fonctionnelle des grandes fonctions langagi\u00e8res.<\/p>\n<p>Gr\u00e2ce \u00e0 l\u2019av\u00e8nement des techniques d\u2019imagerie c\u00e9r\u00e9brale fonctionnelle, au d\u00e9veloppement des neurochirurgies fonctionnelles et \u00e0 la mod\u00e9lisation neuromim\u00e9tique, la neurolinguistique est une discipline en perp\u00e9tuelle \u00e9volution.<\/p>\n<p>R\u00e9dig\u00e9 par les meilleurs sp\u00e9cialistes francophones \u0153uvrant dans l\u2019Hexagone, en Belgique, en Suisse, au Qu\u00e9bec et en Espagne, cet ouvrage de r\u00e9f\u00e9rence pr\u00e9sente de mani\u00e8re exhaustive les diff\u00e9rentes th\u00e9matiques et les r\u00e9centes d\u00e9couvertes en neurolinguistique.<\/p>\n<p>Les auteurs reviennent sur l\u2019histoire de cette discipline, abordent les bases anatomiques, physiologiques et c\u00e9r\u00e9brales indispensables en neurolinguistique et pr\u00e9sentent les principaux axes de recherche fondamentale avant de d\u00e9crire les troubles de la parole et du langage (en lien avec le vieillissement, la surdit\u00e9, le b\u00e9gaiement, l\u2019apraxie, l\u2019aphasie, la dyslexie, les dysgraphies, les troubles de la communication, les hallucinations auditives, les d\u00e9mences corticales\u2026)<\/p>\n<p>La table des mati\u00e8res de l\u2019ouvrage est consultable \u00e0 l\u2019adresse suivante\u00a0:<\/p>\n<p><a href=\"http:\/\/fr.calameo.com\/read\/000015856ffca8acf914f\">http:\/\/fr.calameo.com\/read\/000015856ffca8acf914f<\/a><\/p>\n<p><strong>P\u00c9TRONE<\/strong><\/p>\n<p><strong><em>Trait\u00e9 de neurolinguistique \u2013 Du cerveau au langage<\/em><\/strong>, ouvrage collectif sous la direction de Serge Pinto &amp; Marc Sato, Louvain-la-Neuve, \u00c9ditions De Boeck Sup\u00e9rieur, collection \u00ab\u00a0Neuropsychologie\u00a0\u00bb, d\u00e9cembre\u00a02016, 396\u00a0pp. en noir et blanc au format 21\u00a0x\u00a027\u00a0cm sous couverture broch\u00e9e en couleurs, 59\u00a0\u20ac<\/p>\n<p><u>Liste des auteurs\u00a0:<\/u><\/p>\n<p>Fran\u00e7ois-Xavier ALARIO, Jean-Michel ALBARET, Luc H. ARNAL, Monica BACIU, Jean-Michel BADIER, Lorraine BOUQU\u00c9, Emmanuel BARBEAU, Pascal BARONE, Mireille BESSON, Henny-Annie BIJLEVELD, Maud CHAMPAGNE-LAVAU, Val\u00e9rie CHANOINE, M\u00e9lody COURSON, J\u00e9r\u00e9my DANNA, Ghislaine DEHAENE-LAMBERTZ, Isabelle DESCHAMPS, B\u00e9atrice DESGRANGES, Julien DIARD, Eva DITTINGER, Marion DOHEN, Sophie DUFOUR, Francis EUSTACHE, Murielle FABRE, Anne-Lise GIRAUD, Krystyna GRABSKI, Romain GRANDCHAMP, B\u00e9reng\u00e8re GUILLERY-GIRARD, Michel HABIB, Michel HOEN, Elena HOYAU, Mariapaola D&rsquo;lMPERIO, Claire KABDEBON, Sonia KANDEL, Jean-Philippe LACHAUX, R\u00e9mi LAILLIER, Micka\u00ebl LAISNEY, Vincent DE LA SAYETTE, Yohana L\u00c9V\u00caQUE, H\u00e9l\u00e8ne L\u0152VENBRUCK, Mathieu MARX, Bernard MAZOYEr, Marie-Claude MONFRAIS-PFAUWADEL, Jean-Luc NESPOULOUS, Christophe PALLIER, Chotiga PATTAMADILOK, Pascal PERRIER, Marcela PERRONE-BERTOLOTTI, Laurent PETIT, Thierry PH\u00c9NIX, Serge PINTO, Samuel PLANTON, Peggy QUINETTE, Lucile RAPIN, V\u00e9ronique ROLLAND-MONNOURY, Halima SAHRAOUI, Marc SATO, Jean-Luc SCHWARTZ, Daniele SCH\u00d6N, Emmanuelle TACH\u00c9, Barbara TILLMANN, Pascale TREMBLAY, Nathalie TZOURIO-MAZOYER, Sylviane VALDOIS, Jean-Luc VELAY, Johannes ZIEGLER<\/p>\n<p><a href=\"#_ftnref1\" name=\"_ftn1\">[1]<\/a> Serge Pinto est titulaire d&rsquo;un DEA de neurosciences et docteur en neurosciences. Il est charg\u00e9 de recherche par le CNRS au laboratoire <em>Parole &amp; Langage<\/em> de l&rsquo;universit\u00e9 d&rsquo;Aix-Marseille.<\/p>\n<p><a href=\"#_ftnref2\" name=\"_ftn2\">[2]<\/a> Marc Sato est ing\u00e9nieur-ma\u00eetre en g\u00e9nie informatique, titulaire d&rsquo;un DEA de sciences cognitives et d&rsquo;un autre en neuropsychologie, et docteur en sciences cognitives. Il est actuellement charg\u00e9 de recherche par le CNRS au laboratoire <em>Parole &amp; langage<\/em> de l&rsquo;universit\u00e9 d&rsquo;Aix-Marseille.<\/p>\n","protected":false},"excerpt":{"rendered":"<p>Par P\u00e9trone.<\/p>\n","protected":false},"author":2,"featured_media":0,"comment_status":"closed","ping_status":"open","sticky":false,"template":"","format":"standard","meta":[],"categories":[49,11],"tags":[],"_links":{"self":[{"href":"https:\/\/www.satiricon.be\/index.php?rest_route=\/wp\/v2\/posts\/13221"}],"collection":[{"href":"https:\/\/www.satiricon.be\/index.php?rest_route=\/wp\/v2\/posts"}],"about":[{"href":"https:\/\/www.satiricon.be\/index.php?rest_route=\/wp\/v2\/types\/post"}],"author":[{"embeddable":true,"href":"https:\/\/www.satiricon.be\/index.php?rest_route=\/wp\/v2\/users\/2"}],"replies":[{"embeddable":true,"href":"https:\/\/www.satiricon.be\/index.php?rest_route=%2Fwp%2Fv2%2Fcomments&post=13221"}],"version-history":[{"count":1,"href":"https:\/\/www.satiricon.be\/index.php?rest_route=\/wp\/v2\/posts\/13221\/revisions"}],"predecessor-version":[{"id":13223,"href":"https:\/\/www.satiricon.be\/index.php?rest_route=\/wp\/v2\/posts\/13221\/revisions\/13223"}],"wp:attachment":[{"href":"https:\/\/www.satiricon.be\/index.php?rest_route=%2Fwp%2Fv2%2Fmedia&parent=13221"}],"wp:term":[{"taxonomy":"category","embeddable":true,"href":"https:\/\/www.satiricon.be\/index.php?rest_route=%2Fwp%2Fv2%2Fcategories&post=13221"},{"taxonomy":"post_tag","embeddable":true,"href":"https:\/\/www.satiricon.be\/index.php?rest_route=%2Fwp%2Fv2%2Ftags&post=13221"}],"curies":[{"name":"wp","href":"https:\/\/api.w.org\/{rel}","templated":true}]}}