{"id":14229,"date":"2017-09-19T10:58:10","date_gmt":"2017-09-19T08:58:10","guid":{"rendered":"http:\/\/www.satiricon.be\/?p=14229"},"modified":"2017-09-19T10:59:01","modified_gmt":"2017-09-19T08:59:01","slug":"un-chef-doeuvre-classique-mais-pas-seulement","status":"publish","type":"post","link":"https:\/\/www.satiricon.be\/?p=14229","title":{"rendered":"Un chef-d\u2019\u0153uvre classique\u2026 mais pas seulement !"},"content":{"rendered":"<p><a href=\"https:\/\/www.satiricon.be\/?attachment_id=14231\" rel=\"attachment wp-att-14231\"><img loading=\"lazy\" class=\"aligncenter size-full wp-image-14231\" src=\"https:\/\/www.satiricon.be\/wp-content\/uploads\/2017\/09\/Le-Massacre-des-Innocents-\u2013-Poussin-Picasso-Bacon-cover.jpg\" alt=\"Le Massacre des Innocents \u2013 Poussin, Picasso, Bacon (cover)\" width=\"270\" height=\"350\" srcset=\"https:\/\/www.satiricon.be\/wp-content\/uploads\/2017\/09\/Le-Massacre-des-Innocents-\u2013-Poussin-Picasso-Bacon-cover.jpg 270w, https:\/\/www.satiricon.be\/wp-content\/uploads\/2017\/09\/Le-Massacre-des-Innocents-\u2013-Poussin-Picasso-Bacon-cover-231x300.jpg 231w\" sizes=\"(max-width: 270px) 100vw, 270px\" \/><\/a><\/p>\n<p>Pierre Rosenberg est membre de l&rsquo;Acad\u00e9mie fran\u00e7aise. Ancien directeur du Louvre, il a organis\u00e9 de nombreuses expositions. Sp\u00e9cialiste de l&rsquo;art fran\u00e7ais et italien des XVII<sup>e<\/sup> et XVIII<sup>e<\/sup> si\u00e8cles, il a fait de Nicolas Poussin l&rsquo;un de ses sujets de pr\u00e9dilection.<\/p>\n<p>Il est par ailleurs l\u2019un des commissaires de l\u2019exposition <strong><em>Le Massacre des Innocents \u2013 Poussin, Picasso, Bacon <\/em><\/strong>qui se tient jusqu\u2019au 7 janvier 2018 au Jeu de Paume du ch\u00e2teau de Chantilly \u2013 riche de la deuxi\u00e8me plus importante collection de peintures anciennes apr\u00e8s le mus\u00e9e du Louvre \u2013 et il a dirig\u00e9 la publication de son catalogue paru sous le m\u00eame titre aux \u00c9ditions Flammarion \u00e0 Paris, un superbe ouvrage fort de 180 belles illustrations.<\/p>\n<p>Nicolas Poussin (1594-1665) est un peintre fran\u00e7ais du XVII<sup>e<\/sup>\u00a0si\u00e8cle, repr\u00e9sentant majeur du classicisme pictural. Form\u00e9 \u00e0 Paris, il est surtout actif \u00e0 Rome \u00e0 partir de 1624. Il a peint aussi bien des sc\u00e8nes d&rsquo;histoire que religieuses ou mythologiques, mais aussi des paysages anim\u00e9s. Sa renomm\u00e9e lui permet de devenir peintre du roi et de revenir en France entre 1640 et 1642. Il pr\u00e9f\u00e8re finalement repartir \u00e0 Rome o\u00f9 il r\u00e9side jusqu&rsquo;\u00e0 sa mort. Il est l&rsquo;un des plus grands ma\u00eetres classiques de la peinture fran\u00e7aise et son influence est consid\u00e9rable, de son vivant et jusqu&rsquo;\u00e0 nos jours.<\/p>\n<p>Outre 400 dessins, entre 220 et 260 tableaux lui sont attribu\u00e9s, parmi lesquels <em>Le Massacre des Innocents <\/em>(circa 1627-1628). <a href=\"#_ftn1\" name=\"_ftnref1\">[1]<\/a><\/p>\n<p>Cette \u0153uvre repr\u00e9sente une sc\u00e8ne du massacre des Innocents, issue du Nouveau testament et cit\u00e9e dans l&rsquo;\u00c9vangile selon Matthieu, chapitre\u00a02, versets 16-18. Il s\u2019agit du meurtre de tous les enfants de moins de deux ans dans la r\u00e9gion de Bethl\u00e9em, ordonn\u00e9 par H\u00e9rode, craignant la concurrence d&rsquo;un roi des Juifs dont la venue lui avait \u00e9t\u00e9 annonc\u00e9e par les Mages, peu apr\u00e8s la naissance de J\u00e9sus.<\/p>\n<p style=\"text-align: center\"><a href=\"https:\/\/www.satiricon.be\/?attachment_id=14230\" rel=\"attachment wp-att-14230\"><img loading=\"lazy\" class=\"aligncenter size-full wp-image-14230\" src=\"https:\/\/www.satiricon.be\/wp-content\/uploads\/2017\/09\/Le-Massacre-des-Innocents-\u2013-Poussin-Picasso-Bacon-tableau.jpg\" alt=\"Le Massacre des Innocents \u2013 Poussin, Picasso, Bacon (tableau)\" width=\"411\" height=\"350\" srcset=\"https:\/\/www.satiricon.be\/wp-content\/uploads\/2017\/09\/Le-Massacre-des-Innocents-\u2013-Poussin-Picasso-Bacon-tableau.jpg 411w, https:\/\/www.satiricon.be\/wp-content\/uploads\/2017\/09\/Le-Massacre-des-Innocents-\u2013-Poussin-Picasso-Bacon-tableau-300x255.jpg 300w\" sizes=\"(max-width: 411px) 100vw, 411px\" \/><\/a><\/p>\n<p style=\"text-align: center\"><em>Le Massacre des Innocents<\/em><\/p>\n<p style=\"text-align: center\">Huile sur toile, 147\u00a0\u00d7\u00a0171 cm<\/p>\n<p>Pablo Picasso (1881-1973) \u00e9tudiera la composition de l&rsquo;\u0153uvre lors de sa p\u00e9riode m\u00e9diterran\u00e9enne de 1920-1922, et il reprendra le personnage \u00e0 l&rsquo;\u00e9toffe bleue \u00e0 droite dans plusieurs de ses dessins. L&rsquo;attitude et la posture des femmes du tableau se retrouvent notamment dans divers personnages f\u00e9minins de Guernica. <a href=\"#_ftn2\" name=\"_ftnref2\">[2]<\/a><\/p>\n<p>L\u2019exposition se concentre sur le chef-d\u2019\u0153uvre de Nicolas Poussin. \u00c0 travers les pr\u00eats prestigieux d\u2019une cinquantaine d\u2019\u0153uvres, elle met en lumi\u00e8re sa post\u00e9rit\u00e9 en accordant une large place \u00e0 l\u2019art moderne et contemporain.<\/p>\n<p>Le visiteur y d\u00e9couvre tout d\u2019abord l\u2019histoire du tableau et de ses propri\u00e9taires, de son commanditaire italien, le marquis Vincenzo Giustiniani (1564-1637) au duc d\u2019Aumale (1822-1897), de Rome \u00e0 Chantilly en passant par Londres.<\/p>\n<p>Puis le chef-d\u2019\u0153uvre est confront\u00e9 \u00e0 des grands ma\u00eetres du XVII<sup>e<\/sup> si\u00e8cle (Guido Reni, Pietro Testa), \u00e0 une version ant\u00e9rieure du tableau provenant du Petit Palais et \u00e0 un dessin pr\u00e9paratoire.<\/p>\n<p>Le parcours se poursuit par diff\u00e9rentes interpr\u00e9tations allant du XVIII<sup>e<\/sup> au d\u00e9but du XIX<sup>e<\/sup>\u00a0si\u00e8cle (Jean-Baptiste-Marie-Pierre, L\u00e9on Cogniet).<\/p>\n<p>Les derni\u00e8res salles montrent les relectures modernes et contemporaines du <em>Massacre des Innocents<\/em>. <em>Le Charnier<\/em> (1945) de Pablo Picasso y c\u00f4toie <em>Head II<\/em> (1949) de Francis Bacon ainsi que des \u0153uvres d\u2019artistes contemporains (Henri Cueco, Jean-Michel Alberola\u2026)<\/p>\n<p>Enfin, des propositions in\u00e9dites d\u2019Annette Messager, Pierre Buraglio ou J\u00e9r\u00f4me Zonder d\u00e9montrent toute la force et l\u2019actualit\u00e9 du chef-d\u2019\u0153uvre de Chantilly.<\/p>\n<p>Un \u00e9v\u00e9nement \u00e0 ne pas manquer\u00a0!<\/p>\n<p><strong>P\u00c9TRONE<\/strong><\/p>\n<p><strong><em>Le Massacre des Innocents \u2013 Poussin, Picasso, Bacon <\/em><\/strong>sous la direction dr Pierre Rosenberg, Paris, \u00c9ditions Flammarion, septembre\u00a02017, 192\u00a0pp. en quadrichromie au format 22\u00a0x\u00a028\u00a0cm sous couverture broch\u00e9e en couleurs, 45,00\u00a0\u20ac (prix France)<\/p>\n<p><strong><u>Informations pratiques\u00a0:<\/u><\/strong><\/p>\n<p><strong><em>Lieu\u00a0:<\/em><\/strong> Salle du Jeu de Paume du Domaine de Chantilly<\/p>\n<p><strong><em>Coordonn\u00e9es\u00a0: <\/em><\/strong>En voiture, le Domaine de Chantilly est \u00e0 20 min de l\u2019a\u00e9roport Paris Charles de Gaulle et 40 km de Paris centre.<\/p>\n<p>Depuis Paris\u00a0: autoroutes A3 et\/ou A1 sortie Chantilly ou D316 et D317<\/p>\n<p>Depuis Lille et Bruxelles\u00a0: autoroute A1 sortie Senlis<\/p>\n<p><strong><em>Coordonn\u00e9es GPS (DD)\u00a0:<\/em><\/strong><\/p>\n<p>Latitude\u00a0: 49.193854<\/p>\n<p>Longitude\u00a0: 2.485316<\/p>\n<p><strong><em>Horaires\u00a0:<\/em><\/strong><\/p>\n<p>Jusqu\u2019au 1<sup>er<\/sup> novembre inclus\u00a0:<\/p>\n<p>Ouvert 7J\/7<\/p>\n<p>10h-18h \/ 20h pour le parc<\/p>\n<p>Du 2 novembre au 7 janvier inclus\u00a0:<\/p>\n<p>Tous les jours sauf le mardi<\/p>\n<p>10h30-17h \/ 18h pour le parc<\/p>\n<p><strong><em>Billets et tarifs\u00a0:<\/em><\/strong><\/p>\n<p>Exposition incluse sans suppl\u00e9ment dans le billet Domaine.<\/p>\n<p>Billet Domaine (ch\u00e2teau, parc, grandes \u00e9curies + exposition)\u00a0: 17\u20ac Plein tarif \/ 10\u20ac Tarif r\u00e9duit<\/p>\n<p>Billet Exposition + Parc\u00a0: 10\u20ac Plein tarif \/ 6\u20ac Tarif r\u00e9duit<\/p>\n<p>Visite guid\u00e9e de l&rsquo;exposition\u00a0: 3\u20ac en suppl\u00e9ment du billet d&rsquo;entr\u00e9e<\/p>\n<p>Tous les week-ends et jours f\u00e9ri\u00e9s \u00e0 11h, 15h et 16h<\/p>\n<p>Inscription sur place dans la limite de 20 personnes par cr\u00e9neau horaire<\/p>\n<p>Aucune visite guid\u00e9e le 25 d\u00e9cembre<\/p>\n<p><strong><em>Parking <\/em><\/strong>(\u00e0 r\u00e9gler sur place)\u00a0: 4\u20ac<\/p>\n<p><a href=\"#_ftnref1\" name=\"_ftn1\">[1]<\/a> Source\u00a0: <a href=\"https:\/\/fr.wikipedia.org\/wiki\/Nicolas_Poussin\">https:\/\/fr.wikipedia.org\/wiki\/Nicolas_Poussin<\/a><\/p>\n<p><a href=\"#_ftnref2\" name=\"_ftn2\">[2]<\/a> Guernica\u00a0: capitale historique et spirituelle du Pays basque, elle est particuli\u00e8rement connue pour sa destruction, le 26 avril 1937, par les aviateurs de la l\u00e9gion Condor, envoy\u00e9s par Hitler afin de soutenir le g\u00e9n\u00e9ral Franco durant la guerre civile d\u2019Espagne (1936-1939). <em>Guernica <\/em>est aussi le titre d\u2019une c\u00e9l\u00e9brissime huile sur toile monumentale de style cubiste r\u00e9alis\u00e9e entre le 1<sup>er<\/sup> mai et le 4 juin 1937, \u00e0 Paris, par Pablo Picasso pour d\u00e9noncer le bombardement de la ville, qui fit de nombreuses victimes civiles.<\/p>\n","protected":false},"excerpt":{"rendered":"<p>Par P\u00e9trone.<\/p>\n","protected":false},"author":2,"featured_media":0,"comment_status":"closed","ping_status":"open","sticky":false,"template":"","format":"standard","meta":[],"categories":[54,8,11],"tags":[],"_links":{"self":[{"href":"https:\/\/www.satiricon.be\/index.php?rest_route=\/wp\/v2\/posts\/14229"}],"collection":[{"href":"https:\/\/www.satiricon.be\/index.php?rest_route=\/wp\/v2\/posts"}],"about":[{"href":"https:\/\/www.satiricon.be\/index.php?rest_route=\/wp\/v2\/types\/post"}],"author":[{"embeddable":true,"href":"https:\/\/www.satiricon.be\/index.php?rest_route=\/wp\/v2\/users\/2"}],"replies":[{"embeddable":true,"href":"https:\/\/www.satiricon.be\/index.php?rest_route=%2Fwp%2Fv2%2Fcomments&post=14229"}],"version-history":[{"count":2,"href":"https:\/\/www.satiricon.be\/index.php?rest_route=\/wp\/v2\/posts\/14229\/revisions"}],"predecessor-version":[{"id":14233,"href":"https:\/\/www.satiricon.be\/index.php?rest_route=\/wp\/v2\/posts\/14229\/revisions\/14233"}],"wp:attachment":[{"href":"https:\/\/www.satiricon.be\/index.php?rest_route=%2Fwp%2Fv2%2Fmedia&parent=14229"}],"wp:term":[{"taxonomy":"category","embeddable":true,"href":"https:\/\/www.satiricon.be\/index.php?rest_route=%2Fwp%2Fv2%2Fcategories&post=14229"},{"taxonomy":"post_tag","embeddable":true,"href":"https:\/\/www.satiricon.be\/index.php?rest_route=%2Fwp%2Fv2%2Ftags&post=14229"}],"curies":[{"name":"wp","href":"https:\/\/api.w.org\/{rel}","templated":true}]}}