{"id":14528,"date":"2017-11-10T12:46:59","date_gmt":"2017-11-10T10:46:59","guid":{"rendered":"http:\/\/www.satiricon.be\/?p=14528"},"modified":"2017-11-10T12:46:59","modified_gmt":"2017-11-10T10:46:59","slug":"retour-aux-sources-3","status":"publish","type":"post","link":"https:\/\/www.satiricon.be\/?p=14528","title":{"rendered":"Retour aux sources\u2026"},"content":{"rendered":"<p><a href=\"https:\/\/www.satiricon.be\/?attachment_id=14529\" rel=\"attachment wp-att-14529\"><img loading=\"lazy\" class=\"aligncenter size-full wp-image-14529\" src=\"https:\/\/www.satiricon.be\/wp-content\/uploads\/2017\/11\/Dictionnaire-de-p\u00e9dagogie-.jpg\" alt=\"Dictionnaire de p\u00e9dagogie\" width=\"232\" height=\"350\" srcset=\"https:\/\/www.satiricon.be\/wp-content\/uploads\/2017\/11\/Dictionnaire-de-p\u00e9dagogie-.jpg 232w, https:\/\/www.satiricon.be\/wp-content\/uploads\/2017\/11\/Dictionnaire-de-p\u00e9dagogie--199x300.jpg 199w\" sizes=\"(max-width: 232px) 100vw, 232px\" \/><\/a><\/p>\n<p>\u00c0 l\u2019heure o\u00f9 le monde politique belge francophone se gargarise en mati\u00e8re d\u2019enseignement d\u2019un pacte \u00ab\u00a0d\u2019excellence\u00a0\u00bb qui s\u2019av\u00e8re aussi creux dans son contenu que vaniteux dans son appellation, sort \u00e0 Paris, sous le titre <strong><em>Dictionnaire de p\u00e9dagogie<\/em><\/strong>, une compilation de 250 articles extraits du gigantesque <em>Dictionnaire de p\u00e9dagogie et d\u2019instruction primaire<\/em> r\u00e9dig\u00e9 entre 1878 et 1887 sous la direction de Ferdinand Buisson (1841-1932, prix Nobel de la paix en 1927) pour la r\u00e9daction duquel il s&rsquo;entoura de plus de 350 collaborateurs et qui fut la bible des \u00ab\u00a0hussards de la R\u00e9publique\u00a0\u00bb.<\/p>\n<p>Cette somme de plus de 1000 pages en deux colonnes revient aux fondamentaux et remet \u00e0 l\u2019heure quantit\u00e9 de pendules arr\u00eat\u00e9es chez nous depuis des lustres (l\u2019\u00e9poque du passage \u00e0 l\u2019enseignement \u00ab\u00a0r\u00e9nov\u00e9\u00a0\u00bb durant la d\u00e9cennie 1970 et son capotage imm\u00e9diat, pour \u00eatre pr\u00e9cis) en raison de r\u00e9formes absconses et chim\u00e9riques (les maths modernes, la \u00ab\u00a0nouvelle docimologie\u00a0\u00bb, la grammaire g\u00e9n\u00e9rative et transformationnelle, le constructivisme int\u00e9gral\u2026) pr\u00f4n\u00e9es par des professeurs Nimbus de la p\u00e9dagogie universitaire, par des inspecteurs souvent incomp\u00e9tents et parfois v\u00e9naux (il nous revient en m\u00e9moire ceux qui imposaient aux enseignants le manuel qu\u2019ils avaient publi\u00e9) et par les vis\u00e9es d\u00e9magogiques des ministres qui se sont succ\u00e9d\u00e9 (Laurette Onkelinx garantissait par exemple en 1996 que, gr\u00e2ce \u00e0 ses r\u00e9formes\u00a0: \u00ab\u00a0Tous les \u00e9l\u00e8ves seront bilingues au sortir du secondaire en 2001\u00a0\u00bb\u2026)<\/p>\n<p>Qu\u2019on ne s\u2019y trompe pas\u00a0: il ne s\u2019agit pas de pr\u00f4ner un retour pur et simple au syst\u00e8me d\u2019enseignement d\u2019antan qui avait ses limites \u2013 ses qualit\u00e9s, aussi, en mati\u00e8re de formation orthographique notamment, loin de la catastrophe actuelle, y compris au sein du corps enseignant \u2013, mais de rappeler que si l\u2019apprenant doit \u00eatre au centre des pr\u00e9occupations de ses ma\u00eetres, toujours, il faut aussi que l\u2019\u00e9cole soit pens\u00e9e comme un tout, soutenu par tous, ouvrant \u00e0 tout, et non pas comme un syst\u00e8me dans lequel l\u2019\u00e9chec par manque de travail et d\u2019\u00e9tude, cette plaie contemporaine, m\u00e8ne de Charybde en Scylla, avec la descente aux enfers du g\u00e9n\u00e9ral vers le technique et <em>in fine <\/em>vers le professionnel jug\u00e9 comme inf\u00e2mant par les \u00e9l\u00e8ves eux-m\u00eames et par leurs familles\u2026<\/p>\n<p>Homme de gauche, Ferdinand Buisson \u00e9tait un visionnaire et les articles de son ouvrage consacr\u00e9s aux notions d\u2019autorit\u00e9, d\u2019apprentissage, d\u2019attention, de discipline, d\u2019\u00e9ducation, d\u2019\u00e9mulation, de punition, de r\u00e9compense ou de vocabulaire sont autant de rappels \u00e0 revenir \u00e0 des pratiques qui ont fait leurs preuves.<\/p>\n<p>Loin des lubies actuelles, comme celle qui veut que d\u00e9sormais, dans Ce Pays, l\u2019\u00e9l\u00e8ve arrivera en 5<sup>e<\/sup> secondaire sans redoubler, qu\u2019il \u00e9tudie ou pas, en raison de contraintes budg\u00e9taires\u2026<\/p>\n<p>Quelle mis\u00e8re\u00a0!<\/p>\n<p><strong>P\u00c9TRONE<\/strong><\/p>\n<p><strong><em>Dictionnaire de p\u00e9dagogie <\/em><\/strong>par Ferdinand Buisson, \u00e9dition dirig\u00e9e et \u00e9tablie par Patrick Dubois et Philippe Meirieu, pr\u00e9face de Pierre Nora, Paris, \u00c9ditions Robert Laffont, collection \u00ab\u00a0Bouquins\u00a0\u00bb, ao\u00fbt\u00a02016, 1056\u00a0pp. en noir et blanc au format 13\u00a0x\u00a020,5\u00a0cm sous couverture broch\u00e9e en couleurs, 32\u00a0\u20ac (prix France)<\/p>\n","protected":false},"excerpt":{"rendered":"<p>Par P\u00e9trone.<\/p>\n","protected":false},"author":2,"featured_media":0,"comment_status":"closed","ping_status":"open","sticky":false,"template":"","format":"standard","meta":[],"categories":[49,11,56],"tags":[],"_links":{"self":[{"href":"https:\/\/www.satiricon.be\/index.php?rest_route=\/wp\/v2\/posts\/14528"}],"collection":[{"href":"https:\/\/www.satiricon.be\/index.php?rest_route=\/wp\/v2\/posts"}],"about":[{"href":"https:\/\/www.satiricon.be\/index.php?rest_route=\/wp\/v2\/types\/post"}],"author":[{"embeddable":true,"href":"https:\/\/www.satiricon.be\/index.php?rest_route=\/wp\/v2\/users\/2"}],"replies":[{"embeddable":true,"href":"https:\/\/www.satiricon.be\/index.php?rest_route=%2Fwp%2Fv2%2Fcomments&post=14528"}],"version-history":[{"count":1,"href":"https:\/\/www.satiricon.be\/index.php?rest_route=\/wp\/v2\/posts\/14528\/revisions"}],"predecessor-version":[{"id":14530,"href":"https:\/\/www.satiricon.be\/index.php?rest_route=\/wp\/v2\/posts\/14528\/revisions\/14530"}],"wp:attachment":[{"href":"https:\/\/www.satiricon.be\/index.php?rest_route=%2Fwp%2Fv2%2Fmedia&parent=14528"}],"wp:term":[{"taxonomy":"category","embeddable":true,"href":"https:\/\/www.satiricon.be\/index.php?rest_route=%2Fwp%2Fv2%2Fcategories&post=14528"},{"taxonomy":"post_tag","embeddable":true,"href":"https:\/\/www.satiricon.be\/index.php?rest_route=%2Fwp%2Fv2%2Ftags&post=14528"}],"curies":[{"name":"wp","href":"https:\/\/api.w.org\/{rel}","templated":true}]}}