{"id":15653,"date":"2018-04-25T20:07:33","date_gmt":"2018-04-25T18:07:33","guid":{"rendered":"http:\/\/www.satiricon.be\/?p=15653"},"modified":"2018-04-25T20:51:35","modified_gmt":"2018-04-25T18:51:35","slug":"en-politique-on-succede-a-des-imbeciles-et-on-est-remplace-par-des-incapables-georges-clemenceau","status":"publish","type":"post","link":"https:\/\/www.satiricon.be\/?p=15653","title":{"rendered":"\u00ab En politique, on succ\u00e8de \u00e0 des imb\u00e9ciles et on est remplac\u00e9 par des incapables. \u00bb (Georges Clemenceau)"},"content":{"rendered":"<p><a href=\"https:\/\/www.satiricon.be\/?attachment_id=15654\" rel=\"attachment wp-att-15654\"><img loading=\"lazy\" class=\"aligncenter size-full wp-image-15654\" src=\"https:\/\/www.satiricon.be\/wp-content\/uploads\/2018\/04\/Clemenceau-\u2013-\u00c9dition-du-centenaire.jpg\" alt=\"\" width=\"224\" height=\"350\" srcset=\"https:\/\/www.satiricon.be\/wp-content\/uploads\/2018\/04\/Clemenceau-\u2013-\u00c9dition-du-centenaire.jpg 224w, https:\/\/www.satiricon.be\/wp-content\/uploads\/2018\/04\/Clemenceau-\u2013-\u00c9dition-du-centenaire-192x300.jpg 192w\" sizes=\"(max-width: 224px) 100vw, 224px\" \/><\/a><\/p>\n<p>Professeur \u00e9m\u00e9rite \u00e0 Sciences Po, Michel Winock est l&rsquo;auteur d&rsquo;une \u0153uvre consid\u00e9rable qui lui vaut d&rsquo;\u00eatre reconnu comme l&rsquo;un des meilleurs historiens et biographes actuels.<\/p>\n<p>Il a fait para\u00eetre chez Perrin \u00e0 Paris, sous-titr\u00e9e \u00ab\u00a0<strong><em>\u00c9dition du centenaire<\/em><\/strong>\u00a0\u00bb, une luxueuse version nouvelle, revue, actualis\u00e9e, augment\u00e9e et enrichie d&rsquo;un cahier iconographique suppl\u00e9mentaire de sa biographie de Georges <strong><em>Clemenceau <\/em><\/strong>(1841-1929) publi\u00e9e en version princeps chez le m\u00eame \u00e9diteur en 2007 <a href=\"#_ftn1\" name=\"_ftnref1\">[1]<\/a> puis dans la collection de poche \u00ab\u00a0Tempus\u00a0\u00bb en 2011.<\/p>\n<p>M\u00e9decin, homme intransigeant plus tard ami de Claude Monet, maire r\u00e9publicain et antimonarchiste du XVIII<sup>e\u00a0<\/sup>arrondissement de Paris durant la guerre de 1870 (\u00e9poque o\u00f9 il rompit d\u00e9finitivement avec Jules Ferry), d\u00e9put\u00e9 de la Seine en 1871 sur les listes de l\u2019Union r\u00e9publicaine, il tenta en vain de jouer les interm\u00e9diaires entre la Commune et les Versaillais, puis fut \u00e9lu conseiller municipal de Paris en 1871 et en 1874 avant d\u2019\u00eatre choisi comme pr\u00e9sident du conseil municipal de cette ville en 1875 et de remporter un si\u00e8ge de d\u00e9put\u00e9 radical (d\u2019extr\u00eame gauche, donc) de la capitale fran\u00e7aise en 1876 jusqu\u2019en 1893.<\/p>\n<p>Ardent d\u00e9fenseur de la s\u00e9paration des \u00c9glises et de l\u2019\u00c9tat, militant opini\u00e2tre en faveur de l\u2019amnistie des Communards, adversaire du colonialisme et de l\u2019imp\u00e9rialisme pr\u00f4n\u00e9s par Jules Ferry autant que de l\u2019anarchisme violent, orateur brillant et f\u00e9roce \u2013 ce talent lui permit de faire tomber quantit\u00e9 de minist\u00e8res \u2013 dreyfusard de choc aux c\u00f4t\u00e9s d\u2019\u00c9mile Zola, Georges Clemenceau fut s\u00e9nateur de 1902 \u00e0 1906, puis ministre de l\u2019Int\u00e9rieur appel\u00e9 \u00e0 envoyer une troupe de 20\u00a0000 soldats le 20\u00a0mars 1906 pour calmer des gr\u00e9vistes \u00e0 Lens, ce qui l\u2019amena \u00e0 rompre avec la gauche socialiste, r\u00e9volutionnaire et syndicaliste.<\/p>\n<p>Pr\u00e9sident du Conseil de 1906 \u00e0 1909, il ferrailla contre le pape et l\u2019\u00c9glise catholique, mais celui que l\u2019on surnommait alors le \u00ab\u00a0premier flic de France\u00a0\u00bb <a href=\"#_ftn2\" name=\"_ftnref2\">[2]<\/a> fut confront\u00e9 en 1907 et 1908 \u00e0 d\u2019autres gr\u00e8ves dures dans lesquelles des personnes p\u00e9rirent et qui l\u2019amen\u00e8rent \u00e0 agir avec poigne, ce qui lui valut de se brouiller avec Jean Jaur\u00e8s.<\/p>\n<p>Redevenu Pr\u00e9sident du Conseil le 16 novembre 1917 \u00a0<a href=\"#_ftn3\" name=\"_ftnref3\">[3]<\/a>, il fut un chef de guerre habile et inflexible, ce qui lui valut un second surnom, celui de \u00ab\u00a0P\u00e8re la Victoire\u00a0\u00bb, et il fut l\u2019un des artisans du trait\u00e9 de Versailles sign\u00e9 le 28\u00a0juin 1919. Il pr\u00e9senta la d\u00e9mission de son cabinet le 17\u00a0janvier 1920 et quitta la politique, notamment pour voyager, avant de s\u2019\u00e9teindre le 24\u00a0novembre 1929 des suites d\u2019une crise d\u2019ur\u00e9mie.<\/p>\n<p>On lui doit un grand nombre de bons mots \u2013 parfois tr\u00e8s f\u00e9roces \u2013 rest\u00e9s \u00e0 la post\u00e9rit\u00e9\u00a0:<\/p>\n<p>\u00ab\u00a0On ne ment jamais tant qu&rsquo;avant les \u00e9lections, pendant la guerre et apr\u00e8s la chasse.\u00a0\u00bb<\/p>\n<p>Au sujet de Georges Mandel, son directeur de cabinet\u00a0:\u00ab\u00a0Quand je p\u00e8te, c&rsquo;est lui qui pue.\u00a0\u00bb<\/p>\n<p>\u00c0 Paul Deschanel, qui lui demandait de \u00ab\u00a0solutionner\u00a0\u00bb un probl\u00e8me\u00a0: \u00ab\u00a0Nous voulons bien essayer de solutionner votre probl\u00e8me, mais il faudrait d&rsquo;abord nous l&rsquo;explicationner\u00a0\u00bb.<\/p>\n<p>\u00c0 propos du mar\u00e9chal Lyautey, dont les m\u0153urs \u00e9taient bien connues\u00a0: \u00ab\u00a0Voil\u00e0 un homme admirable, courageux, qui a toujours eu des couilles au cul\u2026 m\u00eame quand ce n&rsquo;\u00e9taient pas les siennes\u00a0\u00bb.<\/p>\n<p>\u00ab\u00a0Donnez-moi quarante trous du cul et je vous fais une Acad\u00e9mie fran\u00e7aise.\u00a0\u00bb<\/p>\n<p>\u00ab\u00a0Toute tol\u00e9rance devient \u00e0 la longue un droit acquis.\u00a0\u00bb<\/p>\n<p>Enfin, d\u2019aucuns disent que ses derni\u00e8res volont\u00e9s \u00e9taient\u00a0: \u00ab\u00a0Pour mes obs\u00e8ques, je ne veux que le strict minimum, c&rsquo;est-\u00e0-dire moi.\u00a0\u00bb<\/p>\n<p><strong>P\u00c9TRONE<\/strong><\/p>\n<p>&nbsp;<\/p>\n<p><strong><em>Clemenceau \u2013 \u00c9dition du centenaire <\/em><\/strong>par Michel Winock, Paris, \u00c9ditions Perrin, novembre\u00a02017, 570\u00a0pp. en noir et blanc + 2 cahiers de 8\u00a0pp. en quadrichromie au format 16,5\u00a0x\u00a024,8\u00a0cm sous couverture cartonn\u00e9e et jaquette en couleurs, 35\u00a0\u20ac (prix France)<\/p>\n<p><a href=\"#_ftnref1\" name=\"_ftn1\">[1]<\/a> Elle fut couronn\u00e9e par le prix Aujourd&rsquo;hui.<\/p>\n<p><a href=\"#_ftnref2\" name=\"_ftn2\">[2]<\/a> Il soutint la cr\u00e9ation de la Police scientifique par Alphonse Bertillon et des brigades r\u00e9gionales mobiles (dites \u00ab\u00a0Brigades du Tigre\u00a0\u00bb) par C\u00e9lestin Hennion, nomm\u00e9 \u00e0 la t\u00eate de la nouvelle S\u00fbret\u00e9 g\u00e9n\u00e9rale qui cr\u00e9a un fichier des r\u00e9cidivistes et un service d&rsquo;archives.<\/p>\n<p><a href=\"#_ftnref3\" name=\"_ftn3\">[3]<\/a> Poste que le Tigre occupa jusqu\u2019au 18 janvier 1920.<\/p>\n","protected":false},"excerpt":{"rendered":"<p>Par P\u00e9trone.<\/p>\n","protected":false},"author":2,"featured_media":0,"comment_status":"closed","ping_status":"open","sticky":false,"template":"","format":"standard","meta":[],"categories":[77,11],"tags":[],"_links":{"self":[{"href":"https:\/\/www.satiricon.be\/index.php?rest_route=\/wp\/v2\/posts\/15653"}],"collection":[{"href":"https:\/\/www.satiricon.be\/index.php?rest_route=\/wp\/v2\/posts"}],"about":[{"href":"https:\/\/www.satiricon.be\/index.php?rest_route=\/wp\/v2\/types\/post"}],"author":[{"embeddable":true,"href":"https:\/\/www.satiricon.be\/index.php?rest_route=\/wp\/v2\/users\/2"}],"replies":[{"embeddable":true,"href":"https:\/\/www.satiricon.be\/index.php?rest_route=%2Fwp%2Fv2%2Fcomments&post=15653"}],"version-history":[{"count":2,"href":"https:\/\/www.satiricon.be\/index.php?rest_route=\/wp\/v2\/posts\/15653\/revisions"}],"predecessor-version":[{"id":15656,"href":"https:\/\/www.satiricon.be\/index.php?rest_route=\/wp\/v2\/posts\/15653\/revisions\/15656"}],"wp:attachment":[{"href":"https:\/\/www.satiricon.be\/index.php?rest_route=%2Fwp%2Fv2%2Fmedia&parent=15653"}],"wp:term":[{"taxonomy":"category","embeddable":true,"href":"https:\/\/www.satiricon.be\/index.php?rest_route=%2Fwp%2Fv2%2Fcategories&post=15653"},{"taxonomy":"post_tag","embeddable":true,"href":"https:\/\/www.satiricon.be\/index.php?rest_route=%2Fwp%2Fv2%2Ftags&post=15653"}],"curies":[{"name":"wp","href":"https:\/\/api.w.org\/{rel}","templated":true}]}}