{"id":16474,"date":"2018-10-31T18:19:23","date_gmt":"2018-10-31T16:19:23","guid":{"rendered":"http:\/\/www.satiricon.be\/?p=16474"},"modified":"2018-10-31T19:47:21","modified_gmt":"2018-10-31T17:47:21","slug":"sans-le-pouvoir-les-ideaux-ne-peuvent-etre-realises-avec-le-pouvoir-ils-survivent-rarement-fidel-castro","status":"publish","type":"post","link":"https:\/\/www.satiricon.be\/?p=16474","title":{"rendered":"\u00ab Sans le pouvoir, les id\u00e9aux ne peuvent \u00eatre r\u00e9alis\u00e9s\u00a0; avec le pouvoir, ils survivent rarement. \u00bb (Fidel Castro)"},"content":{"rendered":"<p><a href=\"https:\/\/www.satiricon.be\/?attachment_id=16475\" rel=\"attachment wp-att-16475\"><img loading=\"lazy\" class=\"aligncenter size-full wp-image-16475\" src=\"https:\/\/www.satiricon.be\/wp-content\/uploads\/2018\/10\/Cuba-\u2013-Lhistoire-dune-\u00eele-rebelle.jpg\" alt=\"\" width=\"231\" height=\"350\" srcset=\"https:\/\/www.satiricon.be\/wp-content\/uploads\/2018\/10\/Cuba-\u2013-Lhistoire-dune-\u00eele-rebelle.jpg 231w, https:\/\/www.satiricon.be\/wp-content\/uploads\/2018\/10\/Cuba-\u2013-Lhistoire-dune-\u00eele-rebelle-198x300.jpg 198w\" sizes=\"(max-width: 231px) 100vw, 231px\" \/><\/a><\/p>\n<p>Les \u00c9ditions de la R\u00e9publique \u00e0 Paris ont sorti en livre au format de poche et sous le m\u00eame titre le num\u00e9ro sp\u00e9cial de novembre-d\u00e9cembre 2016 de la revue fran\u00e7aise <em>Historia <\/em>consacr\u00e9 \u00e0 <strong><em>Cuba \u2013 L&rsquo;histoire d&rsquo;une \u00eele rebelle<\/em><\/strong> dans lequel des historiens et des journalistes se penchent avec autant de sagacit\u00e9 que de concision sur l\u2019histoire chaotique de l\u2019\u00eele et de ses habitants, de Colomb \u00e0 Castro, c\u2019est-\u00e0-dire du XVI<sup>e\u00a0<\/sup>si\u00e8cle \u00e0 nos jours.<\/p>\n<p>\u00ab\u00a0Bastion de l&rsquo;Empire espagnol, Cuba entame d\u00e8s le XIX<sup>e\u00a0<\/sup>si\u00e8cle une longue lutte contre le pouvoir colonial avant de tomber sous la domination am\u00e9ricaine. Seule la r\u00e9volution men\u00e9e par Fidel Castro l&rsquo;en d\u00e9livre, mais instaure \u00e0 son tour un r\u00e9gime \u00e0 la mode stalinienne, revisit\u00e9 fa\u00e7on tropiques\u00a0\u00bb, \u00e9crit le directeur de la publication, qui a aussi ouvert ses pages \u00e0 la controverse autour de la r\u00e9volution castriste entre Ignacio Ramonet, l\u2019ancien directeur du <em>Monde diplomatique<\/em>, et l\u2019exil\u00e9 cubain Jacobo Machover, ma\u00eetre de conf\u00e9rences \u00e0 l\u2019universit\u00e9 d\u2019Avignon.<\/p>\n<p><strong>P\u00c9TRONE<\/strong><\/p>\n<p><strong><em>Cuba \u2013 L&rsquo;histoire d&rsquo;une \u00eele rebelle<\/em><\/strong>, ouvrage collectif, Paris, Historia &amp; \u00c9ditions de la R\u00e9publique, mars\u00a02017, 160\u00a0pp. en noir et blanc au format 12\u00a0x\u00a018\u00a0cm sous couverture broch\u00e9e en couleurs, 12\u00a0\u20ac (prix France)<\/p>\n<p style=\"text-align: center\"><strong>TABLE DES MATI\u00c8RES<\/strong><\/p>\n<p><em>Pr\u00e9face<\/em> par Victor Battaggion<\/p>\n<p><em>Une nouvelle donne politique<\/em> par Isabelle Vagnoux<\/p>\n<p>UN BASTION DE L&rsquo;EMPIRE ESPAGNOL<\/p>\n<p><em>La cons\u00e9cration d&rsquo;un monde nouveau<\/em> par Gregorio Salinero<\/p>\n<p><em>La Havane, coffre-fort de l&rsquo;Am\u00e9rique<\/em> par Emmanuel Vincenot<\/p>\n<p><em>Les fers rouges de l&rsquo;esclavage<\/em> par \u00c9ric Roulet<\/p>\n<p><em>L&rsquo;\u00e9ph\u00e9m\u00e8re parenth\u00e8se anglaise<\/em> par Edmond Dziembowski<\/p>\n<p>LE CHEMIN VERS L&rsquo;IND\u00c9PENDANCE<\/p>\n<p><em>Les premi\u00e8res salves de la r\u00e9volution<\/em> par Farid Ameur<\/p>\n<p><em>1898\u00a0: une \u00eele entre deux feux<\/em> par Bertrand Van Ruymbeke<\/p>\n<p><em>L&rsquo;\u00e9pine de Guantanamo<\/em> par Farid Ameur<\/p>\n<p><em>Une infante sous tutelle am\u00e9ricaine<\/em> par Isabelle Vagnoux<\/p>\n<p>\u00a1\u00a0REVOLUCI\u00d3N\u00a0!<\/p>\n<p><em>La r\u00e9publique en \u00e9bullition<\/em> par Vincent Bloch<\/p>\n<p><em>L&rsquo;omnipr\u00e9sident Fulgencio Batista<\/em> par Vincent Bloch<\/p>\n<p><em>Le \u00ab\u00a0havre de repos\u00a0\u00bb de Hemingway<\/em> par G\u00e9rard de Cortanze<\/p>\n<p><em>Le triomphe de la r\u00e9volution castriste<\/em> par Pierre Vayssi\u00e8re<\/p>\n<p><em>Castro\u00a0? Un homme habit\u00e9 par des id\u00e9aux de justice<\/em> par Ignacio Ramonet<\/p>\n<p><em>Une terreur tropicale sur un air de rumba<\/em> par Jacobo Machover<\/p>\n<p><em>Vies et mort de Che Guevara<\/em> par V\u00e9ronique Dumas<\/p>\n<p><em>Sur le front de la guerre froide<\/em> par Vincent Michelot<\/p>\n<p>Chronologie<\/p>\n<p>Pr\u00e9sentation des auteurs<\/p>\n","protected":false},"excerpt":{"rendered":"<p>Par P\u00e9trone.<\/p>\n","protected":false},"author":2,"featured_media":0,"comment_status":"closed","ping_status":"open","sticky":false,"template":"","format":"standard","meta":[],"categories":[51,11,56],"tags":[],"_links":{"self":[{"href":"https:\/\/www.satiricon.be\/index.php?rest_route=\/wp\/v2\/posts\/16474"}],"collection":[{"href":"https:\/\/www.satiricon.be\/index.php?rest_route=\/wp\/v2\/posts"}],"about":[{"href":"https:\/\/www.satiricon.be\/index.php?rest_route=\/wp\/v2\/types\/post"}],"author":[{"embeddable":true,"href":"https:\/\/www.satiricon.be\/index.php?rest_route=\/wp\/v2\/users\/2"}],"replies":[{"embeddable":true,"href":"https:\/\/www.satiricon.be\/index.php?rest_route=%2Fwp%2Fv2%2Fcomments&post=16474"}],"version-history":[{"count":3,"href":"https:\/\/www.satiricon.be\/index.php?rest_route=\/wp\/v2\/posts\/16474\/revisions"}],"predecessor-version":[{"id":16478,"href":"https:\/\/www.satiricon.be\/index.php?rest_route=\/wp\/v2\/posts\/16474\/revisions\/16478"}],"wp:attachment":[{"href":"https:\/\/www.satiricon.be\/index.php?rest_route=%2Fwp%2Fv2%2Fmedia&parent=16474"}],"wp:term":[{"taxonomy":"category","embeddable":true,"href":"https:\/\/www.satiricon.be\/index.php?rest_route=%2Fwp%2Fv2%2Fcategories&post=16474"},{"taxonomy":"post_tag","embeddable":true,"href":"https:\/\/www.satiricon.be\/index.php?rest_route=%2Fwp%2Fv2%2Ftags&post=16474"}],"curies":[{"name":"wp","href":"https:\/\/api.w.org\/{rel}","templated":true}]}}