{"id":16623,"date":"2018-11-25T13:28:23","date_gmt":"2018-11-25T11:28:23","guid":{"rendered":"http:\/\/www.satiricon.be\/?p=16623"},"modified":"2018-11-25T13:28:23","modified_gmt":"2018-11-25T11:28:23","slug":"je-pense-que-lorsquune-satire-est-reellement-bonne-elle-va-faire-mal-et-marquer-les-esprits-tignous","status":"publish","type":"post","link":"https:\/\/www.satiricon.be\/?p=16623","title":{"rendered":"\u00ab Je pense que lorsqu\u2019une satire est r\u00e9ellement bonne, elle va faire mal et marquer les esprits. \u00bb (Tignous)"},"content":{"rendered":"<p><a href=\"https:\/\/www.satiricon.be\/?attachment_id=16625\" rel=\"attachment wp-att-16625\"><img loading=\"lazy\" class=\"aligncenter size-full wp-image-16625\" src=\"https:\/\/www.satiricon.be\/wp-content\/uploads\/2018\/11\/Coups-de-griffe-prises-de-bec-cover.jpg\" alt=\"\" width=\"269\" height=\"350\" srcset=\"https:\/\/www.satiricon.be\/wp-content\/uploads\/2018\/11\/Coups-de-griffe-prises-de-bec-cover.jpg 269w, https:\/\/www.satiricon.be\/wp-content\/uploads\/2018\/11\/Coups-de-griffe-prises-de-bec-cover-231x300.jpg 231w\" sizes=\"(max-width: 269px) 100vw, 269px\" \/><\/a><\/p>\n<p>Publi\u00e9 \u00e0 Bruxelles, aux \u00c9ditions Les Impressions nouvelles, l\u2019essai abondamment illustr\u00e9 intitul\u00e9 <strong><em>Coups de griffe, prises de bec \u2013 La satire dans la presse des ann\u00e9es trente<\/em><\/strong>, un ouvrage collectif r\u00e9dig\u00e9 par une \u00e9quipe internationale de chercheurs <a href=\"#_ftn1\" name=\"_ftnref1\">[1]<\/a> sous la direction d\u2019Am\u00e9lie Chabrier, ma\u00eetre de conf\u00e9rence en litt\u00e9rature fran\u00e7aise \u00e0 l\u2019Universit\u00e9 de N\u00eemes, et de Marie-Astrid Charlier, ma\u00eetre de conf\u00e9rences en litt\u00e9rature fran\u00e7aise du XIX<sup>e\u00a0<\/sup>si\u00e8cle \u00e0 l\u2019Universit\u00e9 Paul-Val\u00e9ry Montpellier\u00a03, se penche sur les divers proc\u00e9d\u00e9s de moquerie et de d\u00e9rision \u2013 ainsi que sur leurs concepteurs <a href=\"#_ftn2\" name=\"_ftnref2\">[2]<\/a> \u2013 en usage dans les journaux durant l\u2019entre-deux-guerres et apr\u00e8s.<\/p>\n<p>\u00c9coutons les directrices de l\u2019ouvrage\u00a0:<\/p>\n<p>\u00ab\u00a0<em>Coups de griffe, prises de bec<\/em> se pr\u00e9sente comme un beau livre sur la satire, textuelle et visuelle, dans la presse francophone des ann\u00e9es trente, replac\u00e9e dans une histoire longue du rire dans la presse, depuis la petite presse du XIX<sup>e\u00a0<\/sup>si\u00e8cle jusqu\u2019\u00e0 aujourd\u2019hui. Il s\u2019agit de r\u00e9fl\u00e9chir \u00e0 la particularit\u00e9 du rire des ann\u00e9es 1930\u00a0: de quoi riait-on dans cette p\u00e9riode d\u2019entre-deux-guerres\u00a0? De qui en particulier\u00a0? De quelles mani\u00e8res\u00a0?<\/p>\n<p>La crise \u00e9conomique de 1929, la mont\u00e9e des fascismes, l\u2019homophobie, la misogynie, la x\u00e9nophobie, l\u2019antis\u00e9mitisme, sont des constantes du discours m\u00e9diatique de l\u2019\u00e9poque, de la grande presse populaire aux hebdomadaires politiques et litt\u00e9raires, en passant par les feuilles satiriques. Mais peut-on rire de tout\u00a0? Et riait-on de tout dans cette p\u00e9riode de crises (\u00e9conomique, sociale, morale, id\u00e9ologique)\u00a0? Quelles cibles \u00e9taient particuli\u00e8rement vis\u00e9es et voit-on \u00e9merger des \u00ab\u00a0t\u00eates de Turc\u00a0\u00bb\u00a0? Quelles fronti\u00e8res peut-on tracer entre l\u2019humour, la satire et l\u2019insulte\u00a0? Y a-t-il des lignes de d\u00e9marcation entre une satire de gauche et une satire de droite, voire d\u2019extr\u00eame-droite\u00a0?<\/p>\n<p><a href=\"https:\/\/www.satiricon.be\/?attachment_id=16624\" rel=\"attachment wp-att-16624\"><img loading=\"lazy\" class=\"aligncenter size-full wp-image-16624\" src=\"https:\/\/www.satiricon.be\/wp-content\/uploads\/2018\/11\/Coups-de-griffe-prises-de-bec-Allemagne-fessiste.jpg\" alt=\"\" width=\"307\" height=\"331\" srcset=\"https:\/\/www.satiricon.be\/wp-content\/uploads\/2018\/11\/Coups-de-griffe-prises-de-bec-Allemagne-fessiste.jpg 307w, https:\/\/www.satiricon.be\/wp-content\/uploads\/2018\/11\/Coups-de-griffe-prises-de-bec-Allemagne-fessiste-278x300.jpg 278w\" sizes=\"(max-width: 307px) 100vw, 307px\" \/><\/a><\/p>\n<p style=\"text-align: center\">Dessin de Roger Roy publi\u00e9 \u00e0 Paris dans <em>Je Suis Partout<\/em> et repris \u00e0 Montr\u00e9al dans <em>L\u2019Ordre<\/em> du 3\u00a0ao\u00fbt 1934.<\/p>\n<p>Ces questions r\u00e9sonnent \u00e9videmment avec les heures les plus sombres de notre actualit\u00e9. Qu\u2019on pense seulement aux attaques terroristes subies par <em>Charlie Hebdo<\/em> en janvier 2015 et aux multiples pol\u00e9miques qui impliquent les satiristes contemporains, des plateaux TV aux Guignols de l\u2019info, en passant par les one-(wo)man-show ou Internet.\u00a0\u00bb<\/p>\n<p>Le rire pris tr\u00e8s au s\u00e9rieux\u2026<\/p>\n<p><strong>P\u00c9TRONE<\/strong><\/p>\n<p><strong><em>Coups de griffe, prises de bec \u2013 La satire dans la presse des ann\u00e9es trente<\/em><\/strong>, ouvrage collectif sous la direction d\u2019Am\u00e9lie Chabrier et Marie-Astrid Charlier, Bruxelles, \u00c9ditions Les Impressions nouvelles, collection \u00ab\u00a0R\u00e9flexions faites\u00a0\u00bb, novembre\u00a02018, 224\u00a0pp. en quadrichromie au format 20\u00a0x\u00a026\u00a0cm sous couverture broch\u00e9e en couleurs et \u00e0 rabats, 29,50\u00a0\u20ac<\/p>\n<p style=\"text-align: center\"><strong>TABLE DES MATI\u00c8RES<\/strong><\/p>\n<p>Avant-propos \u2013 Am\u00e9lie Chabrier &amp; Marie-Astrid Charlier<\/p>\n<p>D\u00e9m\u00ealons nos pinceaux ! \u2013 Paul Aron &amp; Micheline Cambron<\/p>\n<p>PARTIE 1 \u00c9TAT DES LIEUX<\/p>\n<p>Chapitre 1. La violence en libert\u00e9 \u2013 Yoan V\u00e9rilhac<\/p>\n<p>Chapitre 2. L\u2019h\u00e9ritage de la petite presse \u2013 Yoan V\u00e9rilhac<\/p>\n<p>Chapitre 3. Satire et humour \u2013 Yoan V\u00e9rilhac<\/p>\n<p>PARTIE 2 LES PLUMES ET LES CRAYONS\u00a0: ACTEURS ET R\u00c9SEAUX<\/p>\n<p>Chapitre 4. L\u2019empreinte de la Grande Guerre \u2013 Nicolas Bianchi<\/p>\n<p>Chapitre 5. La sociabilit\u00e9 des producteurs \u2013 Marie-\u00c8ve Th\u00e9renty<\/p>\n<p>Chapitre 6. Le satiriste dans tous ses emplois \u2013 Nicolas Bianchi &amp; Am\u00e9lie Chabrier<\/p>\n<p>PARTIE 3 EN LIGNE DE MIRE : LES CIBLES<\/p>\n<p>Chapitre 7. T\u00eates de Turc \u2013 Am\u00e9lie Chabrier &amp; Fanny Urbanowicz<\/p>\n<p>Chapitre 8. L\u2019assignation des identit\u00e9s \u2013 Paul Aron &amp; Marie-\u00c8ve Th\u00e9renty<\/p>\n<p>Chapitre 9. Le rire de scandale \u2013 Yoan V\u00e9rilhac<\/p>\n<p>PARTIE 4 LA SATIRE FAIT PEAU NEUVE<\/p>\n<p>Chapitre 10. Le Canard dans la m\u00eal\u00e9e \u2013 Marie-Astrid Charlier<\/p>\n<p>Chapitre 11. La satire d\u2019investigation \u2013 Marie-\u00c8ve Th\u00e9renty<\/p>\n<p>Chapitre 12. Du texte \u00e0 l\u2019image et vice-versa \u2013 Marie-Astrid Charlier<\/p>\n<p>PARTIE 5 INTERNATIONALISATION DE LA SATIRE<\/p>\n<p>Chapitre 13. Viralit\u00e9s \u2013 Jean Rime<\/p>\n<p>Chapitre 14. Quand la guerre r\u00e9tr\u00e9cit le monde \u2013 Xavier Boileau, Micheline Cambron &amp; Will Straw<\/p>\n<p>Conclusion \u2013 Am\u00e9lie Chabrier &amp; Marie-Astrid Charlier<\/p>\n<p>Bibliographie<\/p>\n<p>Index des noms propres<\/p>\n<p>Cr\u00e9dits iconographiques &amp; remerciements<\/p>\n<p>&nbsp;<\/p>\n<p><a href=\"#_ftnref1\" name=\"_ftn1\">[1]<\/a> De Belgique, de France et du Canada.<\/p>\n<p><a href=\"#_ftnref2\" name=\"_ftn2\">[2]<\/a> Directeurs de journaux, \u00e9ditorialistes, caricaturistes, auteurs\u2026<\/p>\n","protected":false},"excerpt":{"rendered":"<p>Par P\u00e9trone<\/p>\n","protected":false},"author":2,"featured_media":0,"comment_status":"closed","ping_status":"open","sticky":false,"template":"","format":"standard","meta":[],"categories":[49,11,65],"tags":[],"_links":{"self":[{"href":"https:\/\/www.satiricon.be\/index.php?rest_route=\/wp\/v2\/posts\/16623"}],"collection":[{"href":"https:\/\/www.satiricon.be\/index.php?rest_route=\/wp\/v2\/posts"}],"about":[{"href":"https:\/\/www.satiricon.be\/index.php?rest_route=\/wp\/v2\/types\/post"}],"author":[{"embeddable":true,"href":"https:\/\/www.satiricon.be\/index.php?rest_route=\/wp\/v2\/users\/2"}],"replies":[{"embeddable":true,"href":"https:\/\/www.satiricon.be\/index.php?rest_route=%2Fwp%2Fv2%2Fcomments&post=16623"}],"version-history":[{"count":1,"href":"https:\/\/www.satiricon.be\/index.php?rest_route=\/wp\/v2\/posts\/16623\/revisions"}],"predecessor-version":[{"id":16626,"href":"https:\/\/www.satiricon.be\/index.php?rest_route=\/wp\/v2\/posts\/16623\/revisions\/16626"}],"wp:attachment":[{"href":"https:\/\/www.satiricon.be\/index.php?rest_route=%2Fwp%2Fv2%2Fmedia&parent=16623"}],"wp:term":[{"taxonomy":"category","embeddable":true,"href":"https:\/\/www.satiricon.be\/index.php?rest_route=%2Fwp%2Fv2%2Fcategories&post=16623"},{"taxonomy":"post_tag","embeddable":true,"href":"https:\/\/www.satiricon.be\/index.php?rest_route=%2Fwp%2Fv2%2Ftags&post=16623"}],"curies":[{"name":"wp","href":"https:\/\/api.w.org\/{rel}","templated":true}]}}