{"id":17783,"date":"2019-09-22T21:59:05","date_gmt":"2019-09-22T19:59:05","guid":{"rendered":"http:\/\/www.satiricon.be\/?p=17783"},"modified":"2019-09-22T21:59:05","modified_gmt":"2019-09-22T19:59:05","slug":"un-ouvrage-majeur-sur-une-oeuvre-majeure","status":"publish","type":"post","link":"https:\/\/www.satiricon.be\/?p=17783","title":{"rendered":"Un ouvrage majeur sur une \u0153uvre majeure"},"content":{"rendered":"\n<div class=\"wp-block-image\"><figure class=\"aligncenter\"><img loading=\"lazy\" width=\"280\" height=\"350\" src=\"https:\/\/www.satiricon.be\/wp-content\/uploads\/2019\/09\/LAgneau-mystique.jpg\" alt=\"\" class=\"wp-image-17784\" srcset=\"https:\/\/www.satiricon.be\/wp-content\/uploads\/2019\/09\/LAgneau-mystique.jpg 280w, https:\/\/www.satiricon.be\/wp-content\/uploads\/2019\/09\/LAgneau-mystique-240x300.jpg 240w\" sizes=\"(max-width: 280px) 100vw, 280px\" \/><\/figure><\/div>\n\n\n\n<p>Riche de 200 magnifiques illustrations et d\u2019un poster de l\u2019\u0153uvre,\nle splendide livre d\u2019art intitul\u00e9 <strong><em>L&rsquo;Agneau mystique \u2013 Van Eyck. Art, histoire,\nscience et religion<\/em><\/strong> (Paris, \u00c9ditions Flammarion) est la traduction d\u2019un\nouvrage collectif r\u00e9dig\u00e9 en n\u00e9erlandais par des sp\u00e9cialistes de l\u2019universit\u00e9 de\nGand, de l\u2019universit\u00e9 de Bruxelles (V.U.B.) et des membres de l\u2019acad\u00e9mie\nflamande de Belgique pour les sciences et les arts.<\/p>\n\n\n\n<p>Ils y m\u00e8nent, et c\u2019est une premi\u00e8re, une approche totalement\ninterdisciplinaire (d\u2019art, d\u2019histoire sociale et politique, de physique, de\nmath\u00e9matique, de science, de religion, de philosophie, de criminologie, de\ncin\u00e9matographie et d\u2019imagerie digitale) pour proposer un regard exhaustif et\nune perspective globale sur le chef-d\u2019\u0153uvre r\u00e9cemment restaur\u00e9 commenc\u00e9 par Hubert\nvan Eyck <a href=\"#_ftn1\">[1]<\/a> et\ntermin\u00e9 par son fr\u00e8re Jan Van Eyck <a href=\"#_ftn2\">[2]<\/a> (n\u00e9\nvers 1390 peut-\u00eatre \u00e0 Maaseik et mort \u00e0 Bruges le 9 juillet 1441).<\/p>\n\n\n\n<p>Plac\u00e9 le 6 mai 1432 sur l\u2019autel de la chapelle de son\ncommanditaire <a href=\"#_ftn3\">[3]<\/a> dans l\u2019\u00e9glise Saint-Jean \u00e0\nGand, il fut d\u00e9plac\u00e9 par la suite, pour des raisons de s\u00e9curit\u00e9, dans la\nchapelle principale de la cath\u00e9drale de la ville.<\/p>\n\n\n\n<p>Pi\u00e8ce majeure de la peinture primitive flamande, \u00ab&nbsp;ce retable\nrepr\u00e9sente \u201cune nouvelle conception de l&rsquo;art\u201d, dans laquelle l&rsquo;id\u00e9alisation de\nla tradition m\u00e9di\u00e9vale c\u00e8de la place \u00e0 une observation rigoureuse de la nature&nbsp;\u00bb,\na \u00e9crit le fameux historien d\u2019art Ernst Hans Gombrich <a href=\"#_ftn4\">[4]<\/a>.<\/p>\n\n\n\n<p>Le retable est compos\u00e9 d&rsquo;un total de 24 panneaux encadr\u00e9s\nqui offrent au spectateur deux sc\u00e8nes diff\u00e9rentes, selon sa position ouverte ou\nferm\u00e9e, obtenue en repliant vers l&rsquo;int\u00e9rieur les panneaux situ\u00e9s \u00e0 ses extr\u00e9mit\u00e9s.\n<\/p>\n\n\n\n<p>Le registre (ligne) sup\u00e9rieur de l&rsquo;int\u00e9rieur du retable\nrepr\u00e9sente le Christ-Roi tr\u00f4nant entre la Vierge Marie et saint Jean-Baptiste.\n\u00c0 droite et \u00e0 gauche de ces trois personnages, il montre des anges chantant et\njouant de la musique et, sur les panneaux ext\u00e9rieurs, Adam et \u00c8ve. <\/p>\n\n\n\n<p>Le registre inf\u00e9rieur du panneau central repr\u00e9sente\nl&rsquo;adoration de l&rsquo;Agneau de Dieu par plusieurs groupes de personnes absorb\u00e9es\ndans le culte et la pri\u00e8re et \u00e9clair\u00e9s par une colombe repr\u00e9sentant le\nSaint-Esprit. <\/p>\n\n\n\n<p>Les jours de semaine, les panneaux \u00e9taient repli\u00e9s, montrant\nl&rsquo;Annonciation de Marie et le portrait des donateurs, Joost Vijdt et de sa\nfemme Lysbette Borluut.<\/p>\n\n\n\n<p>Le polyptyque, sans compter les cadres, mesure 3,75&nbsp;\u00d7&nbsp;2,60&nbsp;m\n(en position ferm\u00e9e) et 3,75&nbsp;\u00d7&nbsp;5,20&nbsp;m (ouvert) et est constitu\u00e9\nde dix panneaux de bois de ch\u00eane.<\/p>\n\n\n\n<p>Le panneau inf\u00e9rieur gauche d&rsquo;origine, connu sous le nom <em>Les\nJuges int\u00e8gres<\/em>, a \u00e9t\u00e9 vol\u00e9 en 1934. <\/p>\n\n\n\n<p>Il n&rsquo;a jamais \u00e9t\u00e9 retrouv\u00e9 et a \u00e9t\u00e9 remplac\u00e9 par une copie\nfaite en 1945 par le peintre Jef Vanderveken (1872-1964), grand sp\u00e9cialiste de\nla copie et de la restauration des Primitifs flamands <a href=\"#_ftn5\">[5]<\/a>.<\/p>\n\n\n\n<p>Et l\u2019ouvrage que lui ont consacr\u00e9 les auteurs sous la\ndirection de Danny Praet et de Maximiliaan P.J. Martens est, lui aussi, une\npi\u00e8ce ma\u00eetresse de l\u2019histoire de l\u2019art\u2026<\/p>\n\n\n\n<p><strong>P\u00c9TRONE<\/strong><\/p>\n\n\n\n<p><strong><em>L&rsquo;Agneau mystique \u2013 Van Eyck. Art,\nhistoire, science et religion<\/em><\/strong>,\nouvrage collectif sous la direction de Danny Praet et de Maximiliaan P.J. Martens\navec un poster de l\u2019\u0153uvre, Paris, \u00c9ditions Flammarion, octobre&nbsp;2019, 368&nbsp;pp.\nen quadrichromie au format 24,3&nbsp;x&nbsp;32&nbsp;cm sous couverture broch\u00e9e\nen couleurs, 60&nbsp;\u20ac (Prix France) <br><\/p>\n\n\n\n<hr class=\"wp-block-separator\" \/>\n\n\n\n<p><a href=\"#_ftnref1\">[1]<\/a> N\u00e9 vers 1366 \u00e0 Maaseik\n(actuelle province de Limbourg en Belgique), mort en septembre 1426 \u00e0 Gand.<\/p>\n\n\n\n<p><a href=\"#_ftnref2\">[2]<\/a> N\u00e9 vers 1390 peut-\u00eatre \u00e0\nMaaseik et mort \u00e0 Bruges le 9 juillet 1441.<\/p>\n\n\n\n<p><a href=\"#_ftnref3\">[3]<\/a> Il fut commandit\u00e9 par\nJoost Vijdt, riche marguillier de l\u2019\u00e9glise Saint-Jean (devenue depuis la\ncath\u00e9drale Saint-Bavon), pour la chapelle priv\u00e9e de sa femme.<\/p>\n\n\n\n<p><a href=\"#_ftnref4\">[4]<\/a> E. H. Gombrich, <em>The\nStory of Art<\/em>, pp. 236-9, Phaidon, 1995.<\/p>\n\n\n\n<p><a href=\"#_ftnref5\">[5]<\/a> Source&nbsp;: <a href=\"https:\/\/fr.wikipedia.org\/wiki\/L%27Agneau_mystique\">https:\/\/fr.wikipedia.org\/wiki\/L%27Agneau_mystique<\/a>\n<\/p>\n","protected":false},"excerpt":{"rendered":"<p>Par P\u00e9trone.<\/p>\n","protected":false},"author":2,"featured_media":0,"comment_status":"closed","ping_status":"open","sticky":false,"template":"","format":"standard","meta":[],"categories":[54,11],"tags":[],"_links":{"self":[{"href":"https:\/\/www.satiricon.be\/index.php?rest_route=\/wp\/v2\/posts\/17783"}],"collection":[{"href":"https:\/\/www.satiricon.be\/index.php?rest_route=\/wp\/v2\/posts"}],"about":[{"href":"https:\/\/www.satiricon.be\/index.php?rest_route=\/wp\/v2\/types\/post"}],"author":[{"embeddable":true,"href":"https:\/\/www.satiricon.be\/index.php?rest_route=\/wp\/v2\/users\/2"}],"replies":[{"embeddable":true,"href":"https:\/\/www.satiricon.be\/index.php?rest_route=%2Fwp%2Fv2%2Fcomments&post=17783"}],"version-history":[{"count":1,"href":"https:\/\/www.satiricon.be\/index.php?rest_route=\/wp\/v2\/posts\/17783\/revisions"}],"predecessor-version":[{"id":17785,"href":"https:\/\/www.satiricon.be\/index.php?rest_route=\/wp\/v2\/posts\/17783\/revisions\/17785"}],"wp:attachment":[{"href":"https:\/\/www.satiricon.be\/index.php?rest_route=%2Fwp%2Fv2%2Fmedia&parent=17783"}],"wp:term":[{"taxonomy":"category","embeddable":true,"href":"https:\/\/www.satiricon.be\/index.php?rest_route=%2Fwp%2Fv2%2Fcategories&post=17783"},{"taxonomy":"post_tag","embeddable":true,"href":"https:\/\/www.satiricon.be\/index.php?rest_route=%2Fwp%2Fv2%2Ftags&post=17783"}],"curies":[{"name":"wp","href":"https:\/\/api.w.org\/{rel}","templated":true}]}}