{"id":18230,"date":"2020-01-07T21:22:50","date_gmt":"2020-01-07T19:22:50","guid":{"rendered":"http:\/\/www.satiricon.be\/?p=18230"},"modified":"2020-01-07T21:22:50","modified_gmt":"2020-01-07T19:22:50","slug":"je-reve-de-voir-le-concours-du-meilleur-ouvrier-de-france-se-jouer-autour-dun-panier-de-legumes-joel-robuchon","status":"publish","type":"post","link":"https:\/\/www.satiricon.be\/?p=18230","title":{"rendered":"\u00ab Je r\u00eave de voir le concours du Meilleur Ouvrier de France se jouer autour d&rsquo;un panier de l\u00e9gumes\u00a0!\u00a0\u00bb (Jo\u00ebl Robuchon)"},"content":{"rendered":"\n<div class=\"wp-block-image\"><figure class=\"aligncenter\"><img loading=\"lazy\" width=\"273\" height=\"350\" src=\"https:\/\/www.satiricon.be\/wp-content\/uploads\/2020\/01\/Mon-carr\u00e9-potager-au-fil-des-mois.jpg\" alt=\"\" class=\"wp-image-18231\" srcset=\"https:\/\/www.satiricon.be\/wp-content\/uploads\/2020\/01\/Mon-carr\u00e9-potager-au-fil-des-mois.jpg 273w, https:\/\/www.satiricon.be\/wp-content\/uploads\/2020\/01\/Mon-carr\u00e9-potager-au-fil-des-mois-234x300.jpg 234w\" sizes=\"(max-width: 273px) 100vw, 273px\" \/><\/figure><\/div>\n\n\n\n<p>Les\ncarr\u00e9s potagers, particuli\u00e8rement simples \u00e0 mettre en place et \u00e0 utiliser,\nrencontrent depuis plusieurs ann\u00e9es un franc succ\u00e8s aupr\u00e8s des jardiniers,\nd\u00e9butants ou exp\u00e9riment\u00e9s. <\/p>\n\n\n\n<p>Mais\ncomment en profiter toute l&rsquo;ann\u00e9e&nbsp;? Comment encha\u00eener les cultures&nbsp;? <\/p>\n\n\n\n<p>C\u2019est\nce qu\u2019explique Catherine Delvaux dans <strong><em>Mon carr\u00e9 potager au fil des mois \u2013 R\u00e9coltez\ntoute l&rsquo;ann\u00e9e, m\u00eame en hiver&nbsp;! <\/em><\/strong>paru aux \u00c9ditions Larousse.<\/p>\n\n\n\n<p>Avec\ndes conseils pour faire les bons choix avant de se lancer&nbsp;: <\/p>\n\n\n\n<p>\u2013\nO\u00f9 placer son potager en carr\u00e9&nbsp;? <\/p>\n\n\n\n<p>\u2013\nQuels mat\u00e9riaux utiliser pour le construire&nbsp;? <\/p>\n\n\n\n<p>\u2013\nAvec quelle terre remplir les carr\u00e9s&nbsp;? <\/p>\n\n\n\n<p>\u2013\nQuels l\u00e9gumes choisir&nbsp;? <\/p>\n\n\n\n<p>\u2013\nQuand d\u00e9marrer la culture&nbsp;? <\/p>\n\n\n\n<p>\u2013\nMois par mois, l&rsquo;\u00e9volution de votre carr\u00e9 <\/p>\n\n\n\n<p>Pour\nchaque mois, un dessin d\u00e9taille les cultures possibles, les radis laissant la\nplace aux aubergines et au basilic avant d&rsquo;accueillir des f\u00e8ves&#8230;<\/p>\n\n\n\n<p>Chaque\nmois aussi sont pr\u00e9sent\u00e9s les semis \u00e0 pr\u00e9voir ou les points \u00e0 v\u00e9rifier. <\/p>\n\n\n\n<p>Le\ntout avec plus de 50 fiches sur les plantes&nbsp;: aubergines, aulx, basilic,\ncamomille romaine, capucines, carottes, c\u00e9leris branches, c\u00e9leris-raves, choux\nchinois, choux de Bruxelles, choux-fleurs, choux-raves, ciboule, ciboulette,\ncitronnelle, Claytone de Cuba, concombres, coriandre, courgettes, \u00e9chalotes, \u00e9pinards-fraises,\nestragon, fenouil bronze, f\u00e8ves, haricots, laitues, m\u00e2che, m\u00e9lisse, melons,\nmenthe, merthensia, navets, \u0153illets d\u2019Inde, oignons, oseille, oxalis, pens\u00e9es, persil,\npetits pois, piments, poireaux, poires-melons, pommes de terre, poireaux,\npoivrons, radis, roquette, safran, salades, sarriette, stevia, soucis, thym, tomates,\nverveine, violettes\u2026<\/p>\n\n\n\n<p>Pour\nchaque plante est sugg\u00e9r\u00e9e la vari\u00e9t\u00e9 la plus adapt\u00e9e \u00e0 la culture en carr\u00e9 et\ndes conseils sont donn\u00e9s pour des r\u00e9coltes g\u00e9n\u00e9reuses. <\/p>\n\n\n\n<p>Sans\noublier les bons gestes&nbsp;: semer, \u00e9claircir, repiquer, planter, tuteurer&#8230;\nillustr\u00e9s au moyen de pas \u00e0 pas dessin\u00e9s pour accompagner le jardinier\nd\u00e9butant.<\/p>\n\n\n\n<p>Le\nguide du retour \u00e0 la terre&nbsp;!<\/p>\n\n\n\n<p><strong>P\u00c9TRONE<\/strong><\/p>\n\n\n\n<p><strong><em>Mon\ncarr\u00e9 potager au fil des mois \u2013 R\u00e9coltez toute l&rsquo;ann\u00e9e, m\u00eame en hiver&nbsp;! <\/em><\/strong>par\nCatherine Delvaux, Paris, \u00c9ditions Larousse, f\u00e9vrier&nbsp;2019, 144&nbsp;pp. en\nquadrichromie au format 18,5&nbsp;x&nbsp;23,5&nbsp;cm sous couverture broch\u00e9e en\ncouleurs, 19,90&nbsp;\u20ac (prix France) <\/p>\n","protected":false},"excerpt":{"rendered":"<p>Par P\u00e9trone.<\/p>\n","protected":false},"author":2,"featured_media":0,"comment_status":"closed","ping_status":"open","sticky":false,"template":"","format":"standard","meta":[],"categories":[77,11,56],"tags":[],"_links":{"self":[{"href":"https:\/\/www.satiricon.be\/index.php?rest_route=\/wp\/v2\/posts\/18230"}],"collection":[{"href":"https:\/\/www.satiricon.be\/index.php?rest_route=\/wp\/v2\/posts"}],"about":[{"href":"https:\/\/www.satiricon.be\/index.php?rest_route=\/wp\/v2\/types\/post"}],"author":[{"embeddable":true,"href":"https:\/\/www.satiricon.be\/index.php?rest_route=\/wp\/v2\/users\/2"}],"replies":[{"embeddable":true,"href":"https:\/\/www.satiricon.be\/index.php?rest_route=%2Fwp%2Fv2%2Fcomments&post=18230"}],"version-history":[{"count":1,"href":"https:\/\/www.satiricon.be\/index.php?rest_route=\/wp\/v2\/posts\/18230\/revisions"}],"predecessor-version":[{"id":18232,"href":"https:\/\/www.satiricon.be\/index.php?rest_route=\/wp\/v2\/posts\/18230\/revisions\/18232"}],"wp:attachment":[{"href":"https:\/\/www.satiricon.be\/index.php?rest_route=%2Fwp%2Fv2%2Fmedia&parent=18230"}],"wp:term":[{"taxonomy":"category","embeddable":true,"href":"https:\/\/www.satiricon.be\/index.php?rest_route=%2Fwp%2Fv2%2Fcategories&post=18230"},{"taxonomy":"post_tag","embeddable":true,"href":"https:\/\/www.satiricon.be\/index.php?rest_route=%2Fwp%2Fv2%2Ftags&post=18230"}],"curies":[{"name":"wp","href":"https:\/\/api.w.org\/{rel}","templated":true}]}}