{"id":18409,"date":"2020-02-17T21:22:53","date_gmt":"2020-02-17T19:22:53","guid":{"rendered":"http:\/\/www.satiricon.be\/?p=18409"},"modified":"2020-02-17T21:22:53","modified_gmt":"2020-02-17T19:22:53","slug":"mort-ou-est-ta-defaite","status":"publish","type":"post","link":"https:\/\/www.satiricon.be\/?p=18409","title":{"rendered":"Mort, o\u00f9 est ta d\u00e9faite ?"},"content":{"rendered":"\n<div class=\"wp-block-image\"><figure class=\"aligncenter\"><img loading=\"lazy\" width=\"237\" height=\"350\" src=\"https:\/\/www.satiricon.be\/wp-content\/uploads\/2020\/02\/Ce-qui-est-nomm\u00e9-reste-en-vie.jpg\" alt=\"\" class=\"wp-image-18410\" srcset=\"https:\/\/www.satiricon.be\/wp-content\/uploads\/2020\/02\/Ce-qui-est-nomm\u00e9-reste-en-vie.jpg 237w, https:\/\/www.satiricon.be\/wp-content\/uploads\/2020\/02\/Ce-qui-est-nomm\u00e9-reste-en-vie-203x300.jpg 203w\" sizes=\"(max-width: 237px) 100vw, 237px\" \/><\/figure><\/div>\n\n\n\n<p>\u00c9mouvant \u00e0 de nombreux \u00e9gards, le roman choral de Claire\nFercak (\u00b01982) d\u00e9di\u00e9 \u00e0 sa maman et intitul\u00e9 <strong><em>Ce qui est nomm\u00e9 reste en vie<\/em><\/strong>\n<a href=\"#_ftn1\">[1]<\/a> (Paris,\n\u00c9ditions Verticales) croise en 45 courts chapitres le sort balan\u00e7ant entre d\u00e9voiements\nde la m\u00e9moire, r\u00eaves fantaisistes, \u00e9clairs de lucidit\u00e9, craintes diffuses et\nconfuses d\u2019un groupe de malades atteints d\u2019une tumeur c\u00e9r\u00e9brale incurable, le\nglioblastome, avec les r\u00e9actions de leur entourage les visitant \u00e0 l\u2019h\u00f4pital, se\nconfiant dans des groupes de parole et se pr\u00e9parant au deuil in\u00e9luctable. <\/p>\n\n\n\n<p>Extrait&nbsp;:<\/p>\n\n\n\n<p>\u00ab&nbsp;Vous craignez de chaque jour qu&rsquo;il soit son dernier, alors\nvous lui dites que vous l&rsquo;aimez, vous lui parlez. \u00c0 qui parle-t-on \u00e0 ce\nmoment-l\u00e0&nbsp;? Au vivant que l&rsquo;on aime, ce d\u00e9j\u00e0-presque-mort dont on ignore\nce qu&rsquo;il entend, comprend&nbsp;? \u00c0 quoi \u00e7a sert&nbsp;? <\/p>\n\n\n\n<p>Vous vous adressez aux morts, les mots semblent n\u00e9cessaires\nface \u00e0 l&rsquo;\u00e9branlement, donnent une valeur au chaos, permettent de cr\u00e9er une\nrelation avec le mourant. <\/p>\n\n\n\n<p>Vous lui parlez, et vous l&#8217;embrassez, vous l&#8217;embrassez, vous\nl&#8217;embrassez, vous l&#8217;embrassez, vous l&#8217;embrassez, vous l&#8217;embrassez, vous l&#8217;embrassez,\nvous l&#8217;embrassez, vous l&#8217;embrassez, vous l&#8217;embrassez, vous l&#8217;embrassez, vous l&#8217;embrassez,\nvous l&#8217;embrassez, vous l&#8217;embrassez, vous l&#8217;embrassez, vous l&#8217;embrassez, vous l&#8217;embrassez,\nvous l&#8217;embrassez, vous l&#8217;embrassez, vous l&#8217;embrassez, vous l&#8217;embrassez, vous\nl&#8217;embrassez, vous l&#8217;embrassez, vous l&#8217;embrassez, vous l&#8217;embrassez, vous l&#8217;embrassez,\nvous l&#8217;embrassez, vous l&#8217;embrassez, vous l&#8217;embrassez, vous l&#8217;embrassez, vous l&#8217;embrassez,\nvous l&#8217;embrassez, vous l&#8217;embrassez, vous l&#8217;embrassez, vous l&#8217;embrassez, vous l&#8217;embrassez,\nvous l&#8217;embrassez, vous l&#8217;embrassez, vous l&#8217;embrassez, vous l&#8217;embrassez, vous\nl&#8217;embrassez, vous l&#8217;embrassez, vous l&#8217;embrassez, vous l&#8217;embrassez, vous l&#8217;embrassez,\nvous l&#8217;embrassez, vous l&#8217;embrassez, vous l&#8217;embrassez, vous l&#8217;embrassez, vous l&#8217;embrassez,\nvous l&#8217;embrassez, vous l&#8217;embrassez, vous l&#8217;embrassez, vous l&#8217;embrassez. <\/p>\n\n\n\n<p>Vous ne pouvez plus vous arr\u00eater.&nbsp;\u00bb<\/p>\n\n\n\n<p>Poignant de v\u00e9rit\u00e9\u2026<\/p>\n\n\n\n<p><strong>P\u00c9TRONE <\/strong><\/p>\n\n\n\n<p><strong><em>Ce qui est nomm\u00e9 reste en vie <\/em><\/strong>par\nClaire Fercak, Paris, \u00c9ditions Verticales,\njanvier&nbsp;2020, 156&nbsp;pp. en noir et blanc au format 14&nbsp;x&nbsp;20,5&nbsp;cm\nsous couverture broch\u00e9e en couleurs, 16&nbsp;\u20ac (prix France)<br><\/p>\n\n\n\n<hr class=\"wp-block-separator\" \/>\n\n\n\n<p><a href=\"#_ftnref1\">[1]<\/a> Ce titre est une phrase extraite\ndu <em>Livre contre la mort<\/em> d&rsquo;Elias Canetti (1905-1994, prix Nobel de\nlitt\u00e9rature en 1981), un recueil posthume principalement compos\u00e9 d&rsquo;in\u00e9dits\nd\u00e9couverts apr\u00e8s la disparition de l&rsquo;auteur, dans lequel se m\u00ealent notes,\naphorismes, portraits et r\u00e9flexions. <\/p>\n","protected":false},"excerpt":{"rendered":"<p>Par P\u00e9trone.<\/p>\n","protected":false},"author":2,"featured_media":0,"comment_status":"closed","ping_status":"open","sticky":false,"template":"","format":"standard","meta":[],"categories":[54,49,11],"tags":[],"_links":{"self":[{"href":"https:\/\/www.satiricon.be\/index.php?rest_route=\/wp\/v2\/posts\/18409"}],"collection":[{"href":"https:\/\/www.satiricon.be\/index.php?rest_route=\/wp\/v2\/posts"}],"about":[{"href":"https:\/\/www.satiricon.be\/index.php?rest_route=\/wp\/v2\/types\/post"}],"author":[{"embeddable":true,"href":"https:\/\/www.satiricon.be\/index.php?rest_route=\/wp\/v2\/users\/2"}],"replies":[{"embeddable":true,"href":"https:\/\/www.satiricon.be\/index.php?rest_route=%2Fwp%2Fv2%2Fcomments&post=18409"}],"version-history":[{"count":1,"href":"https:\/\/www.satiricon.be\/index.php?rest_route=\/wp\/v2\/posts\/18409\/revisions"}],"predecessor-version":[{"id":18411,"href":"https:\/\/www.satiricon.be\/index.php?rest_route=\/wp\/v2\/posts\/18409\/revisions\/18411"}],"wp:attachment":[{"href":"https:\/\/www.satiricon.be\/index.php?rest_route=%2Fwp%2Fv2%2Fmedia&parent=18409"}],"wp:term":[{"taxonomy":"category","embeddable":true,"href":"https:\/\/www.satiricon.be\/index.php?rest_route=%2Fwp%2Fv2%2Fcategories&post=18409"},{"taxonomy":"post_tag","embeddable":true,"href":"https:\/\/www.satiricon.be\/index.php?rest_route=%2Fwp%2Fv2%2Ftags&post=18409"}],"curies":[{"name":"wp","href":"https:\/\/api.w.org\/{rel}","templated":true}]}}