{"id":19353,"date":"2020-06-23T18:05:36","date_gmt":"2020-06-23T16:05:36","guid":{"rendered":"http:\/\/www.satiricon.be\/?p=19353"},"modified":"2020-06-23T18:06:34","modified_gmt":"2020-06-23T16:06:34","slug":"un-grand-poete-et-un-grand-voyou","status":"publish","type":"post","link":"https:\/\/www.satiricon.be\/?p=19353","title":{"rendered":"Un grand po\u00e8te et un grand voyou&#8230;"},"content":{"rendered":"\n<div class=\"wp-block-image\"><figure class=\"aligncenter\"><img loading=\"lazy\" width=\"212\" height=\"350\" src=\"https:\/\/www.satiricon.be\/wp-content\/uploads\/2020\/06\/\u0152uvres-compl\u00e8tes-de-Fran\u00e7ois-Villon-1.jpg\" alt=\"\" class=\"wp-image-19357\" srcset=\"https:\/\/www.satiricon.be\/wp-content\/uploads\/2020\/06\/\u0152uvres-compl\u00e8tes-de-Fran\u00e7ois-Villon-1.jpg 212w, https:\/\/www.satiricon.be\/wp-content\/uploads\/2020\/06\/\u0152uvres-compl\u00e8tes-de-Fran\u00e7ois-Villon-1-182x300.jpg 182w\" sizes=\"(max-width: 212px) 100vw, 212px\" \/><\/figure><\/div>\n\n\n\n<p>Fran\u00e7ois\nde Montcorbier dit Villon, n\u00e9 en 1431 (\u00e0 Paris&nbsp;?) et mort apr\u00e8s 1463, est\nun po\u00e8te fran\u00e7ais de la fin du Moyen \u00c2ge.<\/p>\n\n\n\n<div class=\"wp-block-image\"><figure class=\"aligncenter\"><img loading=\"lazy\" width=\"191\" height=\"350\" src=\"https:\/\/www.satiricon.be\/wp-content\/uploads\/2020\/06\/Villon-portrait.jpg\" alt=\"\" class=\"wp-image-19355\" srcset=\"https:\/\/www.satiricon.be\/wp-content\/uploads\/2020\/06\/Villon-portrait.jpg 191w, https:\/\/www.satiricon.be\/wp-content\/uploads\/2020\/06\/Villon-portrait-164x300.jpg 164w\" sizes=\"(max-width: 191px) 100vw, 191px\" \/><\/figure><\/div>\n\n\n\n<p style=\"text-align:center\">Portrait pr\u00e9sum\u00e9 de Fran\u00e7ois Villon dans\nla plus ancienne \u00e9dition de ses \u0153uvres (Pierre Levet, 1489).<\/p>\n\n\n\n<p>\u00c9colier\nde l\u2019Universit\u00e9, ma\u00eetre de la facult\u00e9 des Arts d\u00e8s 21 ans, il m\u00e8ne tout d&rsquo;abord\nla vie joyeuse d\u2019un \u00e9tudiant indisciplin\u00e9 du Quartier latin. \u00c0 24 ans, il tue\nun pr\u00eatre dans une rixe et fuit Paris. Amnisti\u00e9, il s\u2019exile de nouveau, un an\nplus tard, apr\u00e8s le cambriolage du coll\u00e8ge de Navarre. Accueilli \u00e0 Blois \u00e0 la\ncour du prince-po\u00e8te Charles d\u2019Orl\u00e9ans, il \u00e9choue \u00e0 y faire carri\u00e8re. Il m\u00e8ne\nalors une vie errante et mis\u00e9rable. Emprisonn\u00e9 \u00e0 Meung-sur-Loire, lib\u00e9r\u00e9 \u00e0\nl\u2019av\u00e8nement de Louis&nbsp;XI, il revient \u00e0 Paris apr\u00e8s quelque six ans\nd\u2019absence. De nouveau arr\u00eat\u00e9 lors d&rsquo;une rixe, il est condamn\u00e9 \u00e0 la pendaison.\nApr\u00e8s appel, le Parlement casse le jugement mais le bannit pour dix ans ; il a\n31 ans. Ensuite, on perd totalement sa trace.<\/p>\n\n\n\n<p>Dans\nles d\u00e9cennies qui suivent la disparition de Villon, son \u0153uvre est publi\u00e9e et\nconna\u00eet un grand succ\u00e8s. <em>Le Lais<\/em>, long po\u00e8me d\u2019\u00e9colier, et <em>Le\nTestament<\/em>, son \u0153uvre ma\u00eetresse, sont \u00e9dit\u00e9s d\u00e8s 1489 \u2013 il aurait eu 59 ans.\nTrente-quatre \u00e9ditions se succ\u00e8dent jusqu\u2019au milieu du XVI<sup>e&nbsp;<\/sup>si\u00e8cle.\nTr\u00e8s t\u00f4t, une \u00ab&nbsp;l\u00e9gende Villon&nbsp;\u00bb prend forme sous diff\u00e9rents visages\nallant, selon les \u00e9poques, du farceur escroc au po\u00e8te maudit.<\/p>\n\n\n\n<p>Son\n\u0153uvre n\u2019est pas d\u2019un acc\u00e8s facile&nbsp;: elle n\u00e9cessite notes et explications.\nSa langue (dont certains termes ont disparu ou chang\u00e9 de sens) ne nous est pas\nfamili\u00e8re. Les allusions au Paris de son \u00e9poque, en grande partie disparu et\nrelevant de l&rsquo;arch\u00e9ologie, son art du double sens et de l\u2019antiphrase le rendent\nsouvent difficilement compr\u00e9hensible <a href=\"#_ftn1\">[1]<\/a>.<\/p>\n\n\n\n<p>Saluons\npar cons\u00e9quent la parution bilingue (en ancien fran\u00e7ais et en fran\u00e7ais moderne),\nchez Gallimard dans la collection \u00ab&nbsp;Folio classique&nbsp;\u00bb, de ses <strong><em>\u0152uvres\ncompl\u00e8tes<\/em><\/strong> \u00e9tablies et comment\u00e9es avec science et brio par Jacqueline\nCerquiglini-Toulet, professeure \u00e9m\u00e9rite de la Sorbonne, qui apporte une foule compacte\nd\u2019\u00e9claircissements permettant de savourer le talent et la causticit\u00e9 du <em>bad\nboy<\/em> des lettres m\u00e9di\u00e9vales.<\/p>\n\n\n\n<p>Son\n\u00e9pitaphe est bien connue de tous&nbsp;:<\/p>\n\n\n\n<p><em>La\nballade des pendus<\/em><\/p>\n\n\n\n<p>Fr\u00e8res\nhumains qui apr\u00e8s nous vivez,<\/p>\n\n\n\n<p>N&rsquo;ayez\nles cueurs contre nous endurciz,<\/p>\n\n\n\n<p>Car,\nse piti\u00e9 de nous povres avez,<\/p>\n\n\n\n<p>Dieu\nen aura plus tost de vous merciz.<\/p>\n\n\n\n<p>Vous\nnous voiez cy attachez, cinq, six&nbsp;:<\/p>\n\n\n\n<p>Quant\nde la chair, que trop avons nourrie,<\/p>\n\n\n\n<p>Elle\nest pie\u00e7a d\u00e9voree et pourrie,<\/p>\n\n\n\n<p>Et\nnous, les os, devenons cendre et pouldre.<\/p>\n\n\n\n<p>De\nnostre mal personne ne s&rsquo;en rie&nbsp;;<\/p>\n\n\n\n<p>Mais\npriez Dieu que tous nous vueille absouldre.<\/p>\n\n\n\n<p>Se\nvous clamons freres, pas n&rsquo;en devez<\/p>\n\n\n\n<p>Avoir\ndesdaing, quoy que fusmes occis<\/p>\n\n\n\n<p>Par\njustice. Touteffoiz, vous savez<\/p>\n\n\n\n<p>Que\ntous hommes n&rsquo;ont pas bon sens rassis.<\/p>\n\n\n\n<p>Intercedez\ndoncques de cueur assis<\/p>\n\n\n\n<p>Envers\nle filz de la Vierge Marie,<\/p>\n\n\n\n<p>Que\nsa gr\u00e2ce pour nous ne soit tarie,<\/p>\n\n\n\n<p>Nous\npreservant de l&rsquo;infernale fouldre.<\/p>\n\n\n\n<p>Nous\nsommes mors, ame ne nous harie,<\/p>\n\n\n\n<p>Mais\npriez Dieu que tous nous vueille absouldre.<\/p>\n\n\n\n<p>La\npluye nous a debuez et lavez,<\/p>\n\n\n\n<p>Et\nle soleil deseichez et noirciz.<\/p>\n\n\n\n<p>Pies,\ncorbeaulx nous ont les yeulx cavez,<\/p>\n\n\n\n<p>Et\narrach\u00e9 la barbe et les sourcilz.<\/p>\n\n\n\n<p>Jamais\nnul temps nous ne sommes assis&nbsp;:<\/p>\n\n\n\n<p>Puis\n\u00e7a, puis l\u00e0, comme le vent varie,<\/p>\n\n\n\n<p>A\nson plaisir sans cesser nous charrie,<\/p>\n\n\n\n<p>Plus\nbecquetez d&rsquo;oiseaulx que dez \u00e0 coudre.<\/p>\n\n\n\n<p>Ne\nsoiez donc de nostre confrairie,<\/p>\n\n\n\n<p>Mais\npriez Dieu que tous nous vueille absouldre.<\/p>\n\n\n\n<p>Prince\nJesus qui sur tous seigneurie<\/p>\n\n\n\n<p>Gardez\nqu&rsquo;enfer de nous n\u2019ay seigneurie&nbsp;:<\/p>\n\n\n\n<p>A\nluy n&rsquo;ayons que faire ne que souldre&nbsp;!<\/p>\n\n\n\n<p>Humains,\nicy n&rsquo;a point de mocquerie ;<\/p>\n\n\n\n<p>Mais\npriez Dieu que tous nous vueille absouldre.<\/p>\n\n\n\n<p>Tout\ncomme <em>La ballade des dames du temps jadis<\/em>, remarquablement mise en\nmusique par Georges Brassens, un autre anar des lettres, mais bien plus\npacifique&nbsp;:<\/p>\n\n\n\n<p>Dictes-moy ou n\u2019en quel pays<\/p>\n\n\n\n<p>Est Flora, la belle Romaine,<\/p>\n\n\n\n<p>Archipiada, ne Tha\u00ffs,<\/p>\n\n\n\n<p>Qui fut sa cousine germaine,<\/p>\n\n\n\n<p>Echo, parlant quand bruyt on maine<\/p>\n\n\n\n<p>Dessus rivi\u00e8re ou sur estan,<\/p>\n\n\n\n<p>Qui beault\u00e9 ot trop plus qu\u2019umaine,<\/p>\n\n\n\n<p>Mais ou sont les neiges d\u2019anten&nbsp;?<\/p>\n\n\n\n<p>O\u00f9 est la tr\u00e8s saige Eslo\u00ffs,<\/p>\n\n\n\n<p>Pour qui fut chastr\u00e9 et puis moyne<\/p>\n\n\n\n<p>Pierre Esbaillart \u00e0 Sainct Denys&nbsp;?<\/p>\n\n\n\n<p>Pour son amour eust ceste essoyne.<\/p>\n\n\n\n<p>Semblablement, o\u00f9 est la royne<\/p>\n\n\n\n<p>Qui commanda que Buriden<\/p>\n\n\n\n<p>Fust gect\u00e9 en ung sac en Saine,<\/p>\n\n\n\n<p>Mais ou sont les neiges d\u2019anten&nbsp;?<\/p>\n\n\n\n<p>La Royne blanche comme liz,<\/p>\n\n\n\n<p>Qui chantoit a voix de seraine,<\/p>\n\n\n\n<p>Berte au plat pi\u00e9, Bietrix, Aliz,<\/p>\n\n\n\n<p>Haranburgis qui tint le Mayne,<\/p>\n\n\n\n<p>Et Jehanne, la bonne Lorraine,<\/p>\n\n\n\n<p>Qu\u2019Engloys bruslerent \u00e0 Rouen,<\/p>\n\n\n\n<p>O\u00f9 sont-ilz, ou, Vierge souveraine&nbsp;?<\/p>\n\n\n\n<p>Mais oo sont les neiges d\u2019anten&nbsp;?<\/p>\n\n\n\n<p>Prince, n\u2019enquerrez de sepmaine<\/p>\n\n\n\n<p>Ou elles sont ne de cest an,<\/p>\n\n\n\n<p>Qu\u2019a ce reffraing ne vous remaine&nbsp;:<\/p>\n\n\n\n<p>Mais ou sont les neiges d\u2019anten&nbsp;?<\/p>\n\n\n\n<p>On\nsait moins en revanche que dans ce passage du <em>Lais Fran\u00e7ois Villon<\/em> d\u00e9di\u00e9\n\u00e0 deux flics d\u2019alors \u00e0 qui il fait un don&nbsp;:<\/p>\n\n\n\n<p>Item,\nau Loup et \u00e0 Cholet<\/p>\n\n\n\n<p>Je\nlaisse \u00e0 tous deux un canard<\/p>\n\n\n\n<p>Pris\nsur l\u2019enceinte comme autrefois,<\/p>\n\n\n\n<p>Vers\nles foss\u00e9s, \u00e0 la nuit,<\/p>\n\n\n\n<p>Et\n\u00e0 chacun un grand manteau (dans le texte en ancien fran\u00e7ais&nbsp;: <em>tabard<\/em>)<\/p>\n\n\n\n<p>De\ncordelier tombant aux pieds,<\/p>\n\n\n\n<p>B\u00fbche,\ncharbon, des poids au lard<\/p>\n\n\n\n<p>Et\nmes gu\u00eatres sans empeigne.<\/p>\n\n\n\n<p>On\nsait moins, disions-nous, que ce manteau est en r\u00e9alit\u00e9 et en verlan un enfant\nb\u00e2tard (le mot <em>bastars<\/em> \u00e9tant mentionn\u00e9 dans la langue fran\u00e7aise depuis\nle XIII<sup>e&nbsp;<\/sup>si\u00e8cle).<\/p>\n\n\n\n<p>Le\ncoup du p\u00e8re Fran\u00e7ois, en somme\u2026<\/p>\n\n\n\n<p><strong>P\u00c9TRONE <\/strong><\/p>\n\n\n\n<p><strong><em>\u0152uvres\ncompl\u00e8tes<\/em><\/strong> de Fran\u00e7ois Villon, \u00e9dition et\ntraduction de Jacqueline Cerquiglini-Toulet, Paris, \u00c9ditions Gallimard,\ncollection \u00ab&nbsp;Folio classique&nbsp;\u00bb, juin&nbsp;2020, 523&nbsp;pp. en noir\net blanc au format 10,8&nbsp;x&nbsp;17,8&nbsp;cm sous couverture broch\u00e9e en\ncouleurs, 8,50&nbsp;\u20ac (prix France)<br><\/p>\n\n\n\n<hr class=\"wp-block-separator\" \/>\n\n\n\n<p><a href=\"#_ftnref1\">[1]<\/a> Wikip\u00e9dia.<\/p>\n","protected":false},"excerpt":{"rendered":"<p>Par P\u00e9trone.<\/p>\n","protected":false},"author":2,"featured_media":0,"comment_status":"closed","ping_status":"open","sticky":false,"template":"","format":"standard","meta":[],"categories":[54,11,56],"tags":[],"_links":{"self":[{"href":"https:\/\/www.satiricon.be\/index.php?rest_route=\/wp\/v2\/posts\/19353"}],"collection":[{"href":"https:\/\/www.satiricon.be\/index.php?rest_route=\/wp\/v2\/posts"}],"about":[{"href":"https:\/\/www.satiricon.be\/index.php?rest_route=\/wp\/v2\/types\/post"}],"author":[{"embeddable":true,"href":"https:\/\/www.satiricon.be\/index.php?rest_route=\/wp\/v2\/users\/2"}],"replies":[{"embeddable":true,"href":"https:\/\/www.satiricon.be\/index.php?rest_route=%2Fwp%2Fv2%2Fcomments&post=19353"}],"version-history":[{"count":2,"href":"https:\/\/www.satiricon.be\/index.php?rest_route=\/wp\/v2\/posts\/19353\/revisions"}],"predecessor-version":[{"id":19358,"href":"https:\/\/www.satiricon.be\/index.php?rest_route=\/wp\/v2\/posts\/19353\/revisions\/19358"}],"wp:attachment":[{"href":"https:\/\/www.satiricon.be\/index.php?rest_route=%2Fwp%2Fv2%2Fmedia&parent=19353"}],"wp:term":[{"taxonomy":"category","embeddable":true,"href":"https:\/\/www.satiricon.be\/index.php?rest_route=%2Fwp%2Fv2%2Fcategories&post=19353"},{"taxonomy":"post_tag","embeddable":true,"href":"https:\/\/www.satiricon.be\/index.php?rest_route=%2Fwp%2Fv2%2Ftags&post=19353"}],"curies":[{"name":"wp","href":"https:\/\/api.w.org\/{rel}","templated":true}]}}