{"id":19371,"date":"2020-06-25T16:34:20","date_gmt":"2020-06-25T14:34:20","guid":{"rendered":"http:\/\/www.satiricon.be\/?p=19371"},"modified":"2020-06-25T16:34:20","modified_gmt":"2020-06-25T14:34:20","slug":"la-belgitude-en-images","status":"publish","type":"post","link":"https:\/\/www.satiricon.be\/?p=19371","title":{"rendered":"La belgitude en images\u2026"},"content":{"rendered":"\n<div class=\"wp-block-image\"><figure class=\"aligncenter\"><img loading=\"lazy\" width=\"287\" height=\"350\" src=\"https:\/\/www.satiricon.be\/wp-content\/uploads\/2020\/06\/La-Belgique-dans-tous-ses-\u00e9tats-cover.jpg\" alt=\"\" class=\"wp-image-19374\" srcset=\"https:\/\/www.satiricon.be\/wp-content\/uploads\/2020\/06\/La-Belgique-dans-tous-ses-\u00e9tats-cover.jpg 287w, https:\/\/www.satiricon.be\/wp-content\/uploads\/2020\/06\/La-Belgique-dans-tous-ses-\u00e9tats-cover-246x300.jpg 246w\" sizes=\"(max-width: 287px) 100vw, 287px\" \/><\/figure><\/div>\n\n\n\n<p>Conseiller\nau Service public f\u00e9d\u00e9ral \u00c9conomie, PME, Classes moyennes et \u00c9nergie, ma\u00eetre de\nconf\u00e9rences en politique europ\u00e9enne \u00e0 l\u2019Universit\u00e9 de Mons-Hainaut, \u00c9ric Van\nden Abeele est \u00e9galement charg\u00e9 d\u2019enseignement \u00e0 l\u2019IHECS. Il a publi\u00e9 aux\n\u00e9ditions Luc Pire \u00e0 Waterloo <em>Les Myst\u00e8res de la franc-ma\u00e7onnerie<\/em>, <em>Les\nCombats socialistes dans l\u2019imagerie populaire<\/em>, <em>L\u00e9opold&nbsp;II.\nCaricatures d\u2019un roi <\/em>et, tout r\u00e9cemment, <strong><em>La Belgique dans tous ses\n\u00e9tats<\/em><\/strong>.<\/p>\n\n\n\n<p>Ce\nfort beau livre raconte l&rsquo;histoire de la Belgique au travers de l&rsquo;imagerie\npopulaire en reproduisant plus de 200 affiches, cartes postales, dessins,\nphotos et caricatures. <\/p>\n\n\n\n<p>En\nse basant sur une riche iconographie issue des mus\u00e9es et des centres de\ndocumentation du pays, mais \u00e9galement de collections priv\u00e9es, Eric Van den\nAbeele retrace l&rsquo;\u00e9volution de la repr\u00e9sentation de la Belgique au cours des\nquatre derniers si\u00e8cles. <\/p>\n\n\n\n<p>Du\nLion \u00e0 Dame Belgique, en passant par un floril\u00e8ge d&rsquo;images dr\u00f4les ou\ngrin\u00e7antes, l&rsquo;auteur conduit le lecteur de la r\u00e9volte braban\u00e7onne \u00e0\nl&rsquo;ind\u00e9pendance de 1830, de la Premi\u00e8re \u00e0 la Seconde Guerre mondiale, de\nl&rsquo;apr\u00e8s-guerre \u00e0 la f\u00e9d\u00e9ralisation du pays.<\/p>\n\n\n\n<p style=\"text-align:center\"><strong>Table des mati\u00e8res&nbsp;:<\/strong><\/p>\n\n\n\n<p>1\n\u2013 1787-1830&nbsp;: La marche victorieuse de la Belgique vers son ind\u00e9pendance<\/p>\n\n\n\n<p>2\n\u2013 1830-1913&nbsp;: Du rejet de la domination hollandaise \u00e0 l\u2019union sacr\u00e9e<\/p>\n\n\n\n<p>3\n\u2013 1914-1918&nbsp;: Une Belgique h\u00e9ro\u00efs\u00e9e et sublim\u00e9e<\/p>\n\n\n\n<p>4\n\u2013 1919-1939&nbsp;: De la reconstruction \u00e0 la mont\u00e9e des extr\u00eames<\/p>\n\n\n\n<p>5\n\u2013 1940-1945&nbsp;: Occupation, compromissions, Lib\u00e9ration<\/p>\n\n\n\n<p>6\n\u2013 1945-2013&nbsp;: De la Belgique unitaire \u00e0 la Belgique f\u00e9d\u00e9rale<\/p>\n\n\n\n<p>7\n\u2013 La Belgique aujourd\u2019hui<\/p>\n\n\n\n<div class=\"wp-block-image\"><figure class=\"aligncenter\"><img loading=\"lazy\" width=\"218\" height=\"350\" src=\"https:\/\/www.satiricon.be\/wp-content\/uploads\/2020\/06\/Inondation.jpg\" alt=\"\" class=\"wp-image-19372\" srcset=\"https:\/\/www.satiricon.be\/wp-content\/uploads\/2020\/06\/Inondation.jpg 218w, https:\/\/www.satiricon.be\/wp-content\/uploads\/2020\/06\/Inondation-187x300.jpg 187w\" sizes=\"(max-width: 218px) 100vw, 218px\" \/><\/figure><\/div>\n\n\n\n<p style=\"text-align:center\"><em>La Belgique se d\u00e9fend par l\u2019inondation<\/em>.\n<\/p>\n\n\n\n<p style=\"text-align:center\">Carte postale en couleurs r\u00e9alis\u00e9e par\nCharles Hirlemann (?), <\/p>\n\n\n\n<p style=\"text-align:center\">LV Compagnie \u00e9dition, Bruxelles, circa\n1914.<\/p>\n\n\n\n<p>L\u2019ouvrage\nfait par ailleurs l\u2019objet d\u2019une remarquable exposition au <em>Mundaneum<\/em> pr\u00e9sent\u00e9e\ndu 1<sup>er&nbsp;<\/sup>juillet 2020 au 18&nbsp;avril 2021.<\/p>\n\n\n\n<div class=\"wp-block-image\"><figure class=\"aligncenter\"><img loading=\"lazy\" width=\"249\" height=\"350\" src=\"https:\/\/www.satiricon.be\/wp-content\/uploads\/2020\/06\/La-Belgique-dans-tous-ses-\u00e9tats-affiche.jpg\" alt=\"\" class=\"wp-image-19373\" srcset=\"https:\/\/www.satiricon.be\/wp-content\/uploads\/2020\/06\/La-Belgique-dans-tous-ses-\u00e9tats-affiche.jpg 249w, https:\/\/www.satiricon.be\/wp-content\/uploads\/2020\/06\/La-Belgique-dans-tous-ses-\u00e9tats-affiche-213x300.jpg 213w\" sizes=\"(max-width: 249px) 100vw, 249px\" \/><\/figure><\/div>\n\n\n\n<p>Aujourd\u2019hui\n\u00e0 Mons et dot\u00e9 d\u2019un superbe espace d\u2019expositions Art d\u00e9co dont la sc\u00e9nographie\ninitiale est sign\u00e9e Fran\u00e7ois Schuiten et Beno\u00eet Peeters, le <em>Mundaneum<\/em>,\nqui fut nagu\u00e8re qualifi\u00e9 de \u00ab&nbsp;Google de papier&nbsp;\u00bb par le quotidien\nparisien <em>Le Monde<\/em>, est n\u00e9 au XIX<sup>e&nbsp;<\/sup>si\u00e8cle \u00e0 l\u2019initiative\nde Paul Otlet et Henri La Fontaine (Prix Nobel de la Paix en 1913) dont la\nvolont\u00e9 \u00e9tait de rassembler et classer toute la connaissance du monde. <\/p>\n\n\n\n<p>Ce\nprojet de paix par la connaissance a perdur\u00e9 et le <em>Mundaneum<\/em> est\naujourd\u2019hui un centre d\u2019archives priv\u00e9es et un espace mus\u00e9al reconnu par la\nF\u00e9d\u00e9ration-Wallonie. <\/p>\n\n\n\n<p>Au\nsous-sol du b\u00e2timent se trouvent 6 kilom\u00e8tres d\u2019archives qui sont mises \u00e0 la\ndisposition des chercheurs du monde entier. L\u2019espace mus\u00e9al accueille une\nexposition permanente et des expositions temporaires d\u2019envergure toute l\u2019ann\u00e9e.<\/p>\n\n\n\n<p>Reconnu\ninternationalement par le programme m\u00e9moire du Monde de l\u2019Unesco et par le\nLabel Patrimoine europ\u00e9en, le <em>Mundaneum <\/em>est aussi devenu une attraction\nincontournable en Wallonie.<\/p>\n\n\n\n<p style=\"text-align:center\"><strong>INFORMATIONS PRATIQUES&nbsp;:<\/strong><\/p>\n\n\n\n<p><strong>Dates&nbsp;:<\/strong><\/p>\n\n\n\n<p>Du\n1<sup>er&nbsp;<\/sup>juillet au 18 avril 2021<\/p>\n\n\n\n<p><strong>Adresse&nbsp;:<\/strong><\/p>\n\n\n\n<p>Mundaneum<\/p>\n\n\n\n<p>Rue\nde Nimy, 76<\/p>\n\n\n\n<p>7000\nMons (Belgique)<\/p>\n\n\n\n<p>T\u00e9l\u00e9phone\n: + 32 (0)65\/31.53.43 <\/p>\n\n\n\n<p><a href=\"http:\/\/www.mundaneum.org\">www.mundaneum.org<\/a> <\/p>\n\n\n\n<p>Des\nvisites guid\u00e9es ou p\u00e9dagogiques sont propos\u00e9es aux groupes, aux \u00e9coles, aux\nentreprises, au public \u00e0 besoins sp\u00e9cifiques\u2026<\/p>\n\n\n\n<p><strong>Tarifs&nbsp;:<\/strong><\/p>\n\n\n\n<p>\u2013\nAdultes (26-64 ans)&nbsp;: 7&nbsp;\u20ac<\/p>\n\n\n\n<p>\u2013\nSeniors (+65 ans) \/ groupes adultes&nbsp;: 5&nbsp;\u20ac<\/p>\n\n\n\n<p>\u2013\nDemandeurs d\u2019emploi \/ intervention major\u00e9e, enfants et \u00e9tudiants (-25 ans)&nbsp;:\n2&nbsp;\u20ac<\/p>\n\n\n\n<p>\u2013\nArticle 27&nbsp;: 1,25&nbsp;\u20ac + 1 ticket A27<\/p>\n\n\n\n<p>\u2013\nTicket combin\u00e9 individuel Collectionneurs d\u2019Id\u00e9es&nbsp;: 8&nbsp;\u20ac<\/p>\n\n\n\n<p>\u2013\nMuseumpassmus\u00e9es, Amis du Mundaneum, premier dimanche du mois, journalistes,\naccompagnateurs, Carte Prof&nbsp;: Gratuit<\/p>\n\n\n\n<p style=\"text-align:center\"><em>Visites guid\u00e9es (par groupe de 25\npersonnes)&nbsp;:<\/em><\/p>\n\n\n\n<p>\u2013\nGroupes adultes\/seniors&nbsp;: 85&nbsp;\u20ac\/groupe + 2&nbsp;\u20ac\/pers.<\/p>\n\n\n\n<p>\u2013\nGroupes scolaires\/\u00e9tudiants\/demandeurs d\u2019emploi\/Article&nbsp;27&nbsp;: 85&nbsp;\u20ac\/groupe\n+&nbsp;1,25&nbsp;\u20ac\/pers.<\/p>\n\n\n\n<p>En\nmarge de l\u2019exposition, un merchandising d\u00e9cal\u00e9 et belge est propos\u00e9. L\u2019occasion\nsera donn\u00e9e de pouvoir go\u00fbter aux 3&nbsp;bi\u00e8res sp\u00e9cialement brass\u00e9es pour l\u2019occasion.<\/p>\n\n\n\n<p><strong>P\u00c9TRONE<\/strong><\/p>\n\n\n\n<p><strong><em>La\nBelgique dans tous ses \u00e9tats \u2013 400 ans de repr\u00e9sentations iconographiques dans\nl&rsquo;imagerie populaire, l&rsquo;affiche politique et le dessin de presse <\/em><\/strong>par\n\u00c9ric van den Abeele, Waterloo, \u00c9ditions Luc Pire, octobre&nbsp;2019, 160&nbsp;pp.\nen quadrichromie au format 23&nbsp;x&nbsp;28&nbsp;cm sous couverture cartonn\u00e9e\nen couleurs, 29&nbsp;\u20ac <\/p>\n","protected":false},"excerpt":{"rendered":"<p>Par P\u00e9trone.<\/p>\n","protected":false},"author":2,"featured_media":0,"comment_status":"closed","ping_status":"open","sticky":false,"template":"","format":"standard","meta":[],"categories":[54,51,11],"tags":[],"_links":{"self":[{"href":"https:\/\/www.satiricon.be\/index.php?rest_route=\/wp\/v2\/posts\/19371"}],"collection":[{"href":"https:\/\/www.satiricon.be\/index.php?rest_route=\/wp\/v2\/posts"}],"about":[{"href":"https:\/\/www.satiricon.be\/index.php?rest_route=\/wp\/v2\/types\/post"}],"author":[{"embeddable":true,"href":"https:\/\/www.satiricon.be\/index.php?rest_route=\/wp\/v2\/users\/2"}],"replies":[{"embeddable":true,"href":"https:\/\/www.satiricon.be\/index.php?rest_route=%2Fwp%2Fv2%2Fcomments&post=19371"}],"version-history":[{"count":1,"href":"https:\/\/www.satiricon.be\/index.php?rest_route=\/wp\/v2\/posts\/19371\/revisions"}],"predecessor-version":[{"id":19375,"href":"https:\/\/www.satiricon.be\/index.php?rest_route=\/wp\/v2\/posts\/19371\/revisions\/19375"}],"wp:attachment":[{"href":"https:\/\/www.satiricon.be\/index.php?rest_route=%2Fwp%2Fv2%2Fmedia&parent=19371"}],"wp:term":[{"taxonomy":"category","embeddable":true,"href":"https:\/\/www.satiricon.be\/index.php?rest_route=%2Fwp%2Fv2%2Fcategories&post=19371"},{"taxonomy":"post_tag","embeddable":true,"href":"https:\/\/www.satiricon.be\/index.php?rest_route=%2Fwp%2Fv2%2Ftags&post=19371"}],"curies":[{"name":"wp","href":"https:\/\/api.w.org\/{rel}","templated":true}]}}