{"id":19689,"date":"2020-09-19T17:19:39","date_gmt":"2020-09-19T15:19:39","guid":{"rendered":"http:\/\/www.satiricon.be\/?p=19689"},"modified":"2020-09-19T17:19:39","modified_gmt":"2020-09-19T15:19:39","slug":"a-la-recherche-de-temps-perdus","status":"publish","type":"post","link":"https:\/\/www.satiricon.be\/?p=19689","title":{"rendered":"\u00c0 la recherche de temps perdus\u2026"},"content":{"rendered":"\n<div class=\"wp-block-image\"><figure class=\"aligncenter\"><img loading=\"lazy\" width=\"277\" height=\"350\" src=\"https:\/\/www.satiricon.be\/wp-content\/uploads\/2020\/09\/Sur-les-traces-dun-amour-inoubliable.jpg\" alt=\"\" class=\"wp-image-19690\" srcset=\"https:\/\/www.satiricon.be\/wp-content\/uploads\/2020\/09\/Sur-les-traces-dun-amour-inoubliable.jpg 277w, https:\/\/www.satiricon.be\/wp-content\/uploads\/2020\/09\/Sur-les-traces-dun-amour-inoubliable-237x300.jpg 237w\" sizes=\"(max-width: 277px) 100vw, 277px\" \/><\/figure><\/div>\n\n\n\n<p>Paru aux \u00c9ditions Chlo\u00e9 des Lys \u00e0 Barry, le roman de\nJean-Fran\u00e7ois Foulon intitul\u00e9 <strong><em>Sur les traces d&rsquo;un amour inoubliable <\/em><\/strong>met\nen sc\u00e8ne une jeune femme lanc\u00e9e \u00e0 la recherche du pass\u00e9 de son amant d\u00e9funt et qui\nd\u00e9couvrira que celui-ci, prof de fac bon teint, entre Belgique, France et pays\nd\u2019Europe, menait une triple vie.<\/p>\n\n\n\n<p>Un texte riche et foisonnant m\u00ealant ode \u00e0 la terre d\u2019Ardenne,\ncaf\u00e9s de la Grand-Place de Bruxelles, amours charnelles, petits h\u00f4tels discrets,\ngauchistes id\u00e9alistes, petites frappes d\u2019extr\u00eame droite, mouvement ATTAC,\nr\u00e9seau Gladio, d\u00e9fense de la cause palestinienne, meurtre, assassinat, attentat\nislamiste et r\u00e9cit dans le r\u00e9cit.<\/p>\n\n\n\n<p>Le tout habilement trouss\u00e9\u2026<\/p>\n\n\n\n<p><strong>P\u00c9TRONE<\/strong><\/p>\n\n\n\n<p><strong><em>Sur les traces d&rsquo;un amour inoubliable <\/em><\/strong>par\nJean-Fran\u00e7ois Foulon, Barry, \u00c9ditions Chlo\u00e9\ndes Lys, janvier&nbsp;2019, 307&nbsp;pp. en noir et blanc au format 15&nbsp;x&nbsp;21&nbsp;cm\nsous couverture broch\u00e9e en couleurs, 14&nbsp;\u20ac <\/p>\n","protected":false},"excerpt":{"rendered":"<p>Par P\u00e9trone.<\/p>\n","protected":false},"author":2,"featured_media":0,"comment_status":"closed","ping_status":"open","sticky":false,"template":"","format":"standard","meta":[],"categories":[51,11],"tags":[],"_links":{"self":[{"href":"https:\/\/www.satiricon.be\/index.php?rest_route=\/wp\/v2\/posts\/19689"}],"collection":[{"href":"https:\/\/www.satiricon.be\/index.php?rest_route=\/wp\/v2\/posts"}],"about":[{"href":"https:\/\/www.satiricon.be\/index.php?rest_route=\/wp\/v2\/types\/post"}],"author":[{"embeddable":true,"href":"https:\/\/www.satiricon.be\/index.php?rest_route=\/wp\/v2\/users\/2"}],"replies":[{"embeddable":true,"href":"https:\/\/www.satiricon.be\/index.php?rest_route=%2Fwp%2Fv2%2Fcomments&post=19689"}],"version-history":[{"count":1,"href":"https:\/\/www.satiricon.be\/index.php?rest_route=\/wp\/v2\/posts\/19689\/revisions"}],"predecessor-version":[{"id":19691,"href":"https:\/\/www.satiricon.be\/index.php?rest_route=\/wp\/v2\/posts\/19689\/revisions\/19691"}],"wp:attachment":[{"href":"https:\/\/www.satiricon.be\/index.php?rest_route=%2Fwp%2Fv2%2Fmedia&parent=19689"}],"wp:term":[{"taxonomy":"category","embeddable":true,"href":"https:\/\/www.satiricon.be\/index.php?rest_route=%2Fwp%2Fv2%2Fcategories&post=19689"},{"taxonomy":"post_tag","embeddable":true,"href":"https:\/\/www.satiricon.be\/index.php?rest_route=%2Fwp%2Fv2%2Ftags&post=19689"}],"curies":[{"name":"wp","href":"https:\/\/api.w.org\/{rel}","templated":true}]}}