{"id":19761,"date":"2020-10-07T15:37:56","date_gmt":"2020-10-07T13:37:56","guid":{"rendered":"http:\/\/www.satiricon.be\/?p=19761"},"modified":"2020-10-07T15:37:56","modified_gmt":"2020-10-07T13:37:56","slug":"tetes-de-lart","status":"publish","type":"post","link":"https:\/\/www.satiricon.be\/?p=19761","title":{"rendered":"T\u00eates de l&rsquo;art&#8230;"},"content":{"rendered":"\n<div class=\"wp-block-image\"><figure class=\"aligncenter\"><img loading=\"lazy\" width=\"268\" height=\"350\" src=\"https:\/\/www.satiricon.be\/wp-content\/uploads\/2020\/10\/Robert-Doisneau-\u2013-Un-artiste-chez-les-artistes.jpg\" alt=\"\" class=\"wp-image-19762\" srcset=\"https:\/\/www.satiricon.be\/wp-content\/uploads\/2020\/10\/Robert-Doisneau-\u2013-Un-artiste-chez-les-artistes.jpg 268w, https:\/\/www.satiricon.be\/wp-content\/uploads\/2020\/10\/Robert-Doisneau-\u2013-Un-artiste-chez-les-artistes-230x300.jpg 230w\" sizes=\"(max-width: 268px) 100vw, 268px\" \/><\/figure><\/div>\n\n\n\n<p>Brillant\nuniversitaire <a href=\"#_ftn1\">[1]<\/a>,\nmais aussi historien, critique de cin\u00e9ma <a href=\"#_ftn2\">[2]<\/a> et de th\u00e9\u00e2tre, Antoine de\nBaecque (\u00b01962) pr\u00e9sente et pr\u00e9face chez Flammarion un recueil intitul\u00e9 <strong><em>Robert\nDoisneau \u2013 Un artiste chez les artistes<\/em><\/strong>.<\/p>\n\n\n\n<p>Robert\nDoisneau (1912-1994) est l&rsquo;un des principaux repr\u00e9sentants du courant de la\nphotographie humaniste fran\u00e7aise d\u2019apr\u00e8s-guerre.<\/p>\n\n\n\n<p>L\u2019ouvrage\nreproduit 88 portraits en noir et blanc et en couleurs de peintres (notamment Georges\nBraque, Bernard Buffet, Andr\u00e9 Derain, Jean Dubuffet, Andr\u00e9 Dunoyer de Segonzac,\nMarcel Duchamp, L\u00e9onor Fini, Foujita, Alberto Giacometti, Marcel Gromaire, David\nHockney, Fernand L\u00e9ger, Roberto Matta, Niki de Saint-Phalle, Pablo Picasso, Raymond\nSavignac, Raoul Ubac, Maurice Utrillo, Victor Vasarely\u2026), d\u2019un sculpteur (C\u00e9sar),\nd\u2019un architecte (Le Corbusier) et de dessinateurs (Albert Dubout, Georges Wolinski),\ntous saisissants, ainsi que de l\u2019atelier des Lauves de Paul C\u00e9zanne \u00e0\nAix-en-Provence.<\/p>\n\n\n\n<p>Du\ngrand art pour l\u2019art&nbsp;!<\/p>\n\n\n\n<p><strong>P\u00c9TRONE<\/strong><\/p>\n\n\n\n<p><strong><em>Robert\nDoisneau \u2013 Un artiste chez les artistes <\/em><\/strong>pr\u00e9sent\u00e9 par Antoine de Baecque<strong>,\n<\/strong>Paris, \u00c9ditions Flammarion, octobre&nbsp;2020,\n128&nbsp;pp. en quadrichromie au format 17,7&nbsp;x&nbsp;23&nbsp;cm sous\ncouverture cartonn\u00e9e en couleurs, 24,90&nbsp;\u20ac (prix France)\n<br><\/p>\n\n\n\n<hr class=\"wp-block-separator\" \/>\n\n\n\n<p><a href=\"#_ftnref1\">[1]<\/a> Ancien \u00e9l\u00e8ve de l&rsquo;\u00c9cole\nnormale sup\u00e9rieure de Saint-Cloud (lettres), Antoine de Baecque est\nsp\u00e9cialiste en histoire culturelle du XVIII<sup>e&nbsp;<\/sup>si\u00e8cle. Il est agr\u00e9g\u00e9\nd&rsquo;histoire (1986) et il a soutenu une th\u00e8se de doctorat en histoire \u00e0\nl&rsquo;universit\u00e9 Paris&nbsp;I Panth\u00e9on-Sorbonne (1992-. Il a \u00e9t\u00e9 ma\u00eetre de\nconf\u00e9rences \u00e0 l&rsquo;universit\u00e9 de Versailles-Saint-Quentin-en-Yvelines, puis enseignant\npermanent \u00e0 l&rsquo;universit\u00e9 Paris Ouest Nanterre La D\u00e9fense et il professe depuis\n2018 \u00e0 l&rsquo;\u00c9cole normale sup\u00e9rieure.<\/p>\n\n\n\n<p><a href=\"#_ftnref2\">[2]<\/a> Il fut r\u00e9dacteur en\nchef des <em>Cahiers du cin\u00e9ma <\/em>de 1996 \u00e0 1998 puis des pages culture du\nquotidien <em>Lib\u00e9ration<\/em> de 2001 \u00e0 2006.<\/p>\n","protected":false},"excerpt":{"rendered":"<p>Par P\u00e9trone.<\/p>\n","protected":false},"author":2,"featured_media":0,"comment_status":"closed","ping_status":"open","sticky":false,"template":"","format":"standard","meta":[],"categories":[12,54,11],"tags":[],"_links":{"self":[{"href":"https:\/\/www.satiricon.be\/index.php?rest_route=\/wp\/v2\/posts\/19761"}],"collection":[{"href":"https:\/\/www.satiricon.be\/index.php?rest_route=\/wp\/v2\/posts"}],"about":[{"href":"https:\/\/www.satiricon.be\/index.php?rest_route=\/wp\/v2\/types\/post"}],"author":[{"embeddable":true,"href":"https:\/\/www.satiricon.be\/index.php?rest_route=\/wp\/v2\/users\/2"}],"replies":[{"embeddable":true,"href":"https:\/\/www.satiricon.be\/index.php?rest_route=%2Fwp%2Fv2%2Fcomments&post=19761"}],"version-history":[{"count":1,"href":"https:\/\/www.satiricon.be\/index.php?rest_route=\/wp\/v2\/posts\/19761\/revisions"}],"predecessor-version":[{"id":19763,"href":"https:\/\/www.satiricon.be\/index.php?rest_route=\/wp\/v2\/posts\/19761\/revisions\/19763"}],"wp:attachment":[{"href":"https:\/\/www.satiricon.be\/index.php?rest_route=%2Fwp%2Fv2%2Fmedia&parent=19761"}],"wp:term":[{"taxonomy":"category","embeddable":true,"href":"https:\/\/www.satiricon.be\/index.php?rest_route=%2Fwp%2Fv2%2Fcategories&post=19761"},{"taxonomy":"post_tag","embeddable":true,"href":"https:\/\/www.satiricon.be\/index.php?rest_route=%2Fwp%2Fv2%2Ftags&post=19761"}],"curies":[{"name":"wp","href":"https:\/\/api.w.org\/{rel}","templated":true}]}}