{"id":19964,"date":"2020-11-27T19:30:59","date_gmt":"2020-11-27T17:30:59","guid":{"rendered":"http:\/\/www.satiricon.be\/?p=19964"},"modified":"2020-11-27T19:30:59","modified_gmt":"2020-11-27T17:30:59","slug":"combats-navals","status":"publish","type":"post","link":"https:\/\/www.satiricon.be\/?p=19964","title":{"rendered":"Combats navals&#8230;"},"content":{"rendered":"\n<div class=\"wp-block-image\"><figure class=\"aligncenter\"><img loading=\"lazy\" width=\"262\" height=\"350\" src=\"https:\/\/www.satiricon.be\/wp-content\/uploads\/2020\/11\/Gravelines.jpg\" alt=\"\" class=\"wp-image-19966\" srcset=\"https:\/\/www.satiricon.be\/wp-content\/uploads\/2020\/11\/Gravelines.jpg 262w, https:\/\/www.satiricon.be\/wp-content\/uploads\/2020\/11\/Gravelines-225x300.jpg 225w\" sizes=\"(max-width: 262px) 100vw, 262px\" \/><\/figure><\/div>\n\n\n\n<p>Peintre officiel de la\nMarine, membre titulaire de l&rsquo;Acad\u00e9mie des Arts &amp; Sciences de la Mer\n(Pornichet, France), le Belge Jean-Yves Delitte (\u00b01963) est architecte-designer\nde formation. <\/p>\n\n\n\n<p>Il excelle dans les\nfresques maritimes en bandes dessin\u00e9es, et depuis 2017, il dirige aux \u00c9ditions\nGl\u00e9nat \u00e0 Grenoble la collection \u00ab&nbsp;Les grandes batailles navales&nbsp;\u00bb.<\/p>\n\n\n\n<p>Il vient d\u2019y publier <strong><em>Gravelines\n<\/em><\/strong>et <strong><em>Gondelour \u2013 Suffren, l&rsquo;amiral Satan<\/em><\/strong>, deux magnifiques albums ressuscitant\nde fameuses batailles de l\u2019histoire maritime europ\u00e9enne, celle qui vit la fin\nde l\u2019Invincible Armada <a href=\"#_ftn1\">[1]<\/a>\nen 1588 et celle qui eut lieu le 20 juin 1783 entre les marines fran\u00e7aise et\nbritannique, pendant la guerre d&rsquo;ind\u00e9pendance des \u00c9tats-Unis, pr\u00e8s de Gondelour,\nun port indien situ\u00e9 \u00e0 environ 180 km au sud de Madras et \u00e0 20 km au sud de\nPondich\u00e9ry. Cette ville est l&rsquo;ancienne capitale des comptoirs fran\u00e7ais de\nl&rsquo;Inde.<\/p>\n\n\n\n<p>En voici les r\u00e9sum\u00e9s&nbsp;:<\/p>\n\n\n\n<p><strong>Gravelines (8 ao\u00fbt 1588) <\/strong><\/p>\n\n\n\n<p>\u00c0 la fin du XVI<sup>e<\/sup>\nsi\u00e8cle, alors que l&rsquo;homme se lance \u00e0 la d\u00e9couverte du monde, sur le vieux\ncontinent, deux royaumes se d\u00e9chirent au nom de la foi. La tr\u00e8s catholique\nEspagne de Philippe&nbsp;II<a href=\"#_ftn2\">[2]<\/a>\nne supporte plus l&rsquo;impertinence d&rsquo;une Angleterre qui s&rsquo;est d\u00e9faite de\nl&rsquo;autorit\u00e9 papale depuis le schisme anglican. Partout o\u00f9 le royaume ib\u00e9rique a\ndes int\u00e9r\u00eats dans le commerce, l&rsquo;Angleterre d&rsquo;Elisabeth I<sup>re <a href=\"#_ftn3\">[3]<\/a><\/sup>\ns&#8217;emploie \u00e0 les contester.<\/p>\n\n\n\n<p>Philippe&nbsp;II a pour\nlui la puissance maritime et militaire, Elisabeth I<sup>re<\/sup> n&rsquo;a que le\ncourage de ses marins \u00e9m\u00e9rites comme Francis Drake <a href=\"#_ftn4\">[4]<\/a>.\nLe destin de l&rsquo;Angleterre va ainsi se jouer sur les eaux tumultueuses d&rsquo;une mer\n\u00e9troite au large des c\u00f4tes de Flandre dans les premiers jours du mois d&rsquo;ao\u00fbt de\n1588.<\/p>\n\n\n\n<div class=\"wp-block-image\"><figure class=\"aligncenter\"><img loading=\"lazy\" width=\"262\" height=\"350\" src=\"https:\/\/www.satiricon.be\/wp-content\/uploads\/2020\/11\/Gondelour.jpg\" alt=\"\" class=\"wp-image-19965\" srcset=\"https:\/\/www.satiricon.be\/wp-content\/uploads\/2020\/11\/Gondelour.jpg 262w, https:\/\/www.satiricon.be\/wp-content\/uploads\/2020\/11\/Gondelour-225x300.jpg 225w\" sizes=\"(max-width: 262px) 100vw, 262px\" \/><\/figure><\/div>\n\n\n\n<p><strong>L&rsquo;histoire du bailli de\nSuffren<\/strong><\/p>\n\n\n\n<p>Pierre Andr\u00e9 de Suffren <a href=\"#_ftn5\">[5]<\/a>\nest de ces marins qui connaissent tardivement les honneurs et la\nreconnaissance. Pourtant, l&rsquo;homme peut se targuer tr\u00e8s jeune de tout conna\u00eetre\nde la mer et de l&rsquo;art de la guerre. Mais corpulent, mal soign\u00e9, \u00e0 l&rsquo;humeur\ncapricieuse et au d\u00e9plaisant franc-parler, Pierre Andr\u00e9 de Suffren ne sait pas\nse faire appr\u00e9cier en des temps o\u00f9 il faut se montrer courtois et\nd\u00e9raisonnablement flatteur.<\/p>\n\n\n\n<p>C&rsquo;est la guerre\nd&rsquo;ind\u00e9pendance aux \u00c9tats-Unis qui permet \u00e0 l&rsquo;imp\u00e9tueux officier de marine\nd&rsquo;enfin d\u00e9montrer ses talents. Alors que les affrontements aux Am\u00e9riques\nperdurent depuis 1775, Louis&nbsp;XVI d\u00e9cide de porter le d\u00e9sordre dans les\naffaires anglaises aux Indes orientales. Une guerre ne peut se mener sans\nargent et le commerce avec les Indes remplit les caisses anglaises. Larguant\nles amarres en mars 1781 pour les eaux de l&rsquo;oc\u00e9an Indien, Suffren \u00e9crit qu&rsquo;il\nsaisira toute opportunit\u00e9 pour enfin fouler les chemins de la gloire.<\/p>\n\n\n\n<p>Avis aux amateurs d\u2019\u00e9pop\u00e9es\nhabilement cont\u00e9es et bellement illustr\u00e9es&nbsp;!<\/p>\n\n\n\n<p><strong>P\u00c9TRONE<\/strong><\/p>\n\n\n\n<p><strong><em>Gravelines<\/em><\/strong>, sc\u00e9nario de<strong><em> <\/em><\/strong>Jean-Yves\nDelitte, dessins de Denis B\u00e9chu, Giuseppe Baiguera et Nico Tamburo, couleurs\npar Douchka Delitte, Grenoble, \u00c9ditions Gl\u00e9nat, Paris, Mus\u00e9e national de la\nMarine, collection \u00ab&nbsp;Les grandes batailles navales&nbsp;\u00bb, octobre&nbsp;2020,\n56&nbsp;pp. en quadrichromie au format 24&nbsp;x&nbsp;32&nbsp;cm sous\ncouverture cartonn\u00e9e en couleurs, 14,95&nbsp;\u20ac (prix France)<\/p>\n\n\n\n<p><strong><em>Gondelour \u2013 Suffren,\nl&rsquo;amiral Satan <\/em><\/strong>par Jean-Yves Delitte, couleurs par\nDouchka Delitte, Grenoble, \u00c9ditions Gl\u00e9nat, Paris, Mus\u00e9e national de la Marine,\ncollection \u00ab&nbsp;Les grandes batailles navales&nbsp;\u00bb, octobre&nbsp;2020, 56&nbsp;pp.\nen quadrichromie au format 24&nbsp;x&nbsp;32&nbsp;cm sous couverture cartonn\u00e9e\nen couleurs, 14,95&nbsp;\u20ac (prix France)<br><\/p>\n\n\n\n<hr class=\"wp-block-separator\" \/>\n\n\n\n<p><a href=\"#_ftnref1\">[1]<\/a> L\u2019Invincible Armada est, en 1588,\nle nom de la flotte d&rsquo;invasion arm\u00e9e espagnole \u00e0 destination de l&rsquo;Angleterre.\nElle est affr\u00e9t\u00e9e par Philippe&nbsp;II d\u2019Espagne. Sa mission est la conqu\u00eate de\nl&rsquo;Angleterre protestante d\u2019\u00c9lisabeth I<sup>re<\/sup>, menace permanente pour la\nsouverainet\u00e9 espagnole sur ses territoires des Pays-Bas. La flotte espagnole se\ncomposait de 130 navires transportant 30&nbsp;000 hommes. Dans un premier\ntemps, face \u00e0 une marine anglaise agile et d\u00e9termin\u00e9e, elle ne parvient pas \u00e0\nengager le combat lors de la bataille de Gravelines. Puis, soumise \u00e0 des\nconditions m\u00e9t\u00e9orologiques tr\u00e8s difficiles et en l&rsquo;absence de tout port ami\npour rel\u00e2cher, elle n&rsquo;eut d&rsquo;autre choix que d&rsquo;abandonner le projet d&rsquo;invasion.\nC&rsquo;est lors du voyage du retour qu&rsquo;une temp\u00eate conduisit au naufrage de deux\ndouzaines de bateaux. <\/p>\n\n\n\n<p><a href=\"#_ftnref2\">[2]<\/a> Philippe II, n\u00e9 le 21 mai 1527 \u00e0\nValladolid et mort le 13 septembre 1598 au palais de l&rsquo;Escurial, fils a\u00een\u00e9 de\nCharles Quint et d&rsquo;Isabelle de Portugal, fut roi d&rsquo;Espagne, de Naples et de\nSicile, archiduc d&rsquo;Autriche, duc de Milan et prince souverain des Pays-Bas de\nl&rsquo;abdication de son p\u00e8re en 1555 \u00e0 sa mort. Il devint \u00e9galement roi de Portugal\napr\u00e8s l&rsquo;extinction de la maison d&rsquo;Aviz, en 1580. Du fait de son mariage avec\nMarie Tudor, il est roi d&rsquo;Angleterre de 1554 \u00e0 1558. En tant que roi d&rsquo;Espagne,\nil fut \u00e0 la t\u00eate des possessions espagnoles extra-europ\u00e9ennes, principalement\nen Am\u00e9rique, qui lui assur\u00e8rent des ressources consid\u00e9rables. Son long r\u00e8gne,\nentach\u00e9 par une l\u00e9gende noire due pour une large part \u00e0 la propagande de ses\nennemis, notamment l&rsquo;Angleterre d&rsquo;\u00c9lisabeth I<sub>re<\/sub> et les provinces\nprotestantes des Pays-Bas engag\u00e9es dans une longue guerre d&rsquo;ind\u00e9pendance,\nmarque l&rsquo;apog\u00e9e diplomatique de l&rsquo;Espagne, \u00e0 une \u00e9poque o\u00f9 le royaume de France\nvoisin est en proie aux guerres de Religion. <\/p>\n\n\n\n<p><a href=\"#_ftnref3\">[3]<\/a> \u00c9lisabeth I<sup>re<\/sup> (1533-1603)\nfut reine d&rsquo;Angleterre et d&rsquo;Irlande de 1558 \u00e0 sa mort. Elle \u00e9tait la fille du\nroi Henri&nbsp;VIII, et le cinqui\u00e8me et dernier membre de la dynastie des Tudor\nsur le tr\u00f4ne anglais. Comme reine, l&rsquo;une de ses premi\u00e8res d\u00e9cisions fut de\nrestaurer l&rsquo;autorit\u00e9 de l&rsquo;\u00c9glise protestante anglaise aux d\u00e9pens de l\u2019\u00c9glise\ncatholique comme seule religion d&rsquo;\u00c9tat. En 1570, le pape l&rsquo;excommunia et\nencouragea les sujets catholiques d&rsquo;\u00c9lisabeth \u00e0 ne plus lui ob\u00e9ir. Pendant son\nr\u00e8gne \u00e9clata la guerre anglo-espagnole qui vit l&rsquo;Invincible Armada tenter\nd&rsquo;envahir le royaume d&rsquo;Angleterre en 1588.<\/p>\n\n\n\n<p><a href=\"#_ftnref4\">[4]<\/a> Sir Francis Drake, n\u00e9 vers 1540 \u00e0\nTavistock (Devon, Angleterre) et mort le 27 janvier 1596 \u00e0 Portobelo (Panama), \u00e9tait\nun corsaire, explorateur et homme politique anglais du XVI<sup>e<\/sup> si\u00e8cle. La\nreine \u00c9lisabeth I<sup>re<\/sup> d&rsquo;Angleterre le fit chevalier en 1581. Il \u00e9tait\ncommandant en second de la flotte anglaise qui affronta l&rsquo;Invincible Armada\nespagnole. Il mourut de la dysenterie en janvier 1596 apr\u00e8s l&rsquo;attaque avort\u00e9e\nde San Juan \u00e0 Puerto Rico.<\/p>\n\n\n\n<p><a href=\"#_ftnref5\">[5]<\/a> Pierre Andr\u00e9 de Suffren, dit \u00ab&nbsp;le\nbailli de Suffren&nbsp;\u00bb et \u00e9galement connu sous le nom de \u00ab&nbsp;Suffren de\nSaint-Tropez&nbsp;\u00bb, est un vice-amiral fran\u00e7ais, bailli et commandeur de\nl\u2019ordre de Saint-Jean de J\u00e9rusalem, n\u00e9 le 17 juillet 1729 au ch\u00e2teau de\nSaint-Cannat pr\u00e8s d\u2019Aix-en-Provence et mort le 8 d\u00e9cembre 1788 \u00e0 Paris. (Sources&nbsp;:\nWikip\u00e9dia.)<\/p>\n","protected":false},"excerpt":{"rendered":"<p>Par P\u00e9trone.<\/p>\n","protected":false},"author":2,"featured_media":0,"comment_status":"closed","ping_status":"open","sticky":false,"template":"","format":"standard","meta":[],"categories":[51,11],"tags":[],"_links":{"self":[{"href":"https:\/\/www.satiricon.be\/index.php?rest_route=\/wp\/v2\/posts\/19964"}],"collection":[{"href":"https:\/\/www.satiricon.be\/index.php?rest_route=\/wp\/v2\/posts"}],"about":[{"href":"https:\/\/www.satiricon.be\/index.php?rest_route=\/wp\/v2\/types\/post"}],"author":[{"embeddable":true,"href":"https:\/\/www.satiricon.be\/index.php?rest_route=\/wp\/v2\/users\/2"}],"replies":[{"embeddable":true,"href":"https:\/\/www.satiricon.be\/index.php?rest_route=%2Fwp%2Fv2%2Fcomments&post=19964"}],"version-history":[{"count":1,"href":"https:\/\/www.satiricon.be\/index.php?rest_route=\/wp\/v2\/posts\/19964\/revisions"}],"predecessor-version":[{"id":19967,"href":"https:\/\/www.satiricon.be\/index.php?rest_route=\/wp\/v2\/posts\/19964\/revisions\/19967"}],"wp:attachment":[{"href":"https:\/\/www.satiricon.be\/index.php?rest_route=%2Fwp%2Fv2%2Fmedia&parent=19964"}],"wp:term":[{"taxonomy":"category","embeddable":true,"href":"https:\/\/www.satiricon.be\/index.php?rest_route=%2Fwp%2Fv2%2Fcategories&post=19964"},{"taxonomy":"post_tag","embeddable":true,"href":"https:\/\/www.satiricon.be\/index.php?rest_route=%2Fwp%2Fv2%2Ftags&post=19964"}],"curies":[{"name":"wp","href":"https:\/\/api.w.org\/{rel}","templated":true}]}}