{"id":19982,"date":"2020-12-02T21:10:51","date_gmt":"2020-12-02T19:10:51","guid":{"rendered":"http:\/\/www.satiricon.be\/?p=19982"},"modified":"2020-12-02T21:20:41","modified_gmt":"2020-12-02T19:20:41","slug":"annus-horribilis-2","status":"publish","type":"post","link":"https:\/\/www.satiricon.be\/?p=19982","title":{"rendered":"Annus horribilis&#8230;"},"content":{"rendered":"\n<div class=\"wp-block-image\"><figure class=\"aligncenter\"><img loading=\"lazy\" width=\"251\" height=\"350\" src=\"https:\/\/www.satiricon.be\/wp-content\/uploads\/2020\/12\/Une-ann\u00e9e-sans-fin-par-Pierre-Kroll.jpg\" alt=\"\" class=\"wp-image-19984\" srcset=\"https:\/\/www.satiricon.be\/wp-content\/uploads\/2020\/12\/Une-ann\u00e9e-sans-fin-par-Pierre-Kroll.jpg 251w, https:\/\/www.satiricon.be\/wp-content\/uploads\/2020\/12\/Une-ann\u00e9e-sans-fin-par-Pierre-Kroll-215x300.jpg 215w\" sizes=\"(max-width: 251px) 100vw, 251px\" \/><\/figure><\/div>\n\n\n\n<p>Rassemblant pr\u00e8s de 300\ndessins caustiques de Pierre Kroll parus entre l\u2019automne 2019 et l\u2019\u00e9t\u00e9 2020 dans\n<em>Le Soir<\/em>, <em>Cin\u00e9-T\u00e9l\u00e9-Revue<\/em>, <em>Le Quinzi\u00e8me Jour<\/em> <a href=\"#_ftn1\">[1]<\/a>,\n<em>Bonjour<\/em> <a href=\"#_ftn2\">[2]<\/a>, <em>Les\nGrignoux<\/em> <a href=\"#_ftn3\">[3]<\/a> et\nsur les plateaux de la RTBF, mais aussi un certain nombre d\u2019in\u00e9dits, l\u2019album <strong><em>Une\nann\u00e9e sans fin<\/em><\/strong> (Paris, Les Ar\u00e8nes) constitue un savoureux condens\u00e9 des\n\u00e9v\u00e9nements qui ont secou\u00e9 la Belgique et le Monde durant cette p\u00e9riode.<\/p>\n\n\n\n<p>Une p\u00e9riode qui vit la Belgique\nse chercher interminablement un gouvernement tout en se d\u00e9couvrant une Premi\u00e8re\nministre int\u00e9rimaire, l\u2019Europe entamer une valse-h\u00e9sitation autour du Brexit, Donald\nTrump \u00e9pater ou indigner \u2013 c\u2019est selon \u2013 la terre enti\u00e8re dans sa campagne\n\u00e9lectorale, Greta Thunberg faire le show pour le climat, Albert&nbsp;II devenir\np\u00e8re une nouvelle fois, la Flandre et la Wallonie s\u2019\u00e9triper pour des queues de\ncerises, Weinstein se faire condamner, Annie Cordy et Antoinette Spaak nous\nquitter, des activistes se d\u00e9cha\u00eener contre L\u00e9opold&nbsp;II et le p\u00e8re\nFouettard, puis le Covid-19 appara\u00eetre pour causer ses ravages, bien \u00e9paul\u00e9 par\nMaggie De Block\u2026<\/p>\n\n\n\n<p>Une \u00e9poque qui fit le\nbonheur des marchands de papier WC et des trafiquants de masques, qui ravagea l\u2019\u00e9conomie\nlors du confinement et la sant\u00e9 publique durant le d\u00e9confinement, qui fit s\u2019effondrer\nl\u2019Horeca et le monde du spectacle, qui vit na\u00eetre le concept de distanciation\nsociale et qui provoqua la multiplication de tests au fond des narines\u2026<\/p>\n\n\n\n<p>\u00ab&nbsp;Une \u00e9poque\nformidable&nbsp;\u00bb, comme disait Coluche en d\u2019autres temps\u2026<\/p>\n\n\n\n<div class=\"wp-block-image\"><figure class=\"aligncenter\"><img loading=\"lazy\" width=\"501\" height=\"350\" src=\"https:\/\/www.satiricon.be\/wp-content\/uploads\/2020\/12\/Kroll-1.jpg\" alt=\"\" class=\"wp-image-19983\" srcset=\"https:\/\/www.satiricon.be\/wp-content\/uploads\/2020\/12\/Kroll-1.jpg 501w, https:\/\/www.satiricon.be\/wp-content\/uploads\/2020\/12\/Kroll-1-300x210.jpg 300w\" sizes=\"(max-width: 501px) 100vw, 501px\" \/><\/figure><\/div>\n\n\n\n<p><strong>P\u00c9TRONE <\/strong><\/p>\n\n\n\n<p><strong><em>Une ann\u00e9e sans fin <\/em><\/strong>par Pierre Kroll, Paris, \u00c9ditions\nLes Ar\u00e8nes, novembre&nbsp;2020, 96&nbsp;pp. en quadrichromie au format 20&nbsp;x&nbsp;29,7&nbsp;cm\nsous couverture cartonn\u00e9e en couleurs, 20&nbsp;\u20ac (prix France)<br><\/p>\n\n\n\n<hr class=\"wp-block-separator\" \/>\n\n\n\n<p><a href=\"#_ftnref1\">[1]<\/a> Mensuel de l\u2019Universit\u00e9 de Li\u00e8ge.<\/p>\n\n\n\n<p><a href=\"#_ftnref2\">[2]<\/a> Magazine du\nService d\u2019aide centrale \u00e0 domicile.<\/p>\n\n\n\n<p><a href=\"#_ftnref3\">[3]<\/a> Journal de\nl\u2019entreprise culturelle d\u2019\u00e9conomie sociale \u00e9ponyme, une asbl g\u00e9rant 13 salles\nde cin\u00e9ma sur trois sites li\u00e9geois et un site namurois.<\/p>\n","protected":false},"excerpt":{"rendered":"<p>Par P\u00e9trone.<\/p>\n","protected":false},"author":2,"featured_media":0,"comment_status":"closed","ping_status":"open","sticky":false,"template":"","format":"standard","meta":[],"categories":[11,65],"tags":[],"_links":{"self":[{"href":"https:\/\/www.satiricon.be\/index.php?rest_route=\/wp\/v2\/posts\/19982"}],"collection":[{"href":"https:\/\/www.satiricon.be\/index.php?rest_route=\/wp\/v2\/posts"}],"about":[{"href":"https:\/\/www.satiricon.be\/index.php?rest_route=\/wp\/v2\/types\/post"}],"author":[{"embeddable":true,"href":"https:\/\/www.satiricon.be\/index.php?rest_route=\/wp\/v2\/users\/2"}],"replies":[{"embeddable":true,"href":"https:\/\/www.satiricon.be\/index.php?rest_route=%2Fwp%2Fv2%2Fcomments&post=19982"}],"version-history":[{"count":3,"href":"https:\/\/www.satiricon.be\/index.php?rest_route=\/wp\/v2\/posts\/19982\/revisions"}],"predecessor-version":[{"id":19987,"href":"https:\/\/www.satiricon.be\/index.php?rest_route=\/wp\/v2\/posts\/19982\/revisions\/19987"}],"wp:attachment":[{"href":"https:\/\/www.satiricon.be\/index.php?rest_route=%2Fwp%2Fv2%2Fmedia&parent=19982"}],"wp:term":[{"taxonomy":"category","embeddable":true,"href":"https:\/\/www.satiricon.be\/index.php?rest_route=%2Fwp%2Fv2%2Fcategories&post=19982"},{"taxonomy":"post_tag","embeddable":true,"href":"https:\/\/www.satiricon.be\/index.php?rest_route=%2Fwp%2Fv2%2Ftags&post=19982"}],"curies":[{"name":"wp","href":"https:\/\/api.w.org\/{rel}","templated":true}]}}