{"id":2006,"date":"2010-12-29T05:25:55","date_gmt":"2010-12-29T03:25:55","guid":{"rendered":"http:\/\/www.satiricon.be\/?p=2006"},"modified":"2010-12-28T19:50:13","modified_gmt":"2010-12-28T17:50:13","slug":"un-continent-ou-les-reves-parurent-bien-reels%e2%80%a6","status":"publish","type":"post","link":"https:\/\/www.satiricon.be\/?p=2006","title":{"rendered":"Un continent o\u00f9 les r\u00eaves parurent bien r\u00e9els\u2026"},"content":{"rendered":"<p style=\"text-align: center;\"><a href=\"https:\/\/www.satiricon.be\/wp-content\/uploads\/2010\/12\/LAfrique-r\u00eav\u00e9e-affiche.jpg\"><img loading=\"lazy\" class=\"size-full wp-image-2007 aligncenter\" title=\"L'Afrique r\u00eav\u00e9e (affiche)\" src=\"https:\/\/www.satiricon.be\/wp-content\/uploads\/2010\/12\/LAfrique-r\u00eav\u00e9e-affiche.jpg\" alt=\"\" width=\"281\" height=\"350\" srcset=\"https:\/\/www.satiricon.be\/wp-content\/uploads\/2010\/12\/LAfrique-r\u00eav\u00e9e-affiche.jpg 281w, https:\/\/www.satiricon.be\/wp-content\/uploads\/2010\/12\/LAfrique-r\u00eav\u00e9e-affiche-240x300.jpg 240w\" sizes=\"(max-width: 281px) 100vw, 281px\" \/><\/a><\/p>\n<p style=\"text-align: justify;\">\n<p style=\"text-align: justify;\">Du 4\u00a0d\u00e9cembre\u00a02010 au 28 mars\u00a02011, le Mus\u00e9e des Beaux-Arts de Tournai accueille une superbe exposition intitul\u00e9e <strong><em>\u00ab\u00a0L&rsquo;Afrique r\u00eav\u00e9e\u00a0\u00bb, images d&rsquo;un continent \u00e0 l&rsquo;\u00ab\u00a0\u00c2ge d&rsquo;or\u00a0\u00bb de la colonisation 1920-1940<\/em><\/strong>, permettant d\u2019admirer de splendides \u0153uvres picturales (d\u2019un ma\u00eetre anonyme des anciens Pays-Bas qui officia durant le premier tiers du XVI<sup>e <\/sup>si\u00e8cle, de Paul Gauguin, de Pablo Picasso, de Constant Permeke, d\u2019Alexandre Iacovleff, d\u2019Auguste Mambour, de Pierre de Vaucleroy, de Fernand Allard l\u2019Olivier, de Djilatendo, d\u2019Albert Lubaki, de Fernand Lantoine, de Charles Allard, de Th\u00e9o-Pierre Derocher, de Karel De Kesel, d\u2019Auguste Lev\u00eaque, de Hyacinthe Rigaud, de Fernand Cormon, excusez du peu\u00a0!), des statues (d\u2019Arthur Dupagne, d\u2019Ars\u00e8ne Matton, de Tom Frantzen), des photographies de Casimir Zagourski, des projets de l\u2019architecte visionnaire Henry Lacoste, des dessins (d\u2019Herg\u00e9 et de F\u00e9licien Rops, notamment), des extraits de films ainsi que divers objets, parfois fort beaux, comme un tabouret sculpt\u00e9 mangbetu ou un tr\u00f4ne batuala, ou plus simplement curieux, comme un casque de la Ganza ramen\u00e9 par les participants \u00e0 fameuse la  Croisi\u00e8re noire organis\u00e9e \u00e0 l\u2019instigation d\u2019Andr\u00e9 Citro\u00ebn entre le 28\u00a0octobre\u00a01924 et le 26\u00a0juin\u00a01925 \u00e0 travers l\u2019Alg\u00e9rie, le Niger, le Tchad, l&rsquo;Oubangui-Chari et le Congo belge.<\/p>\n<p style=\"text-align: justify;\">Les \u00c9ditions Racine \u00e0 Bruxelles en ont \u00e9dit\u00e9 le superbe catalogue, avec l\u2019aide du commissaire de l\u2019exposition (Jean-Pierre De Rijcke, par ailleurs conservateur du Mus\u00e9e des Beaux-Arts de Tournai), d\u2019une historienne d\u2019art (R\u00e9gine Remon, directrice du Cabinet des Estampes \u00e0 Li\u00e8ge), d\u2019historiens (\u00c9ric Hennaut, chercheur aux Archives d\u2019Architecture moderne, Patricia Van Schuylenbergh, chef de projets au Mus\u00e9e Royal de l\u2019Afrique Centrale \u00e0 Tervuren ou encore Caroline Haardt de la Baume, sp\u00e9cialiste de Iacovleff), d\u2019un fin connaisseur de la culture litt\u00e9raire congolaise (Marc Quaghebeur, directeur des Archives et Mus\u00e9e de la  Litt\u00e9rature \u00e0 la Biblioth\u00e8que Royale Albertine de Bruxelles) et d\u2019un grand sp\u00e9cialiste du terrain (Joseph Ibongo, directeur de l\u2019Institut des Mus\u00e9es nationaux \u00e0 Kinshasa).<\/p>\n<p style=\"text-align: justify;\">Une occasion en or pour se lancer \u00e0 la red\u00e9couverte du \u00ab\u00a0continent myst\u00e9rieux\u00a0\u00bb\u00a0!<\/p>\n<p style=\"text-align: justify;\">\n<p style=\"text-align: justify;\"><strong>P\u00c9TRONE<\/strong><\/p>\n<p style=\"text-align: justify;\">\n<p style=\"text-align: justify;\"><strong><em>\u00ab\u00a0L&rsquo;Afrique r\u00eav\u00e9e\u00a0\u00bb, images d&rsquo;un continent \u00e0 l&rsquo;\u00ab\u00a0\u00c2ge d&rsquo;or\u00a0\u00bb de la colonisation 1920-1940<\/em><\/strong>, ouvrage collectif sous la direction de Jean-Pierre De Rijcke, Bruxelles, \u00c9ditions Racine, d\u00e9cembre\u00a02010, 143\u00a0pp. en quadrichromie au format 22\u00a0x\u00a022\u00a0cm sous couverture broch\u00e9e en couleurs, 19,95\u00a0\u20ac<\/p>\n<p style=\"text-align: justify;\">\n<p style=\"text-align: justify;\"><strong>Mus\u00e9e des Beaux-Arts<\/strong><\/p>\n<p style=\"text-align: justify;\">Enclos Saint-Martin<\/p>\n<p style=\"text-align: justify;\">7500 Tournai<\/p>\n<p style=\"text-align: justify;\">T\u00e9l\u00e9phone\u00a0: +32 69 33 24 31<\/p>\n<p style=\"text-align: justify;\">Email\u00a0: <a href=\"musee.beaux-arts@tournai.be\">musee.beaux-arts@tournai.be<\/a><\/p>\n<p style=\"text-align: justify;\">Site Internet\u00a0: <a href=\"www.tournai.be\/musee-beaux-arts\">www.tournai.be\/musee-beaux-arts<\/a><\/p>\n<p style=\"text-align: justify;\">\n<p style=\"text-align: justify;\"><strong>Horaires<\/strong><\/p>\n<p style=\"text-align: justify;\">10h00 \u00e0 12h00 &#8211; 14h00 \u00e0 17h00<\/p>\n<p style=\"text-align: justify;\">Ferm\u00e9 le mardi &amp; le dimanche matin<\/p>\n<p style=\"text-align: justify;\">Ferm\u00e9 les 24, 25, 26 &amp; 31 d\u00e9cembre 2010 et les 1<sup>er<\/sup> et 2\u00a0janvier 2010<\/p>\n<p style=\"text-align: justify;\">\n<p style=\"text-align: justify;\"><strong>Tarifs<\/strong><\/p>\n<p style=\"text-align: justify;\">Tarif plein (individuels)\u00a0: 6,00 \u20ac<\/p>\n<p style=\"text-align: justify;\">Tarif r\u00e9duit\u00a0: 4,00 \u20ac (groupes, seniors, jeunes de 6 \u00e0 18\u00a0ans, \u00e9tudiants)<\/p>\n<p style=\"text-align: justify;\">Groupes scolaires\u00a0: 2,00 \u20ac<\/p>\n","protected":false},"excerpt":{"rendered":"<p>Du 4 d\u00e9cembre 2010 au 28 mars 2011, le Mus\u00e9e des Beaux-Arts de Tournai accueille une superbe exposition intitul\u00e9e \u00ab L&rsquo;Afrique r\u00eav\u00e9e \u00bb, images d&rsquo;un continent \u00e0 l&rsquo;\u00ab \u00c2ge d&rsquo;or \u00bb de la colonisation 1920-1940, permettant d\u2019admirer de splendides \u0153uvres picturales.<\/p>\n","protected":false},"author":2,"featured_media":0,"comment_status":"open","ping_status":"open","sticky":false,"template":"","format":"standard","meta":[],"categories":[12,58],"tags":[],"_links":{"self":[{"href":"https:\/\/www.satiricon.be\/index.php?rest_route=\/wp\/v2\/posts\/2006"}],"collection":[{"href":"https:\/\/www.satiricon.be\/index.php?rest_route=\/wp\/v2\/posts"}],"about":[{"href":"https:\/\/www.satiricon.be\/index.php?rest_route=\/wp\/v2\/types\/post"}],"author":[{"embeddable":true,"href":"https:\/\/www.satiricon.be\/index.php?rest_route=\/wp\/v2\/users\/2"}],"replies":[{"embeddable":true,"href":"https:\/\/www.satiricon.be\/index.php?rest_route=%2Fwp%2Fv2%2Fcomments&post=2006"}],"version-history":[{"count":3,"href":"https:\/\/www.satiricon.be\/index.php?rest_route=\/wp\/v2\/posts\/2006\/revisions"}],"predecessor-version":[{"id":2009,"href":"https:\/\/www.satiricon.be\/index.php?rest_route=\/wp\/v2\/posts\/2006\/revisions\/2009"}],"wp:attachment":[{"href":"https:\/\/www.satiricon.be\/index.php?rest_route=%2Fwp%2Fv2%2Fmedia&parent=2006"}],"wp:term":[{"taxonomy":"category","embeddable":true,"href":"https:\/\/www.satiricon.be\/index.php?rest_route=%2Fwp%2Fv2%2Fcategories&post=2006"},{"taxonomy":"post_tag","embeddable":true,"href":"https:\/\/www.satiricon.be\/index.php?rest_route=%2Fwp%2Fv2%2Ftags&post=2006"}],"curies":[{"name":"wp","href":"https:\/\/api.w.org\/{rel}","templated":true}]}}