{"id":20348,"date":"2021-03-13T13:48:02","date_gmt":"2021-03-13T11:48:02","guid":{"rendered":"http:\/\/www.satiricon.be\/?p=20348"},"modified":"2021-03-13T13:48:02","modified_gmt":"2021-03-13T11:48:02","slug":"les-silences-de-la-mort","status":"publish","type":"post","link":"https:\/\/www.satiricon.be\/?p=20348","title":{"rendered":"Les silences de la mort&#8230;"},"content":{"rendered":"\n<div class=\"wp-block-image\"><figure class=\"aligncenter\"><img loading=\"lazy\" width=\"246\" height=\"350\" src=\"https:\/\/www.satiricon.be\/wp-content\/uploads\/2021\/03\/La-mal\u00e9diction-des-mots.jpg\" alt=\"\" class=\"wp-image-20349\" srcset=\"https:\/\/www.satiricon.be\/wp-content\/uploads\/2021\/03\/La-mal\u00e9diction-des-mots.jpg 246w, https:\/\/www.satiricon.be\/wp-content\/uploads\/2021\/03\/La-mal\u00e9diction-des-mots-211x300.jpg 211w\" sizes=\"(max-width: 246px) 100vw, 246px\" \/><\/figure><\/div>\n\n\n\n<p>\u00c9velyne Guzy vit \u00e0\nBruxelles. Apr\u00e8s des \u00e9tudes de journalisme et une agr\u00e9gation \u2013 compl\u00e9t\u00e9es plus\ntard par une formation \u00e0 la recherche \u2013, elle consacre l\u2019essentiel de sa\ncarri\u00e8re \u00e0 l\u2019\u00e9criture et \u00e0 la communication&nbsp;: auteure de brochures\nd\u2019information sur des th\u00e8mes d\u2019int\u00e9r\u00eat citoyen, \u00e9ditrice, <em>ghost writer<\/em> \u00e0\nl\u2019occasion, coach en \u00e9criture et en communication. Elle a assur\u00e9 une chronique\nlitt\u00e9raire consacr\u00e9e aux \u00e9crivains belges sur BXFM 104.3 et collabore \u00e0 la\nrevue litt\u00e9raire <em>Marginales<\/em>.<\/p>\n\n\n\n<p>Dans son cinqui\u00e8me\nouvrage \u2013 apr\u00e8s <em>Attentats-suicides. Le cas isra\u00e9lo-palestinien<\/em> (un\nouvrage collectif r\u00e9dig\u00e9 sous sa direction et paru en 2004), <em>Dans le sang<\/em>\n(roman, 2009), <em>Bruxelles-les-Eaux <\/em>(r\u00e9cit, 2010) et <em>Le martyr de l\u2019\u00c9toile<a href=\"#_ftn1\"><strong>[1]<\/strong><\/a><\/em>\n(roman, 2012) \u2013 <strong><em>La Mal\u00e9diction des Mots<\/em><\/strong> publi\u00e9 chez M.E.O. \u00e0\nBruxelles, elle se met en sc\u00e8ne sous le pr\u00e9nom d\u2019Eva pour partir \u00e0 la recherche\nde ses a\u00efeuls juifs polonais qu\u2019elle a mal connus et pour enqu\u00eater sur les\ndires et les non-dits de son p\u00e8re \u00e0 propos de l\u2019\u00e9poque troubl\u00e9e et sem\u00e9e des\nemb\u00fbches de l\u2019antis\u00e9mitisme, du nazisme et de la volont\u00e9 de survivre cach\u00e9s qu\u2019a\nd\u00fb affronter la famille.<\/p>\n\n\n\n<p>En voici le r\u00e9sum\u00e9,\nr\u00e9dig\u00e9 par l\u2019auteure&nbsp;:<\/p>\n\n\n\n<p>\u00ab&nbsp;Et si le silence\nse r\u00e9v\u00e9lait un cadeau&nbsp;? C\u2019est la question que se pose Eva lorsqu\u2019elle\nentame une enqu\u00eate sur la vie de ceux qui ne sont plus l\u00e0 pour parler.<\/p>\n\n\n\n<p>Icek, le survivant. Terne\net laid, le grand-p\u00e8re paternel d\u2019Eva semblait sans histoire. Un immigr\u00e9 juif\nvenu de Pologne dans les ann\u00e9es 1930, comme bien d\u2019autres. Jusqu\u2019au jour o\u00f9 Eva\npense d\u00e9couvrir son pass\u00e9 communiste. Qui \u00e9tait vraiment Icek&nbsp;?<\/p>\n\n\n\n<p>Gro\u00efnim, l\u2019enfant d\u2019Icek,\nle p\u00e8re d\u2019Eva. Peu avant de mourir, il lui a l\u00e9gu\u00e9 une vid\u00e9o qui t\u00e9moigne de\nson pass\u00e9 de guerre. Mais, \u00e0 l\u2019analyse, tout ne colle pas\u2026 O\u00f9 se situe la\nv\u00e9rit\u00e9 alors que l\u2019enfance cach\u00e9e de Gro\u00efnim lui a appris la dissimulation&nbsp;?<\/p>\n\n\n\n<p>Doniek, le r\u00e9sistant,\ngrand-p\u00e8re maternel d\u2019Eva. Figure importante de la lutte arm\u00e9e belge, dirigeant\nsioniste respect\u00e9 et fervent anticommuniste, Doniek a v\u00e9cu une descente aux\nenfers lorsqu\u2019un historien a mis en cause son action. Qui a tort, qui a raison&nbsp;?<\/p>\n\n\n\n<p>Au carrefour des vies du\nSurvivant, de l\u2019Enfant et du R\u00e9sistant, Eva se saisit de sa propre existence et\nse forge un destin choisi, dans l\u2019amour des silences du pass\u00e9.&nbsp;\u00bb<\/p>\n\n\n\n<p>Quoique fond\u00e9e, par la\nforce des choses, sur des archives lacunaires, la qu\u00eate d\u2019\u00c9velyne Guzy est\nrigoureuse et restitue avec autant d\u2019intelligence que de tact le quotidien m\u00e9connu\nde Belges moyens dont le yiddish \u00e9tait la langue et pour qui le courage discret,\nmais tenace, \u00e9tait le lot de la survie\u2026<\/p>\n\n\n\n<p>Une belle r\u00e9surrection&nbsp;!<\/p>\n\n\n\n<p><strong>P\u00c9TRONE <\/strong><\/p>\n\n\n\n<p><strong><em>La mal\u00e9diction des mots <\/em><\/strong>par \u00c9velyne Guzy, Bruxelles,\n\u00c9ditions\nM.E.O., f\u00e9vrier&nbsp;2021, 233&nbsp;pp. en noir et blanc au format 15&nbsp;x&nbsp;21,3&nbsp;cm\nsous couverture broch\u00e9e en couleurs, 18&nbsp;\u20ac <br><\/p>\n\n\n\n<hr class=\"wp-block-separator\" \/>\n\n\n\n<p><a href=\"#_ftnref1\">[1]<\/a> Un texte particuli\u00e8rement\nremarquable portant sur le djihadisme en Belgique.<\/p>\n","protected":false},"excerpt":{"rendered":"<p>Par P\u00e9trone.<\/p>\n","protected":false},"author":2,"featured_media":0,"comment_status":"closed","ping_status":"open","sticky":false,"template":"","format":"standard","meta":[],"categories":[77,51,11],"tags":[],"_links":{"self":[{"href":"https:\/\/www.satiricon.be\/index.php?rest_route=\/wp\/v2\/posts\/20348"}],"collection":[{"href":"https:\/\/www.satiricon.be\/index.php?rest_route=\/wp\/v2\/posts"}],"about":[{"href":"https:\/\/www.satiricon.be\/index.php?rest_route=\/wp\/v2\/types\/post"}],"author":[{"embeddable":true,"href":"https:\/\/www.satiricon.be\/index.php?rest_route=\/wp\/v2\/users\/2"}],"replies":[{"embeddable":true,"href":"https:\/\/www.satiricon.be\/index.php?rest_route=%2Fwp%2Fv2%2Fcomments&post=20348"}],"version-history":[{"count":1,"href":"https:\/\/www.satiricon.be\/index.php?rest_route=\/wp\/v2\/posts\/20348\/revisions"}],"predecessor-version":[{"id":20350,"href":"https:\/\/www.satiricon.be\/index.php?rest_route=\/wp\/v2\/posts\/20348\/revisions\/20350"}],"wp:attachment":[{"href":"https:\/\/www.satiricon.be\/index.php?rest_route=%2Fwp%2Fv2%2Fmedia&parent=20348"}],"wp:term":[{"taxonomy":"category","embeddable":true,"href":"https:\/\/www.satiricon.be\/index.php?rest_route=%2Fwp%2Fv2%2Fcategories&post=20348"},{"taxonomy":"post_tag","embeddable":true,"href":"https:\/\/www.satiricon.be\/index.php?rest_route=%2Fwp%2Fv2%2Ftags&post=20348"}],"curies":[{"name":"wp","href":"https:\/\/api.w.org\/{rel}","templated":true}]}}