{"id":20632,"date":"2021-05-07T10:48:19","date_gmt":"2021-05-07T08:48:19","guid":{"rendered":"https:\/\/www.satiricon.be\/?p=20632"},"modified":"2021-05-07T10:48:19","modified_gmt":"2021-05-07T08:48:19","slug":"lorsque-lhomme-shabitue-a-voir-les-autres-porter-les-chaines-de-lesclavage-cest-quil-accepte-lui-meme-un-jour-de-les-porter-abraham-lincoln","status":"publish","type":"post","link":"https:\/\/www.satiricon.be\/?p=20632","title":{"rendered":"\u00ab Lorsque l&rsquo;homme s&rsquo;habitue \u00e0 voir les autres porter les cha\u00eenes de l&rsquo;esclavage, c&rsquo;est qu&rsquo;il accepte lui-m\u00eame un jour de les porter.\u00a0\u00bb (Abraham Lincoln)"},"content":{"rendered":"\n<div class=\"wp-block-image\"><figure class=\"aligncenter size-large\"><a href=\"https:\/\/www.satiricon.be\/wp-content\/uploads\/2021\/05\/Lhistoire-de-lesclavage-et-de-la-traite-negriere.jpg\"><img loading=\"lazy\" width=\"222\" height=\"350\" src=\"https:\/\/www.satiricon.be\/wp-content\/uploads\/2021\/05\/Lhistoire-de-lesclavage-et-de-la-traite-negriere.jpg\" alt=\"\" class=\"wp-image-20633\" srcset=\"https:\/\/www.satiricon.be\/wp-content\/uploads\/2021\/05\/Lhistoire-de-lesclavage-et-de-la-traite-negriere.jpg 222w, https:\/\/www.satiricon.be\/wp-content\/uploads\/2021\/05\/Lhistoire-de-lesclavage-et-de-la-traite-negriere-190x300.jpg 190w\" sizes=\"(max-width: 222px) 100vw, 222px\" \/><\/a><\/figure><\/div>\n\n\n\n<p>En France, 10 mai 2021 est \u00e0 la fois la journ\u00e9e nationale des m\u00e9moires de la traite n\u00e9gri\u00e8re et de l\u2019esclavage et de leurs abolitions et celle de la c\u00e9l\u00e9bration des 20 ans du vote de la loi Taubira, l\u2019occasion pour les \u00c9ditions Flammarion de publier dans la collection \u00ab&nbsp;Librio&nbsp;\u00bb <strong><em>L\u2019histoire de l\u2019esclavage et de la traite n\u00e9gri\u00e8re<\/em><\/strong>, un essai tr\u00e8s didactique r\u00e9dig\u00e9 par des historiens et des politiques<a href=\"#_ftn1\">[1]<\/a> sous la direction de Marc Cheb Sun<a href=\"#_ftn2\">[2]<\/a> dans lequel surgissent de l\u2019ombre des v\u00e9rit\u00e9s m\u00e9connues.<\/p>\n\n\n\n<p>Un court ouvrage qui pousse \u00e0 la r\u00e9flexion sur un sujet dont le traitement m\u00e9moriel demeure br\u00fblant \u00e0 bien des \u00e9gards\u2026<\/p>\n\n\n\n<p><strong>P\u00c9TRONE <\/strong><\/p>\n\n\n\n<p><strong><em>L\u2019histoire de l\u2019esclavage et de la traite n\u00e9gri\u00e8re \u2013 10 nouvelles approches<\/em><\/strong> sous la direction de Marc Cheb Sun, Paris, \u00c9ditions Flammarion, collection \u00ab&nbsp;Librio&nbsp;\u00bb, mai&nbsp;2021, 93&nbsp;pp. en noir et blanc au format 12,9&nbsp;x&nbsp;20,4&nbsp;cm sous couverture broch\u00e9e en couleurs, 5&nbsp;\u20ac<\/p>\n\n\n\n<p class=\"has-text-align-center\"><strong>Sommaire<\/strong><\/p>\n\n\n\n<p>1. La traite transatlantique repose-t-elle sur une id\u00e9ologie racialiste&nbsp;?<\/p>\n\n\n\n<p>2. R\u00e9sistances des victimes<\/p>\n\n\n\n<p>3. La lutte contre l\u2019esclavage&nbsp;: le r\u00f4le des femmes<\/p>\n\n\n\n<p>4. R\u00e9sistances des Europ\u00e9ens<\/p>\n\n\n\n<p>5. La traite n\u00e9gri\u00e8re a-t-elle favoris\u00e9 le d\u00e9veloppement \u00e9conomique de l\u2019Europe ?<\/p>\n\n\n\n<p>6. Nantes, Bordeaux, La Rochelle : l\u2019h\u00e9ritage des grands ports n\u00e9griers fran\u00e7ais<\/p>\n\n\n\n<p>7. Comment l\u2019esclavagisme et le colonialisme se sont-ils superpos\u00e9s dans l\u2019histoire ?<\/p>\n\n\n\n<p>8. L\u2019esclavage et la traite n\u00e9gri\u00e8re, \u00e0 l\u2019origine du discours sur la \u00ab&nbsp;rac&nbsp;\u00bb<\/p>\n\n\n\n<p>9. Alexandre Dumas, petit-fils d\u2019esclave<\/p>\n\n\n\n<p>10. Faut-il d\u00e9coloniser l\u2019histoire pour comprendre le monde&nbsp;?<\/p>\n\n\n\n<hr class=\"wp-block-separator\" \/>\n\n\n\n<p><a href=\"#_ftnref1\">[1]<\/a> Ont contribu\u00e9 \u00e0 cet ouvrage : Ant\u00f3nio de Almeida Mendes, Jean-Marc Ayrault, Pascal Blanchard, Myriam Cottias, Doudou Di\u00e8ne, R\u00e9jane \u00c9reau, Fanny Glissant, Aline Helg, Maboula Soumahoro, Fran\u00e7oise Verg\u00e8s, ainsi que les r\u00e9dacteurs de dailleursetdici.news.<\/p>\n\n\n\n<p><a href=\"#_ftnref2\">[2]<\/a> Marc Cheb Sun est \u00e9ditorialiste et \u00e9crivain. Il dirige le m\u00e9dia dailleursetdici.news.<\/p>\n","protected":false},"excerpt":{"rendered":"<p>Par P\u00e9trone.<\/p>\n","protected":false},"author":2,"featured_media":0,"comment_status":"closed","ping_status":"open","sticky":false,"template":"","format":"standard","meta":[],"categories":[49,11,56],"tags":[],"_links":{"self":[{"href":"https:\/\/www.satiricon.be\/index.php?rest_route=\/wp\/v2\/posts\/20632"}],"collection":[{"href":"https:\/\/www.satiricon.be\/index.php?rest_route=\/wp\/v2\/posts"}],"about":[{"href":"https:\/\/www.satiricon.be\/index.php?rest_route=\/wp\/v2\/types\/post"}],"author":[{"embeddable":true,"href":"https:\/\/www.satiricon.be\/index.php?rest_route=\/wp\/v2\/users\/2"}],"replies":[{"embeddable":true,"href":"https:\/\/www.satiricon.be\/index.php?rest_route=%2Fwp%2Fv2%2Fcomments&post=20632"}],"version-history":[{"count":1,"href":"https:\/\/www.satiricon.be\/index.php?rest_route=\/wp\/v2\/posts\/20632\/revisions"}],"predecessor-version":[{"id":20634,"href":"https:\/\/www.satiricon.be\/index.php?rest_route=\/wp\/v2\/posts\/20632\/revisions\/20634"}],"wp:attachment":[{"href":"https:\/\/www.satiricon.be\/index.php?rest_route=%2Fwp%2Fv2%2Fmedia&parent=20632"}],"wp:term":[{"taxonomy":"category","embeddable":true,"href":"https:\/\/www.satiricon.be\/index.php?rest_route=%2Fwp%2Fv2%2Fcategories&post=20632"},{"taxonomy":"post_tag","embeddable":true,"href":"https:\/\/www.satiricon.be\/index.php?rest_route=%2Fwp%2Fv2%2Ftags&post=20632"}],"curies":[{"name":"wp","href":"https:\/\/api.w.org\/{rel}","templated":true}]}}