{"id":20791,"date":"2021-06-01T15:35:18","date_gmt":"2021-06-01T13:35:18","guid":{"rendered":"https:\/\/www.satiricon.be\/?p=20791"},"modified":"2021-06-01T15:35:18","modified_gmt":"2021-06-01T13:35:18","slug":"la-france-cest-le-francais-quand-il-est-bien-ecrit-napoleon-bonaparte","status":"publish","type":"post","link":"https:\/\/www.satiricon.be\/?p=20791","title":{"rendered":"\u00ab La France, c&rsquo;est le fran\u00e7ais quand il est bien \u00e9crit.\u00a0\u00bb (Napol\u00e9on Bonaparte)"},"content":{"rendered":"\n<div class=\"wp-block-image\"><figure class=\"aligncenter size-large\"><a href=\"https:\/\/www.satiricon.be\/wp-content\/uploads\/2021\/06\/100-lieux-pour-decouvrir-la-France-avec-Franck-Ferrand.jpg\"><img loading=\"lazy\" width=\"236\" height=\"350\" src=\"https:\/\/www.satiricon.be\/wp-content\/uploads\/2021\/06\/100-lieux-pour-decouvrir-la-France-avec-Franck-Ferrand.jpg\" alt=\"\" class=\"wp-image-20792\" srcset=\"https:\/\/www.satiricon.be\/wp-content\/uploads\/2021\/06\/100-lieux-pour-decouvrir-la-France-avec-Franck-Ferrand.jpg 236w, https:\/\/www.satiricon.be\/wp-content\/uploads\/2021\/06\/100-lieux-pour-decouvrir-la-France-avec-Franck-Ferrand-202x300.jpg 202w\" sizes=\"(max-width: 236px) 100vw, 236px\" \/><\/a><\/figure><\/div>\n\n\n\n<p>Dipl\u00f4m\u00e9 de l\u2019Institut d&rsquo;\u00e9tudes politiques de Paris (Sciences Po, section Service public, 1989), Franck Ferrand, n\u00e9 le 12 octobre 1967 \u00e0 Poitiers, est un \u00e9crivain et animateur audiovisuel fran\u00e7ais sp\u00e9cialis\u00e9 en histoire de son pays.<\/p>\n\n\n\n<p>Auteur d&rsquo;ouvrages de vulgarisation<a href=\"#_ftn1\">[1]<\/a>, il intervient notamment \u00e0 la radio, \u00e0 la t\u00e9l\u00e9vision et dans la presse \u00e9crite pour <em>Valeurs actuelles, <\/em>o\u00f9 il a pris au d\u00e9but de 2021 la succession de l\u2019\u00e9crivain Denis Tillinac<a href=\"#_ftn2\">[2]<\/a> (1947-2020) \u00e0 la r\u00e9daction de la tribune de la derni\u00e8re page.<\/p>\n\n\n\n<p>De 1995 \u00e0 1998, il a sign\u00e9 les textes de nombreux \u00e9pisodes de l&rsquo;\u00e9mission radiophonique de Pierre Bellemare <em>Les Aventuriers du XX<sup>e<\/sup> si\u00e8cle<\/em>.<\/p>\n\n\n\n<p>Chaque ann\u00e9e, il commente sur France T\u00e9l\u00e9visions les beaut\u00e9s de l\u2019Hexagone lors du Tour de France cycliste, ce qui lui a donn\u00e9 l\u2019id\u00e9e de son nouvel opus intitul\u00e9 <strong><em>100 lieux pour d\u00e9couvrir la France avec Franck Ferrand<\/em><\/strong> (Paris, Flammarion), un \u00ab&nbsp;recueil o\u00f9 les hauts lieux culturels et naturels ne sont pas class\u00e9s par r\u00e9gion, mais par th\u00e8me, afin de donner \u00e0 voir toute la richesse et toute la vari\u00e9t\u00e9 d&rsquo;un patrimoine incomparable&nbsp;\u00bb.<strong><em><\/em><\/strong><\/p>\n\n\n\n<p>Le tout en douze chapitres abondamment illustr\u00e9s (Paris, La France ancienne, la France m\u00e9di\u00e9vale, la France spirituelle, La France des tr\u00e9sors, La France des ch\u00e2teaux, La France des artistes, La France des mus\u00e9es, La France de la m\u00e9moire, La France des vignobles, La France des jardins et La France des sites naturels) et compl\u00e9t\u00e9s par 6 cartes g\u00e9ographiques permettant au lecteur de choisir ses itin\u00e9raires.<\/p>\n\n\n\n<p>Qui prouvent une nouvelle fois que l\u2019histoire de France est un roman passionnant\u2026<\/p>\n\n\n\n<p><strong>P\u00c9TRONE <\/strong><\/p>\n\n\n\n<p><strong><em>100 lieux pour d\u00e9couvrir la France avec Franck Ferrand \u2013 Mon tour de la France <\/em><\/strong>par Franck Ferrand, Paris, \u00c9ditions Flammarion, juin\u00a02021, 166\u00a0pp. en quadrichromie au format 16,4\u00a0x\u00a024\u00a0cm sous couverture broch\u00e9e en couleurs et \u00e0 rabats, 16,90\u00a0\u20ac (prix France)<\/p>\n\n\n\n<hr class=\"wp-block-separator\" \/>\n\n\n\n<p><a href=\"#_ftnref1\">[1]<\/a> <em>Ils ont sauv\u00e9 Versailles&nbsp;: de 1789 \u00e0 nos jours<\/em> (2003), <em>La grande \u00e9poque des sports d\u2019hiver<\/em> (2003), <em>Jacques Garcia ou l&rsquo;\u00e9loge du d\u00e9cor<\/em> (2005), <em>G\u00e9rald Van der Kemp&nbsp;: Un gentilhomme \u00e0 Versailles<\/em> (2005), <em>L&rsquo;Histoire interdite<\/em>, <em>r\u00e9v\u00e9lations sur l\u2019histoire de France<\/em> (2008), <em>Au c\u0153ur de l&rsquo;histoire<\/em> (2011), <em>Versailles apr\u00e8s les rois<\/em> (2012), <em>Du sang sur l&rsquo;histoire<\/em> (2012), <em>Dictionnaire amoureux de Versailles<\/em> (2013), <em>Fran\u00e7ois I<sup>er<\/sup>, roi de chim\u00e8res<\/em> (2014), <em>L&rsquo;Histoire au jour le jour<\/em> (2015), <em>Franck Ferrand raconte<\/em> (2019), Franck Ferrand et Catherine Lalanne, <em>Mon enfance, quelle histoire&nbsp;!<\/em> (2019), <em>Portraits et Destins<\/em> (2021), participation \u00e0 l\u2019ouvrage de Marc Welinski, <em>Comment bien vivre la fin de ce monde<\/em> (2021).<\/p>\n\n\n\n<p><a href=\"#_ftnref2\">[2]<\/a> Auteur notamment d\u2019<em>Elvis&nbsp;: Balade sudiste <\/em>aux \u00c9ditions de La Table Ronde en 2007, un bel essai consacr\u00e9 \u00e0 Elvis Presley.<\/p>\n","protected":false},"excerpt":{"rendered":"<p>Par P\u00e9trone.<\/p>\n","protected":false},"author":2,"featured_media":0,"comment_status":"closed","ping_status":"open","sticky":false,"template":"","format":"standard","meta":[],"categories":[54,11,56],"tags":[],"_links":{"self":[{"href":"https:\/\/www.satiricon.be\/index.php?rest_route=\/wp\/v2\/posts\/20791"}],"collection":[{"href":"https:\/\/www.satiricon.be\/index.php?rest_route=\/wp\/v2\/posts"}],"about":[{"href":"https:\/\/www.satiricon.be\/index.php?rest_route=\/wp\/v2\/types\/post"}],"author":[{"embeddable":true,"href":"https:\/\/www.satiricon.be\/index.php?rest_route=\/wp\/v2\/users\/2"}],"replies":[{"embeddable":true,"href":"https:\/\/www.satiricon.be\/index.php?rest_route=%2Fwp%2Fv2%2Fcomments&post=20791"}],"version-history":[{"count":1,"href":"https:\/\/www.satiricon.be\/index.php?rest_route=\/wp\/v2\/posts\/20791\/revisions"}],"predecessor-version":[{"id":20793,"href":"https:\/\/www.satiricon.be\/index.php?rest_route=\/wp\/v2\/posts\/20791\/revisions\/20793"}],"wp:attachment":[{"href":"https:\/\/www.satiricon.be\/index.php?rest_route=%2Fwp%2Fv2%2Fmedia&parent=20791"}],"wp:term":[{"taxonomy":"category","embeddable":true,"href":"https:\/\/www.satiricon.be\/index.php?rest_route=%2Fwp%2Fv2%2Fcategories&post=20791"},{"taxonomy":"post_tag","embeddable":true,"href":"https:\/\/www.satiricon.be\/index.php?rest_route=%2Fwp%2Fv2%2Ftags&post=20791"}],"curies":[{"name":"wp","href":"https:\/\/api.w.org\/{rel}","templated":true}]}}