{"id":20800,"date":"2021-06-02T17:02:57","date_gmt":"2021-06-02T15:02:57","guid":{"rendered":"https:\/\/www.satiricon.be\/?p=20800"},"modified":"2021-06-02T17:11:23","modified_gmt":"2021-06-02T15:11:23","slug":"les-meilleurs-amis-de-lhomme","status":"publish","type":"post","link":"https:\/\/www.satiricon.be\/?p=20800","title":{"rendered":"Les meilleurs amis de l&rsquo;homme&#8230;"},"content":{"rendered":"\n<div class=\"wp-block-image\"><figure class=\"aligncenter size-large\"><a href=\"https:\/\/www.satiricon.be\/wp-content\/uploads\/2021\/06\/Les-chevaux.jpg\"><img loading=\"lazy\" width=\"302\" height=\"350\" src=\"https:\/\/www.satiricon.be\/wp-content\/uploads\/2021\/06\/Les-chevaux.jpg\" alt=\"\" class=\"wp-image-20801\" srcset=\"https:\/\/www.satiricon.be\/wp-content\/uploads\/2021\/06\/Les-chevaux.jpg 302w, https:\/\/www.satiricon.be\/wp-content\/uploads\/2021\/06\/Les-chevaux-259x300.jpg 259w\" sizes=\"(max-width: 302px) 100vw, 302px\" \/><\/a><\/figure><\/div>\n\n\n\n<p>Journaliste scientifique depuis 2000, \u00c9milie Gillet collabore avec des magazines grand public et la presse sp\u00e9cialis\u00e9e. Passionn\u00e9e par les animaux et leurs comportements, elle est aussi l\u2019auteur de plusieurs livres sur ce th\u00e8me. Chez Larousse Jeunesse, elle est l&rsquo;auteur de plusieurs ouvrages, notamment dans les collections \u00ab&nbsp;Ma baby encyclop\u00e9die Larousse&nbsp;\u00bb et \u00ab&nbsp;Dis-moi&nbsp;!&nbsp;\u00bb.<\/p>\n\n\n\n<p>C\u2019est pr\u00e9cis\u00e9ment dans cette derni\u00e8re collection qu\u2019elle avait fait para\u00eetre <strong><em>Les chevaux&nbsp;!<\/em><\/strong> en 2017, un ouvrage \u00e0 spirale qui ressort ces jours-ci et qui r\u00e9pond \u00e0 212 questions que se posent bon nombre d\u2019enfants de 6 \u00e0 10&nbsp;ans.<\/p>\n\n\n\n<p>Par exemple\u00a0: Combien d\u2019heures par jour dort le cheval\u00a0? Que mange un cheval\u00a0? Pourquoi les chevaux se grattent-ils entre eux\u00a0? Qu\u2019est-ce qu\u2019un licol\u00a0? Quand faut-il nettoyer le box\u00a0? Pourquoi dit-on \u00ab\u00a0pur-sang\u00a0\u00bb\u00a0? De quel c\u00f4t\u00e9 monte-t-on sur un cheval\u00a0? Faut-il parler \u00e0 son cheval\u00a0? Qui a priorit\u00e9 quand deux cavaliers se croisent\u00a0? Que signifie \u00ab\u00a0raccourcir ses r\u00eanes\u00a0\u00bb\u00a0? Qui est l\u2019anc\u00eatre du cheval\u00a0? Qui a invent\u00e9 l\u2019\u00e9trier\u00a0? Le cheval sait-il nager\u00a0?<\/p>\n\n\n\n<p>Ces questions sont r\u00e9parties en quatre th\u00e8mes&nbsp;:<\/p>\n\n\n\n<p>\u2013 Anatomie et comportement<\/p>\n\n\n\n<p>\u2013 Soins et pratique<\/p>\n\n\n\n<p>\u2013 \u00c9quitation<\/p>\n\n\n\n<p>\u2013 Histoire<\/p>\n\n\n\n<p>Ces th\u00e8mes sont s\u00e9par\u00e9s par des intercalaires, qui permettent une utilisation tr\u00e8s pratique.<\/p>\n\n\n\n<p>En outre, trois planches d\u2019autocollants viennent agr\u00e9menter l\u2019ouvrage.<\/p>\n\n\n\n<p>Enfin, la fermeture du livre est originale&nbsp;: une patte sur toute la hauteur qui se rabat sur la couverture, maintenue par un \u00e9lastique le long duquel coulisse un petit personnage qui vient s\u2019incruster dans l\u2019\u00e9paisseur de la patte de fermeture.<\/p>\n\n\n\n<p>En selle, les amis&nbsp;!<\/p>\n\n\n\n<p><strong>P\u00c9TRONE <\/strong><\/p>\n\n\n\n<p><strong><em>Les chevaux&nbsp;! <\/em><\/strong>par \u00c9milie Gillet<strong><em>, <\/em><\/strong>illustrations de Lymut, David Rapher, Ewa Lambrechts et Judit Frigola,<strong><em> <\/em><\/strong>Paris, \u00c9ditions Larousse, collection \u00ab&nbsp;Dis-moi&nbsp;!&nbsp;\u00bb, avril&nbsp;2021, 112&nbsp;pp. en quadrichromie au format 17&nbsp;x&nbsp;23,4&nbsp;cm sous couverture cartonn\u00e9e en couleurs et reliure en spirale, 14,95&nbsp;\u20ac (prix France)<\/p>\n","protected":false},"excerpt":{"rendered":"<p>Par P\u00e9trone.<\/p>\n","protected":false},"author":2,"featured_media":0,"comment_status":"closed","ping_status":"open","sticky":false,"template":"","format":"standard","meta":[],"categories":[11,56],"tags":[],"_links":{"self":[{"href":"https:\/\/www.satiricon.be\/index.php?rest_route=\/wp\/v2\/posts\/20800"}],"collection":[{"href":"https:\/\/www.satiricon.be\/index.php?rest_route=\/wp\/v2\/posts"}],"about":[{"href":"https:\/\/www.satiricon.be\/index.php?rest_route=\/wp\/v2\/types\/post"}],"author":[{"embeddable":true,"href":"https:\/\/www.satiricon.be\/index.php?rest_route=\/wp\/v2\/users\/2"}],"replies":[{"embeddable":true,"href":"https:\/\/www.satiricon.be\/index.php?rest_route=%2Fwp%2Fv2%2Fcomments&post=20800"}],"version-history":[{"count":2,"href":"https:\/\/www.satiricon.be\/index.php?rest_route=\/wp\/v2\/posts\/20800\/revisions"}],"predecessor-version":[{"id":20803,"href":"https:\/\/www.satiricon.be\/index.php?rest_route=\/wp\/v2\/posts\/20800\/revisions\/20803"}],"wp:attachment":[{"href":"https:\/\/www.satiricon.be\/index.php?rest_route=%2Fwp%2Fv2%2Fmedia&parent=20800"}],"wp:term":[{"taxonomy":"category","embeddable":true,"href":"https:\/\/www.satiricon.be\/index.php?rest_route=%2Fwp%2Fv2%2Fcategories&post=20800"},{"taxonomy":"post_tag","embeddable":true,"href":"https:\/\/www.satiricon.be\/index.php?rest_route=%2Fwp%2Fv2%2Ftags&post=20800"}],"curies":[{"name":"wp","href":"https:\/\/api.w.org\/{rel}","templated":true}]}}