{"id":20859,"date":"2021-06-13T13:23:17","date_gmt":"2021-06-13T11:23:17","guid":{"rendered":"https:\/\/www.satiricon.be\/?p=20859"},"modified":"2021-06-13T13:23:17","modified_gmt":"2021-06-13T11:23:17","slug":"charmes-ruraux","status":"publish","type":"post","link":"https:\/\/www.satiricon.be\/?p=20859","title":{"rendered":"Charmes ruraux&#8230;"},"content":{"rendered":"\n<div class=\"wp-block-image\"><figure class=\"aligncenter size-large\"><a href=\"https:\/\/www.satiricon.be\/wp-content\/uploads\/2021\/06\/Les-plus-beaux-villages-de-France-2021.jpg\"><img loading=\"lazy\" width=\"282\" height=\"350\" src=\"https:\/\/www.satiricon.be\/wp-content\/uploads\/2021\/06\/Les-plus-beaux-villages-de-France-2021.jpg\" alt=\"\" class=\"wp-image-20860\" srcset=\"https:\/\/www.satiricon.be\/wp-content\/uploads\/2021\/06\/Les-plus-beaux-villages-de-France-2021.jpg 282w, https:\/\/www.satiricon.be\/wp-content\/uploads\/2021\/06\/Les-plus-beaux-villages-de-France-2021-242x300.jpg 242w\" sizes=\"(max-width: 282px) 100vw, 282px\" \/><\/a><\/figure><\/div>\n\n\n\n<p>Depuis pr\u00e8s de 40 ans, l&rsquo;association <em>Les Plus Beaux Villages de France<\/em> s&rsquo;attache \u00e0 pr\u00e9server et \u00e0 valoriser le patrimoine de ces lieux magnifiques h\u00e9rit\u00e9s de l&rsquo;histoire et de la g\u00e9ographie de l\u2019Hexagone.<\/p>\n\n\n\n<p>L\u2019\u00e9dition 2021 de son guide officiel, <strong><em>Les plus beaux villages de France<\/em><\/strong>, un superbe ouvrage collectif publi\u00e9 chez Flammarion \u00e0 Paris, permet d\u2019aller \u00e0 la d\u00e9couverte des 159&nbsp;merveilles de son classement.<\/p>\n\n\n\n<p>On y trouve en effet&nbsp;:<\/p>\n\n\n\n<p>\u2022 Des cartes et toutes les informations pratiques pour trouver le village et se rep\u00e9rer.<\/p>\n\n\n\n<p>\u2022 Des adresses pour se loger et se restaurer.<\/p>\n\n\n\n<p>\u2022 La liste des sites, des activit\u00e9s et des \u00e9v\u00e9nements incontournables \u00e0 d\u00e9couvrir.<\/p>\n\n\n\n<p>\u2022 Et, en guise de nouveaut\u00e9, quelques sp\u00e9cialit\u00e9s villageoises sucr\u00e9es.<\/p>\n\n\n\n<p>Si l\u2019envie vous prenait, par exemple, d\u2019aller savourer des moules sauvages \u00ab&nbsp;blondes&nbsp;\u00bb \u00e0 <strong>Barfleur<\/strong>, de la bi\u00e8re d\u2019Alsace \u00e0 <strong>Riquewihr<\/strong>, du cidre \u00e0 <strong>Beuvron-en-Auge<\/strong>, de la truffe \u00e0 Grignan, du fromage \u00e0 <strong>Salers<\/strong> ou des sp\u00e9cialit\u00e9s basques \u00e0 <strong>Ainhoa<\/strong>, d\u2019admirer les roses de Picardie \u00e0 <strong>Gerberoy<\/strong>, les lavandes de <strong>Montclus<\/strong>, les fa\u00e7ades de gr\u00e8s de <strong>Collonges-la-Rouge<\/strong>, le jardin des papillons \u00e0 <strong>Hunawihr<\/strong>, le parc floral d\u2019<strong>Apremont-sur-Allier<\/strong>, les cr\u00e9ations d\u2019artisans de <strong>Sainte-Eulalie-d\u2019Olt<\/strong> ou les fen\u00eatres fleuries de <strong>Rochefort-en-Terre<\/strong>, d\u2019aller sur les traces des chouans \u00e0 <strong>Moncontour<\/strong>, de visiter la basilique Sainte-Madeleine \u00e0 <strong>V\u00e9zelay<\/strong>, le prieur\u00e9 de <strong>Saint-Beno\u00eet-du-Sault<\/strong>, l\u2019\u00e9glise romane de <strong>La Garde-Adh\u00e9mar<\/strong>, l\u2019abbatiale Sainte-Foy \u00e0 <strong>Conques<\/strong>, la forteresse de bois de <strong>Puycelsi<\/strong> ou le ch\u00e2teau de Jos\u00e9phine Baker \u00e0 <strong>Castelnaud-la-Chapelle<\/strong>, de prendre un bol d&rsquo;air sur les hauteurs de <strong>Saint-V\u00e9ran<\/strong> ou sur la plage ombrag\u00e9e de <strong>Limeuil<\/strong>, de cheminer \u00e0 l\u2019ombre des chevaliers \u00e0 <strong>La Garde-Gu\u00e9rin<\/strong> ou du ch\u00e2teau de Montmirail \u00e0 <strong>S\u00e9guret<\/strong>, de respirer les senteurs de thym et d\u2019olivier \u00e0 <strong>Tourtour<\/strong>, d\u2019aller prendre le soleil d\u2019\u00e9t\u00e9 \u00e0 <strong>Coaraze<\/strong>, celui d\u2019hiver \u00e0 <strong>Bonneval-sur-Arc<\/strong> ou les eaux \u00e0 <strong>Montbrun-les-Bains<\/strong>, cet ouvrage est fait pour vous&nbsp;!<\/p>\n\n\n\n<p><strong>P\u00c9TRONE <\/strong><\/p>\n\n\n\n<p><strong><em>Les plus beaux villages de France<\/em><\/strong>, ouvrage collectif, Paris, \u00c9ditions Flammarion, f\u00e9vrier 2021, 280&nbsp;pp. en quadrichromie au format 18&nbsp;x&nbsp;21,7&nbsp;cm sous couverture Int\u00e9gra en couleurs, 16,90&nbsp;\u20ac (prix France)<\/p>\n","protected":false},"excerpt":{"rendered":"<p>Par P\u00e9trone.<\/p>\n","protected":false},"author":2,"featured_media":0,"comment_status":"closed","ping_status":"open","sticky":false,"template":"","format":"standard","meta":[],"categories":[54,57,11],"tags":[],"_links":{"self":[{"href":"https:\/\/www.satiricon.be\/index.php?rest_route=\/wp\/v2\/posts\/20859"}],"collection":[{"href":"https:\/\/www.satiricon.be\/index.php?rest_route=\/wp\/v2\/posts"}],"about":[{"href":"https:\/\/www.satiricon.be\/index.php?rest_route=\/wp\/v2\/types\/post"}],"author":[{"embeddable":true,"href":"https:\/\/www.satiricon.be\/index.php?rest_route=\/wp\/v2\/users\/2"}],"replies":[{"embeddable":true,"href":"https:\/\/www.satiricon.be\/index.php?rest_route=%2Fwp%2Fv2%2Fcomments&post=20859"}],"version-history":[{"count":1,"href":"https:\/\/www.satiricon.be\/index.php?rest_route=\/wp\/v2\/posts\/20859\/revisions"}],"predecessor-version":[{"id":20861,"href":"https:\/\/www.satiricon.be\/index.php?rest_route=\/wp\/v2\/posts\/20859\/revisions\/20861"}],"wp:attachment":[{"href":"https:\/\/www.satiricon.be\/index.php?rest_route=%2Fwp%2Fv2%2Fmedia&parent=20859"}],"wp:term":[{"taxonomy":"category","embeddable":true,"href":"https:\/\/www.satiricon.be\/index.php?rest_route=%2Fwp%2Fv2%2Fcategories&post=20859"},{"taxonomy":"post_tag","embeddable":true,"href":"https:\/\/www.satiricon.be\/index.php?rest_route=%2Fwp%2Fv2%2Ftags&post=20859"}],"curies":[{"name":"wp","href":"https:\/\/api.w.org\/{rel}","templated":true}]}}