{"id":20901,"date":"2021-06-21T16:24:31","date_gmt":"2021-06-21T14:24:31","guid":{"rendered":"https:\/\/www.satiricon.be\/?p=20901"},"modified":"2021-06-21T16:24:31","modified_gmt":"2021-06-21T14:24:31","slug":"visages-abstraits","status":"publish","type":"post","link":"https:\/\/www.satiricon.be\/?p=20901","title":{"rendered":"Visages abstraits&#8230;"},"content":{"rendered":"\n<div class=\"wp-block-image\"><figure class=\"aligncenter size-large\"><a href=\"https:\/\/www.satiricon.be\/wp-content\/uploads\/2021\/06\/Jawlensky-\u2013-La-promesse-du-visage.jpg\"><img loading=\"lazy\" width=\"277\" height=\"350\" src=\"https:\/\/www.satiricon.be\/wp-content\/uploads\/2021\/06\/Jawlensky-\u2013-La-promesse-du-visage.jpg\" alt=\"\" class=\"wp-image-20903\" srcset=\"https:\/\/www.satiricon.be\/wp-content\/uploads\/2021\/06\/Jawlensky-\u2013-La-promesse-du-visage.jpg 277w, https:\/\/www.satiricon.be\/wp-content\/uploads\/2021\/06\/Jawlensky-\u2013-La-promesse-du-visage-237x300.jpg 237w\" sizes=\"(max-width: 277px) 100vw, 277px\" \/><\/a><\/figure><\/div>\n\n\n\n<p>Copubli\u00e9 par la Fundaci\u00f3n MAPFRE \u00e0 Madrid et les \u00c9ditions Gallimard \u00e0 Paris, le catalogue de l\u2019exposition <strong><em>Jawlensky \u2013 La promesse du visage<\/em><\/strong> pr\u00e9sent\u00e9e cette ann\u00e9e au mus\u00e9e Cantini \u00e0 Marseille et \u00e0 La Piscine de Roubaix offre la possibilit\u00e9 de (re)d\u00e9couvrir l\u2019\u0153uvre tr\u00e8s originale d\u2019un artiste d\u2019envergure.<\/p>\n\n\n\n<p>Peintre russe, compagnon de route de Kandinsky durant la premi\u00e8re d\u00e9cennie du XX<sup>e&nbsp;<\/sup>si\u00e8cle \u00e0 Munich \u2013 il l\u2019y avait rencontr\u00e9 en 1896, quand il s\u2019en vint suivre les cours d&rsquo;Anton A\u017ebe, un artiste et professeur reconnu \u00e0 l&rsquo;\u00e9poque \u2013, Alexej von Jawlensky, n\u00e9 le 13 mars 1864 \u00e0 Torjok (Russie) et mort il y a 80&nbsp;ans le 15 mars 1941 \u00e0 Wiesbaden (Allemagne), offre l\u2019exemple d\u2019un artiste qui participa \u00e0 la modernit\u00e9 en faisant l\u2019exp\u00e9rience des fronti\u00e8res entre expressionnisme et fauvisme, mais aussi entre figuration et abstraction.<\/p>\n\n\n\n<p>Il \u00e9tait issu d&rsquo;une famille de la petite noblesse militaire, son p\u00e8re \u00e9tant colonel dans l&rsquo;arm\u00e9e imp\u00e9riale.<\/p>\n\n\n\n<p>En 1905, Jawlensky travailla \u00e0 Carantec, en Bretagne, et gr\u00e2ce \u00e0 l&rsquo;intervention de Serge de Diaghilev (1872-1929), le c\u00e9l\u00e8bre fondateur des Ballets russes<a href=\"#_ftn1\">[1]<\/a>, il envoya six toiles au Salon d&rsquo;automne \u00e0 Paris, qui furent expos\u00e9es dans la section russe. \u00c0 cette occasion, il rencontra le peintre fran\u00e7ais Henri Matisse (1869-1954).<\/p>\n\n\n\n<p>De retour \u00e0 Munich, Jawlensky fit la connaissance du \u00ab&nbsp;nabi&nbsp;\u00bb et peintre-moine et mystique Jan Verkade et de Paul S\u00e9rusier, puis, en 1912, il participa \u00e0 la naissance du groupe nomm\u00e9 \u00ab&nbsp;Der Blaue Reiter&nbsp;\u00bb (Le Cavalier Bleu) dont les acteurs principaux \u00e9taient \u00e9galement Vassily Kandinsky (1866-1944), Franz Marc (1880-1946), August Macke (1887-1914), Gabriele M\u00fcnter (1877-1962), Heinrich Campendonk (1889-1957), David Burljuk (1882-1967), Paul Klee (1879-1940) et Alfred Kubin (1877-1959)<a href=\"#_ftn2\">[2]<\/a>.<\/p>\n\n\n\n<p>Ainsi que l\u2019\u00e9crit l\u2019\u00e9diteur, \u00ab&nbsp;l\u2019\u0153uvre singuli\u00e8re de Jawlensky se caract\u00e9rise notamment par une exploration du visage, qui se simplifia au cours des ann\u00e9es, s\u2019\u00e9loigna de la ressemblance, puis se brouilla, perdit ses traits, pour n\u2019\u00eatre plus qu\u2019un souvenir lointain que l\u2019on n\u2019arrive plus \u00e0 fixer.<\/p>\n\n\n\n<p>Jawlensky, peut-on dire, a invent\u00e9 une figure paradoxale, celle du visage abstrait&nbsp;\u00bb.<\/p>\n\n\n\n<div class=\"wp-block-image\"><figure class=\"aligncenter size-large\"><a href=\"https:\/\/www.satiricon.be\/wp-content\/uploads\/2021\/06\/Tete-de-femme.jpg\"><img loading=\"lazy\" width=\"250\" height=\"350\" src=\"https:\/\/www.satiricon.be\/wp-content\/uploads\/2021\/06\/Tete-de-femme.jpg\" alt=\"\" class=\"wp-image-20902\" srcset=\"https:\/\/www.satiricon.be\/wp-content\/uploads\/2021\/06\/Tete-de-femme.jpg 250w, https:\/\/www.satiricon.be\/wp-content\/uploads\/2021\/06\/Tete-de-femme-214x300.jpg 214w\" sizes=\"(max-width: 250px) 100vw, 250px\" \/><\/a><\/figure><\/div>\n\n\n\n<p class=\"has-text-align-center\"><em>T\u00eate de femme \u00ab&nbsp;M\u00e9duse&nbsp;\u00bb, Lumi\u00e8re et Ombre<\/em>, 1923<\/p>\n\n\n\n<p class=\"has-text-align-center\">Huile sur carton (31&nbsp;cm&nbsp;x&nbsp;42 cm)<\/p>\n\n\n\n<p class=\"has-text-align-center\">Photographe Alain Basset<\/p>\n\n\n\n<p class=\"has-text-align-center\">Avec l&rsquo;aimable autorisation du Mus\u00e9e des Beaux-Arts de Lyon<\/p>\n\n\n\n<p>Sachant que le vrai blason de chacun, c&rsquo;est son visage, ainsi que l\u2019assurait l\u2019\u00e9crivain fran\u00e7ais Marcel Jouhandeau (1888-1979).<\/p>\n\n\n\n<p><strong>P\u00c9TRONE <\/strong><\/p>\n\n\n\n<p><strong><em>Jawlensky \u2013 La promesse du visage<\/em><\/strong>, ouvrage collectif sous la direction de Sylvain Amic et Myriame Morel-Deledalle, Paris, co\u00e9dition Fundaci\u00f3n MAPFRE et \u00c9ditions Gallimard, juin&nbsp;2021, 312&nbsp;pp. en quadrichromie au format 19&nbsp;x&nbsp;24&nbsp;cm sous couverture broch\u00e9e et jaquette en couleurs, 29&nbsp;\u20ac (prix France)<\/p>\n\n\n\n<p class=\"has-text-align-center\"><strong>INFORMATIONS PRATIQUES<\/strong><\/p>\n\n\n\n<p><strong><u>AU MUS\u00c9E CANTINI \u00c0 MARSEILLE<\/u><\/strong><\/p>\n\n\n\n<p><strong><u>Dates&nbsp;:<\/u><\/strong><\/p>\n\n\n\n<p>Du 11 juin 2021 au 26 septembre 2021<\/p>\n\n\n\n<p><strong><u>Adresse&nbsp;:<\/u><\/strong><\/p>\n\n\n\n<p>19 rue Grignan<\/p>\n\n\n\n<p>F-13006 Marseille<\/p>\n\n\n\n<p><strong><u>T\u00e9l\u00e9phone&nbsp;:<\/u><\/strong><\/p>\n\n\n\n<p>00 33 4 13 94 83 30<\/p>\n\n\n\n<p><strong><u>Mail&nbsp;:<\/u><\/strong><\/p>\n\n\n\n<p>musee-cantini@marseille.fr<\/p>\n\n\n\n<p><strong><u>Web&nbsp;:<\/u><\/strong><\/p>\n\n\n\n<figure class=\"wp-block-embed\"><div class=\"wp-block-embed__wrapper\">\nhttps:\/\/musees.marseille.fr\/musee-cantini-0\n<\/div><\/figure>\n\n\n\n<p><strong><u>Horaires d\u2019ouverture&nbsp;:<\/u><\/strong><\/p>\n\n\n\n<p>De 10&nbsp;heures \u00e0 18&nbsp;heures tous les jours sauf le lundi (ferm\u00e9)<\/p>\n\n\n\n<p>Ferm\u00e9 le 1<sup>er<\/sup> janvier, 1<sup>er<\/sup> mai, 1<sup>er<\/sup> et 11 novembre et 25 d\u00e9cembre<\/p>\n\n\n\n<p>Fermeture de la billetterie 30 minutes avant la fermeture du mus\u00e9e<\/p>\n\n\n\n<p><strong><u>Tarif&nbsp;:<\/u><\/strong><\/p>\n\n\n\n<p>9 euros (plein tarif) \/ 5 euros (tarif r\u00e9duit)<\/p>\n\n\n\n<p><strong><u>Remarque&nbsp;:<\/u><\/strong><\/p>\n\n\n\n<p>En raison d&rsquo;une panne de l&rsquo;ascenseur, le mus\u00e9e Cantini est momentan\u00e9ment non accessible aux personnes \u00e0 mobilit\u00e9 r\u00e9duite.<\/p>\n\n\n\n<p><strong><u>\u00c0 LA PISCINE DE ROUBAIX<\/u><\/strong><\/p>\n\n\n\n<p>La Piscine \u2013 Mus\u00e9e d&rsquo;art et d&rsquo;industrie Andr\u00e9 Diligent de Roubaix<\/p>\n\n\n\n<p><strong><u>Dates&nbsp;:<\/u><\/strong><\/p>\n\n\n\n<p>Du 6 novembre 2021 au 6 f\u00e9vrier 2022<\/p>\n\n\n\n<p><strong><u>Adresse&nbsp;:<\/u><\/strong><\/p>\n\n\n\n<p>23 rue de l\u2019esp\u00e9rance<\/p>\n\n\n\n<p>F-59100 Roubaix<\/p>\n\n\n\n<p><strong><u>T\u00e9l\u00e9phone&nbsp;:<\/u><\/strong><\/p>\n\n\n\n<p>00 33 3 20 69 23 61<\/p>\n\n\n\n<p><strong><u>Mail&nbsp;:<\/u><\/strong><\/p>\n\n\n\n<p>lapiscine.musee@ville-roubaix.fr<\/p>\n\n\n\n<p><strong><u>Web&nbsp;:<\/u><\/strong><\/p>\n\n\n\n<figure class=\"wp-block-embed is-type-wp-embed is-provider-roubaix-la-piscine wp-block-embed-roubaix-la-piscine\"><div class=\"wp-block-embed__wrapper\">\n<blockquote class=\"wp-embedded-content\" data-secret=\"yiU6AKvd2u\"><a href=\"https:\/\/www.roubaix-lapiscine.com\/\">Accueil<\/a><\/blockquote><iframe class=\"wp-embedded-content\" sandbox=\"allow-scripts\" security=\"restricted\" style=\"position: absolute; clip: rect(1px, 1px, 1px, 1px);\" title=\"\u00ab\u00a0Accueil\u00a0\u00bb &#8212; Roubaix La Piscine\" src=\"https:\/\/www.roubaix-lapiscine.com\/embed\/#?secret=yiU6AKvd2u\" data-secret=\"yiU6AKvd2u\" width=\"500\" height=\"282\" frameborder=\"0\" marginwidth=\"0\" marginheight=\"0\" scrolling=\"no\"><\/iframe>\n<\/div><\/figure>\n\n\n\n<p><strong><u>Horaires d\u2019ouverture&nbsp;:<\/u><\/strong><\/p>\n\n\n\n<p>Du mardi au jeudi de 11&nbsp;heures \u00e0 18&nbsp;heures<\/p>\n\n\n\n<p>Le vendredi de 11&nbsp;heures \u00e0 20&nbsp;heures<\/p>\n\n\n\n<p>Le samedi et le dimanche de 13&nbsp;heures \u00e0 18&nbsp;heures<\/p>\n\n\n\n<p>Fermeture le lundi, le 1<sup>er<\/sup> janvier, le 1<sup>er<\/sup> mai, le jeudi de l\u2019Ascension, le 14 juillet, le 15 ao\u00fbt, le 1<sup>er<\/sup> novembre et le 25 d\u00e9cembre.<\/p>\n\n\n\n<p><strong><u>Tarifs&nbsp;:<\/u><\/strong><\/p>\n\n\n\n<p>Plein tarif : 11 \u20ac<\/p>\n\n\n\n<p>Tarif r\u00e9duit : 9 \u20ac<\/p>\n\n\n\n<p>Modes de paiement accept\u00e9s : carte bancaire uniquement<\/p>\n\n\n\n<p>Gratuit\u00e9 d\u2019acc\u00e8s aux expositions et aux collections permanentes tous les vendredis de 18&nbsp;heures \u00e0 20&nbsp;heures<\/p>\n\n\n\n<p>Acc\u00e8s gratuit (sur pr\u00e9sentation d\u2019un justificatif)&nbsp;: moins de 18 ans \/ \u00e9tudiants en histoire de l\u2019art et arts plastiques, des \u00e9coles d\u2019architecture \/ journalistes \/ demandeurs d\u2019emploi \/ b\u00e9n\u00e9ficiaires des minimas sociaux \/ enseignants en pr\u00e9paration de visite \/ personne en situation de handicap et un accompagnateur \/ mutil\u00e9s de guerre et du travail.<\/p>\n\n\n\n<hr class=\"wp-block-separator\" \/>\n\n\n\n<p><a href=\"#_ftnref1\">[1]<\/a> Les Ballets russes sont une c\u00e9l\u00e8bre compagnie d&rsquo;op\u00e9ra et de ballet cr\u00e9\u00e9e en 1907 par Serge de Diaghilev, avec les meilleurs \u00e9l\u00e9ments du th\u00e9\u00e2tre Mariinsky de Saint-P\u00e9tersbourg. D\u00e8s 1909, la compagnie entama une tourn\u00e9e internationale et, en 1911, Diaghilev coupa les ponts avec le Ballet imp\u00e9rial. La compagnie devint une troupe priv\u00e9e, ind\u00e9pendante, qui se fixa \u00e0 Monte-Carlo, Paris et Londres, sans s&rsquo;attacher \u00e0 aucun th\u00e9\u00e2tre en particulier.<\/p>\n\n\n\n<p><a href=\"#_ftnref2\">[2]<\/a> Source&nbsp;: Wikip\u00e9dia.<\/p>\n","protected":false},"excerpt":{"rendered":"<p>Par P\u00e9trone.<\/p>\n","protected":false},"author":2,"featured_media":0,"comment_status":"closed","ping_status":"open","sticky":false,"template":"","format":"standard","meta":[],"categories":[12,54,11],"tags":[],"_links":{"self":[{"href":"https:\/\/www.satiricon.be\/index.php?rest_route=\/wp\/v2\/posts\/20901"}],"collection":[{"href":"https:\/\/www.satiricon.be\/index.php?rest_route=\/wp\/v2\/posts"}],"about":[{"href":"https:\/\/www.satiricon.be\/index.php?rest_route=\/wp\/v2\/types\/post"}],"author":[{"embeddable":true,"href":"https:\/\/www.satiricon.be\/index.php?rest_route=\/wp\/v2\/users\/2"}],"replies":[{"embeddable":true,"href":"https:\/\/www.satiricon.be\/index.php?rest_route=%2Fwp%2Fv2%2Fcomments&post=20901"}],"version-history":[{"count":1,"href":"https:\/\/www.satiricon.be\/index.php?rest_route=\/wp\/v2\/posts\/20901\/revisions"}],"predecessor-version":[{"id":20904,"href":"https:\/\/www.satiricon.be\/index.php?rest_route=\/wp\/v2\/posts\/20901\/revisions\/20904"}],"wp:attachment":[{"href":"https:\/\/www.satiricon.be\/index.php?rest_route=%2Fwp%2Fv2%2Fmedia&parent=20901"}],"wp:term":[{"taxonomy":"category","embeddable":true,"href":"https:\/\/www.satiricon.be\/index.php?rest_route=%2Fwp%2Fv2%2Fcategories&post=20901"},{"taxonomy":"post_tag","embeddable":true,"href":"https:\/\/www.satiricon.be\/index.php?rest_route=%2Fwp%2Fv2%2Ftags&post=20901"}],"curies":[{"name":"wp","href":"https:\/\/api.w.org\/{rel}","templated":true}]}}