{"id":21015,"date":"2021-07-20T14:23:41","date_gmt":"2021-07-20T12:23:41","guid":{"rendered":"https:\/\/www.satiricon.be\/?p=21015"},"modified":"2021-07-20T14:23:41","modified_gmt":"2021-07-20T12:23:41","slug":"une-des-formes-de-lautisme","status":"publish","type":"post","link":"https:\/\/www.satiricon.be\/?p=21015","title":{"rendered":"Une des formes de l\u2019autisme\u2026"},"content":{"rendered":"\n<div class=\"wp-block-image\"><figure class=\"aligncenter size-large\"><a href=\"https:\/\/www.satiricon.be\/wp-content\/uploads\/2021\/07\/Couleur-dasperge-Le-jour-ou-jai-decouvert-que-jetais-Asperger.jpg\"><img loading=\"lazy\" width=\"260\" height=\"350\" src=\"https:\/\/www.satiricon.be\/wp-content\/uploads\/2021\/07\/Couleur-dasperge-Le-jour-ou-jai-decouvert-que-jetais-Asperger.jpg\" alt=\"\" class=\"wp-image-21016\" srcset=\"https:\/\/www.satiricon.be\/wp-content\/uploads\/2021\/07\/Couleur-dasperge-Le-jour-ou-jai-decouvert-que-jetais-Asperger.jpg 260w, https:\/\/www.satiricon.be\/wp-content\/uploads\/2021\/07\/Couleur-dasperge-Le-jour-ou-jai-decouvert-que-jetais-Asperger-223x300.jpg 223w\" sizes=\"(max-width: 260px) 100vw, 260px\" \/><\/a><\/figure><\/div>\n\n\n\n<p>Le syndrome d&rsquo;Asperger est une forme d&rsquo;autisme d\u00e9finie cliniquement en 1981 par Lorna Wing, \u00e0 partir de la \u00ab&nbsp;psychopathie autistique&nbsp;\u00bb d\u00e9crite en 1944 par Hans Asperger.<\/p>\n\n\n\n<p>Il se caract\u00e9rise par des difficult\u00e9s significatives dans les interactions sociales, associ\u00e9es \u00e0 des int\u00e9r\u00eats sp\u00e9cifiques ou des comportements r\u00e9p\u00e9titifs, sans d\u00e9ficit intellectuel ni retard dans l\u2019apparition du langage, mais souvent combin\u00e9es \u00e0 une maladresse physique et \u00e0 une utilisation atypique de la parole.<\/p>\n\n\n\n<p>Les causes du syndrome d&rsquo;Asperger sont majoritairement g\u00e9n\u00e9tiques. Les recherches neurologiques ont r\u00e9v\u00e9l\u00e9 des particularit\u00e9s dans le fonctionnement c\u00e9r\u00e9bral, \u00e0 l&rsquo;origine de troubles s\u00e9lectifs de l&#8217;empathie. Lorsque le diagnostic est \u00e9tabli, un accompagnement pluridisciplinaire peut \u00eatre propos\u00e9. La plupart des enfants s&rsquo;adaptent \u00e0 la vie en soci\u00e9t\u00e9 quand ils deviennent adultes&nbsp;; en revanche, leurs difficult\u00e9s sociales et de communication persistent. Les personnes Asperger sont vuln\u00e9rables \u00e0 de nombreux troubles de l&rsquo;humeur, particuli\u00e8rement \u00e0 l&rsquo;anxi\u00e9t\u00e9 et \u00e0 la d\u00e9pression. D&rsquo;apr\u00e8s une estimation r\u00e9alis\u00e9e en 2013, environ 31 millions d\u2019humains dans le monde seraient atteints par cette forme d&rsquo;autisme<a href=\"#_ftn1\">[1]<\/a>.<\/p>\n\n\n\n<p>C\u2019est le cas du sc\u00e9nariste Drakja qui, avec le dessinateur Gery, ont publi\u00e9 chez Vents d\u2019Ouest \u00e0 Grenoble la BD intitul\u00e9e <strong><em>Couleur d&rsquo;asperge &#8211; Le jour o\u00f9 j&rsquo;ai d\u00e9couvert que j&rsquo;\u00e9tais Asperger <\/em><\/strong>dont voici le pitch&nbsp;:<\/p>\n\n\n\n<p>\u00ab&nbsp;Lusun n&rsquo;est pas comme les autres. Elle d\u00e9teste qu&rsquo;on la touche, regarder les gens dans les yeux lui fait peur, le bruit la rend anxieuse et sa franchise maladroite pousse tout le monde \u00e0 la consid\u00e9rer d&rsquo;un \u0153il curieux\u2026<\/p>\n\n\n\n<p>\u00c0 l&rsquo;\u00e9cole, ses camarades la rejettent, et \u00e0 la maison, elle communique difficilement. Aucun mot n&rsquo;est pos\u00e9 sur ses diff\u00e9rences, aucune explication ne lui est donn\u00e9e sur ses \u00e9tats d&rsquo;\u00e2me. La jeune fille traverse les vingt premi\u00e8res ann\u00e9es de son existence entre doutes, col\u00e8res et tristesse.<\/p>\n\n\n\n<p>Jusqu&rsquo;au jour o\u00f9 un diagnostic est pos\u00e9 sur sa situation&nbsp;: Lusun est Asperger. Enfin, elle sait&nbsp;! Enfin, elle comprend et s&rsquo;explique ses comportements d\u00e9cal\u00e9s. Une nouvelle vie peut alors commencer pour elle&#8230;&nbsp;\u00bb<\/p>\n\n\n\n<p>Chaleureux t\u00e9moignage autant qu&rsquo;outil de compr\u00e9hension, <em>Couleur d&rsquo;asperge<\/em> met en sc\u00e8ne l&rsquo;anxi\u00e9t\u00e9 sociale provoqu\u00e9e par le syndrome d&rsquo;Asperger et ouvre \u00e0 l\u2019optimisme&#8230;<\/p>\n\n\n\n<p>Un album profond\u00e9ment humain\u2026<\/p>\n\n\n\n<p><strong>P\u00c9TRONE<\/strong><\/p>\n\n\n\n<p><strong><em>Couleur d&rsquo;asperge &#8211; Le jour o\u00f9 j&rsquo;ai d\u00e9couvert que j&rsquo;\u00e9tais Asperger <\/em><\/strong>par Drakja et Geri, Grenoble, \u00c9ditions Vents d\u2019Ouest, f\u00e9vrier&nbsp;2021, 80&nbsp;pp. bichromie au format 19,8&nbsp;x&nbsp;26,6&nbsp;cm sous couverture cartonn\u00e9e en couleurs, 16&nbsp;\u20ac (prix France)<\/p>\n\n\n\n<hr class=\"wp-block-separator\" \/>\n\n\n\n<p><a href=\"#_ftnref1\">[1]<\/a> Source&nbsp;: Wikip\u00e9dia.<\/p>\n","protected":false},"excerpt":{"rendered":"<p>Par P\u00e9trone.<\/p>\n","protected":false},"author":2,"featured_media":0,"comment_status":"closed","ping_status":"open","sticky":false,"template":"","format":"standard","meta":[],"categories":[11,56],"tags":[],"_links":{"self":[{"href":"https:\/\/www.satiricon.be\/index.php?rest_route=\/wp\/v2\/posts\/21015"}],"collection":[{"href":"https:\/\/www.satiricon.be\/index.php?rest_route=\/wp\/v2\/posts"}],"about":[{"href":"https:\/\/www.satiricon.be\/index.php?rest_route=\/wp\/v2\/types\/post"}],"author":[{"embeddable":true,"href":"https:\/\/www.satiricon.be\/index.php?rest_route=\/wp\/v2\/users\/2"}],"replies":[{"embeddable":true,"href":"https:\/\/www.satiricon.be\/index.php?rest_route=%2Fwp%2Fv2%2Fcomments&post=21015"}],"version-history":[{"count":1,"href":"https:\/\/www.satiricon.be\/index.php?rest_route=\/wp\/v2\/posts\/21015\/revisions"}],"predecessor-version":[{"id":21017,"href":"https:\/\/www.satiricon.be\/index.php?rest_route=\/wp\/v2\/posts\/21015\/revisions\/21017"}],"wp:attachment":[{"href":"https:\/\/www.satiricon.be\/index.php?rest_route=%2Fwp%2Fv2%2Fmedia&parent=21015"}],"wp:term":[{"taxonomy":"category","embeddable":true,"href":"https:\/\/www.satiricon.be\/index.php?rest_route=%2Fwp%2Fv2%2Fcategories&post=21015"},{"taxonomy":"post_tag","embeddable":true,"href":"https:\/\/www.satiricon.be\/index.php?rest_route=%2Fwp%2Fv2%2Ftags&post=21015"}],"curies":[{"name":"wp","href":"https:\/\/api.w.org\/{rel}","templated":true}]}}