{"id":21558,"date":"2021-11-28T14:46:24","date_gmt":"2021-11-28T12:46:24","guid":{"rendered":"https:\/\/www.satiricon.be\/?p=21558"},"modified":"2021-11-28T14:46:24","modified_gmt":"2021-11-28T12:46:24","slug":"cles-de-klee","status":"publish","type":"post","link":"https:\/\/www.satiricon.be\/?p=21558","title":{"rendered":"Cl\u00e9s de Klee&#8230;"},"content":{"rendered":"\n<div class=\"wp-block-image\"><figure class=\"aligncenter size-large\"><a href=\"https:\/\/www.satiricon.be\/wp-content\/uploads\/2021\/11\/Paul-Klee-\u2013-entre-mondes-cover.jpg\"><img loading=\"lazy\" width=\"249\" height=\"350\" src=\"https:\/\/www.satiricon.be\/wp-content\/uploads\/2021\/11\/Paul-Klee-\u2013-entre-mondes-cover.jpg\" alt=\"\" class=\"wp-image-21561\" srcset=\"https:\/\/www.satiricon.be\/wp-content\/uploads\/2021\/11\/Paul-Klee-\u2013-entre-mondes-cover.jpg 249w, https:\/\/www.satiricon.be\/wp-content\/uploads\/2021\/11\/Paul-Klee-\u2013-entre-mondes-cover-213x300.jpg 213w\" sizes=\"(max-width: 249px) 100vw, 249px\" \/><\/a><\/figure><\/div>\n\n\n\n<p>Co\u00e9dit\u00e9 par les \u00c9ditions Flammarion \u00e0 Paris, le Lille M\u00e9tropole Mus\u00e9e d\u2019art moderne, d\u2019art contemporain et d\u2019art brut (Lam) de Villeneuve d\u2019Ascq et le Zentrum Paul Klee de Berne, le catalogue de l\u2019exposition <strong><em>Paul Klee \u2013 entre-mondes<\/em><\/strong>, r\u00e9dig\u00e9 sous la direction de Fabienne Eggelh\u00f6fer<a href=\"#_ftn1\">[1]<\/a> et de S\u00e9bastien Delot<a href=\"#_ftn2\">[2]<\/a>, met en lumi\u00e8re les recherches du peintre d&rsquo;origine allemande, mais d&rsquo;identit\u00e9 culturelle suisse Paul Klee (1879-1940), un des artistes majeurs de la premi\u00e8re moiti\u00e9 du XX<sup>e<\/sup> si\u00e8cle, sur une hypoth\u00e9tique origine de l\u2019art en portant son regard sur la cr\u00e9ation \u00ab&nbsp;des enfants, des fous et des primitifs&nbsp;\u00bb.<\/p>\n\n\n\n<p>L\u2019exposition tisse ainsi des liens entre certaines \u0153uvres r\u00e9alis\u00e9es \u00e0 diff\u00e9rentes p\u00e9riodes de la carri\u00e8re de Paul Klee et un ensemble d\u2019objets et de documents issus de sa collection personnelle tout en jetant un regard critique sur la fa\u00e7on dont les dessins d\u2019enfant, l\u2019art pr\u00e9historique, l\u2019art extra-occidental et l\u2019art asilaire ont permis au peintre de repenser sa production et de se situer dans un espace interm\u00e9diaire, \u00e0 mi-chemin entre le mythe d\u2019un \u00ab&nbsp;fonds imm\u00e9morial&nbsp;\u00bb et celui de la modernit\u00e9<a href=\"#_ftn3\">[3]<\/a>.<\/p>\n\n\n\n<div class=\"wp-block-image\"><figure class=\"aligncenter size-large\"><a href=\"https:\/\/www.satiricon.be\/wp-content\/uploads\/2021\/11\/Paul-Klee-\u2013-entre-mondes-Figure-le-soir.jpg\"><img loading=\"lazy\" width=\"228\" height=\"350\" src=\"https:\/\/www.satiricon.be\/wp-content\/uploads\/2021\/11\/Paul-Klee-\u2013-entre-mondes-Figure-le-soir.jpg\" alt=\"\" class=\"wp-image-21560\" srcset=\"https:\/\/www.satiricon.be\/wp-content\/uploads\/2021\/11\/Paul-Klee-\u2013-entre-mondes-Figure-le-soir.jpg 228w, https:\/\/www.satiricon.be\/wp-content\/uploads\/2021\/11\/Paul-Klee-\u2013-entre-mondes-Figure-le-soir-195x300.jpg 195w\" sizes=\"(max-width: 228px) 100vw, 228px\" \/><\/a><\/figure><\/div>\n\n\n\n<p class=\"has-text-align-center\"><em>Figure le soir<\/em> (1935),<\/p>\n\n\n\n<p class=\"has-text-align-center\">LaM (Villeneuve-d&rsquo;Ascq)<\/p>\n\n\n\n<p class=\"has-text-align-center\">Aquarelle sur papier, 48 \u00d7 31 cm<a href=\"#_ftn4\">[4]<\/a><\/p>\n\n\n\n<p>Plusieurs p\u00e9riodes y sont abord\u00e9es et d\u00e9crivent le contexte du Cavalier bleu<a href=\"#_ftn5\">[5]<\/a> \u00e0 Munich, du dada\u00efsme<a href=\"#_ftn6\">[6]<\/a> \u00e0 Zurich et du surr\u00e9alisme \u00e0 Paris, celles des ann\u00e9es d\u2019enseignement du Bauhaus \u00e0 Weimar de 1921 \u00e0 1931 et la r\u00e9ception des \u0153uvres de Klee aux \u00c9tats-Unis dans les ann\u00e9es 1930.<\/p>\n\n\n\n<div class=\"wp-block-image\"><figure class=\"aligncenter size-large\"><a href=\"https:\/\/www.satiricon.be\/wp-content\/uploads\/2021\/11\/Paul-Klee-\u2013-entre-mondes-Mort-et-feu.jpg\"><img loading=\"lazy\" width=\"333\" height=\"350\" src=\"https:\/\/www.satiricon.be\/wp-content\/uploads\/2021\/11\/Paul-Klee-\u2013-entre-mondes-Mort-et-feu.jpg\" alt=\"\" class=\"wp-image-21559\" srcset=\"https:\/\/www.satiricon.be\/wp-content\/uploads\/2021\/11\/Paul-Klee-\u2013-entre-mondes-Mort-et-feu.jpg 333w, https:\/\/www.satiricon.be\/wp-content\/uploads\/2021\/11\/Paul-Klee-\u2013-entre-mondes-Mort-et-feu-285x300.jpg 285w\" sizes=\"(max-width: 333px) 100vw, 333px\" \/><\/a><\/figure><\/div>\n\n\n\n<p class=\"has-text-align-center\"><em>Mort et feu<\/em> (1940)<\/p>\n\n\n\n<p class=\"has-text-align-center\">Huile sur papier, 46,7 \u00d7 44,6 cm<\/p>\n\n\n\n<p class=\"has-text-align-center\">Centre Paul-Klee (Berne).<\/p>\n\n\n\n<p>Signalons pour conclure que ce fort beau livre, qui commente et reproduit avec bonheur les nombreuses \u0153uvres expos\u00e9es (ca 150), propose une tr\u00e8s int\u00e9ressante chronologie de la vie artistique de Paul Klee.<\/p>\n\n\n\n<p><strong> P\u00c9TRONE <\/strong><\/p>\n\n\n\n<p><strong><em>Paul Klee \u2013 entre-mondes<\/em><\/strong>, ouvrage collectif sous la direction de Fabienne Eggelh\u00f6fer et S\u00e9bastien Delot, Paris, \u00c9ditions Flammarion, octobre&nbsp;2021, 208&nbsp;pp. en quadrichromie au format 21&nbsp;x&nbsp;28&nbsp;cm sous couverture broch\u00e9e en couleurs et \u00e0 rabats, 35&nbsp;\u20ac (prix France)<\/p>\n\n\n\n<p class=\"has-text-align-center\"><strong>INFORMATIONS COMPL\u00c9MENTAIRES<\/strong><\/p>\n\n\n\n<p>Exposition <strong><em>Paul Klee \u2013 entre-mondes<\/em><\/strong><\/p>\n\n\n\n<p><strong>Dates\u00a0: <\/strong>du 19 novembre 2021 au 27 f\u00e9vrier 2022<\/p>\n\n\n\n<p><strong>Adresse\u00a0:<\/strong><\/p>\n\n\n\n<p>LaM, 1 all\u00e9e du Mus\u00e9e<\/p>\n\n\n\n<p>59650 Villeneuve d&rsquo;Ascq<\/p>\n\n\n\n<p><strong>Contacts\u00a0:<\/strong><\/p>\n\n\n\n<p>T\u00e9l. +33 (0)3 20 19 68 68<\/p>\n\n\n\n<p>info@musee-lam.fr<\/p>\n\n\n\n<p>| LaM (musee-lam.fr)<\/p>\n\n\n\n<p><strong>Tarifs\u00a0:<\/strong><\/p>\n\n\n\n<p>Le billet <em>Paul Klee, entre-mondes<\/em> donne acc\u00e8s \u00e0 la collection, \u00e0 l&rsquo;exposition <em>Giorgio Griffa. Merveilles de l&rsquo;inconnu<\/em> jusqu&rsquo;au 12 d\u00e9cembre 2021 et \u00e0 l&rsquo;accrochage <em>Les Secrets de Modigliani<\/em> jusqu&rsquo;au 20 f\u00e9vrier 2022.<\/p>\n\n\n\n<p>Tarif plein&nbsp;: 10,00 \u20ac<\/p>\n\n\n\n<p>Tarif r\u00e9duit \u2013 s\u00e9nior plus de 65 ans&nbsp;: 7,00 \u20ac<\/p>\n\n\n\n<p>Tarif r\u00e9duit \u2013 enseignant(e), \u00e9tudiant(e), famille nombreuse&nbsp;: 7,00 \u20ac<\/p>\n\n\n\n<p>Tarif r\u00e9duit \u2013 12-25 ans&nbsp;: 7,00 \u20ac<\/p>\n\n\n\n<p>Enfant moins de 12 ans&nbsp;: gratuit<\/p>\n\n\n\n<p><strong>Horaires\u00a0:<\/strong><\/p>\n\n\n\n<p>Le mus\u00e9e est ouvert du mardi au dimanche de 10 heures \u00e0 18 heures.<\/p>\n\n\n\n<p>Il est ferm\u00e9 le lundi.<\/p>\n\n\n\n<p>Fermetures exceptionnelles les 25 d\u00e9cembre et 1<sup>er<\/sup> janvier.<\/p>\n\n\n\n<p>Fermeture des caisses \u00e0 17 heures 30.<\/p>\n\n\n\n<p>L\u2019acc\u00e8s au mus\u00e9e est soumis \u00e0 condition pour les personnes accompagn\u00e9es d\u2019enfants en bas-\u00e2ge&nbsp;: seules les poussettes cannes sont accept\u00e9es.<\/p>\n\n\n\n<p>Des cannes-si\u00e8ges sont \u00e0 disposition aupr\u00e8s de l\u2019accueil-billetterie, ainsi que des fauteuils roulants (sur r\u00e9servation).<\/p>\n\n\n\n<p>Pr\u00e9sence de casiers afin d\u2019all\u00e9ger vos d\u00e9placements dans les salles (moyennant une pi\u00e8ce de 1 \u20ac ou 2 \u20ac, restitu\u00e9e \u00e0 votre d\u00e9part).<\/p>\n\n\n\n<hr class=\"wp-block-separator\" \/>\n\n\n\n<p><a href=\"#_ftnref1\">[1]<\/a> Conservatrice en chef du Zentrum Paul Klee \u00e0 Berne.<\/p>\n\n\n\n<p><a href=\"#_ftnref2\">[2]<\/a> Directeur-conservateur du Lam \u00e0 Villeneuve d\u2019Ascq.<\/p>\n\n\n\n<p><a href=\"#_ftnref3\">[3]<\/a> Extrait de la quatri\u00e8me de couverture du catalogue.<\/p>\n\n\n\n<p><a href=\"#_ftnref4\">[4]<\/a> Photo&nbsp;: CC BY-SA 3.0.<\/p>\n\n\n\n<p><a href=\"#_ftnref5\">[5]<\/a> Le Cavalier bleu (en allemand&nbsp;: Der blaue Reiter) est un groupe d&rsquo;artistes d\u2019inspiration expressionniste, qui s&rsquo;est form\u00e9 \u00e0 Munich. Ce groupe organise deux expositions (en 1911 et en 1912) et publie un almanach en 1912. Ses acteurs principaux sont Vassily Kandinsky (1866-1944), Franz Marc (1880-1916), August Macke (1887-1914) et Paul Klee.<\/p>\n\n\n\n<p><a href=\"#_ftnref6\">[6]<\/a> Le mouvement dada (aussi appel\u00e9 dada\u00efsme) est un mouvement intellectuel, litt\u00e9raire et artistique du d\u00e9but du XX<sup>e<\/sup> si\u00e8cle, qui se caract\u00e9rise par une remise en cause de toutes les conventions et contraintes id\u00e9ologiques, esth\u00e9tiques et politiques. Dada est issu d\u2019une filiation expressionniste et sa v\u00e9ritable naissance est le Manifeste litt\u00e9raire, publi\u00e9 sous forme de tract, en f\u00e9vrier 1915, \u00e0 Berlin, par Hugo Ball (1886-1927) et Richard Huelsenbeck (1892-1974). Zurich fut un foyer du dada\u00efsme entre 1915 et 1919.<\/p>\n","protected":false},"excerpt":{"rendered":"<p>Par P\u00e9trone.<\/p>\n","protected":false},"author":2,"featured_media":0,"comment_status":"closed","ping_status":"open","sticky":false,"template":"","format":"standard","meta":[],"categories":[54,11],"tags":[],"_links":{"self":[{"href":"https:\/\/www.satiricon.be\/index.php?rest_route=\/wp\/v2\/posts\/21558"}],"collection":[{"href":"https:\/\/www.satiricon.be\/index.php?rest_route=\/wp\/v2\/posts"}],"about":[{"href":"https:\/\/www.satiricon.be\/index.php?rest_route=\/wp\/v2\/types\/post"}],"author":[{"embeddable":true,"href":"https:\/\/www.satiricon.be\/index.php?rest_route=\/wp\/v2\/users\/2"}],"replies":[{"embeddable":true,"href":"https:\/\/www.satiricon.be\/index.php?rest_route=%2Fwp%2Fv2%2Fcomments&post=21558"}],"version-history":[{"count":1,"href":"https:\/\/www.satiricon.be\/index.php?rest_route=\/wp\/v2\/posts\/21558\/revisions"}],"predecessor-version":[{"id":21562,"href":"https:\/\/www.satiricon.be\/index.php?rest_route=\/wp\/v2\/posts\/21558\/revisions\/21562"}],"wp:attachment":[{"href":"https:\/\/www.satiricon.be\/index.php?rest_route=%2Fwp%2Fv2%2Fmedia&parent=21558"}],"wp:term":[{"taxonomy":"category","embeddable":true,"href":"https:\/\/www.satiricon.be\/index.php?rest_route=%2Fwp%2Fv2%2Fcategories&post=21558"},{"taxonomy":"post_tag","embeddable":true,"href":"https:\/\/www.satiricon.be\/index.php?rest_route=%2Fwp%2Fv2%2Ftags&post=21558"}],"curies":[{"name":"wp","href":"https:\/\/api.w.org\/{rel}","templated":true}]}}