{"id":21983,"date":"2022-03-04T20:39:47","date_gmt":"2022-03-04T18:39:47","guid":{"rendered":"https:\/\/www.satiricon.be\/?p=21983"},"modified":"2022-03-04T20:39:47","modified_gmt":"2022-03-04T18:39:47","slug":"lalcool-non-leau-ferrugineuse-oui-bourvil","status":"publish","type":"post","link":"https:\/\/www.satiricon.be\/?p=21983","title":{"rendered":"\u00ab\u00a0L\u2019alcool, non\u00a0! L\u2019eau ferrugineuse, oui\u00a0!\u00a0\u00bb (Bourvil)"},"content":{"rendered":"\n<div class=\"wp-block-image\"><figure class=\"aligncenter size-full\"><a href=\"https:\/\/www.satiricon.be\/wp-content\/uploads\/2022\/03\/Alcool-\u2013-Ce-quon-ne-vous-a-jamais-dit.jpg\"><img loading=\"lazy\" width=\"221\" height=\"350\" src=\"https:\/\/www.satiricon.be\/wp-content\/uploads\/2022\/03\/Alcool-\u2013-Ce-quon-ne-vous-a-jamais-dit.jpg\" alt=\"\" class=\"wp-image-21984\" srcset=\"https:\/\/www.satiricon.be\/wp-content\/uploads\/2022\/03\/Alcool-\u2013-Ce-quon-ne-vous-a-jamais-dit.jpg 221w, https:\/\/www.satiricon.be\/wp-content\/uploads\/2022\/03\/Alcool-\u2013-Ce-quon-ne-vous-a-jamais-dit-189x300.jpg 189w\" sizes=\"(max-width: 221px) 100vw, 221px\" \/><\/a><\/figure><\/div>\n\n\n\n<p>Thomas Orban est m\u00e9decin g\u00e9n\u00e9raliste depuis plus de vingt ans et il exerce \u00e0 Bruxelles. Membre de la Soci\u00e9t\u00e9 fran\u00e7aise d\u2019alcoologie<a href=\"#_ftn1\" id=\"_ftnref1\">[1]<\/a>, il fait \u00e9galement partie de la Cellule alcool de la Soci\u00e9t\u00e9 Scientifique de M\u00e9decine G\u00e9n\u00e9rale<a href=\"#_ftn2\" id=\"_ftnref2\">[2]<\/a> (SSMG).<\/p>\n\n\n\n<p>Vincent Li\u00e9vin est quant \u00e0 lui un journaliste ind\u00e9pendant belge sp\u00e9cialis\u00e9 dans le domaine m\u00e9dical depuis deux d\u00e9cennies. Il est r\u00e9guli\u00e8rement associ\u00e9 aux publications du Fonds de la Recherche Scientifique et est \u00e9galement l\u2019auteur de plusieurs ouvrages traitant de probl\u00e9matiques de sant\u00e9 publique.<\/p>\n\n\n\n<p>Ils font para\u00eetre de concert, chez Mardaga, un essai salutaire intitul\u00e9 <strong><em>Alcool \u2013 Ce qu&rsquo;on ne vous a jamais dit. Les cl\u00e9s pour comprendre et aider <\/em><\/strong>dans lequel ils mettent le focus sur les probl\u00e8mes li\u00e9s \u00e0 la boisson.<\/p>\n\n\n\n<p>Pr\u00e9sentation&nbsp;:<\/p>\n\n\n\n<p>\u00ab&nbsp;L\u2019addiction \u00e0 l\u2019alcool est l\u2019un des probl\u00e8mes de sant\u00e9 mentale les plus r\u00e9pandus aujourd\u2019hui. Pourtant, elle reste l\u2019un de ceux qui sont les moins bien pris en charge : seuls 15 % des personnes alcoolod\u00e9pendantes sont diagnostiqu\u00e9es et, parmi celles-ci, seule une sur deux est trait\u00e9e.<\/p>\n\n\n\n<p>Comment expliquer ce ph\u00e9nom\u00e8ne&nbsp;? Comment y rem\u00e9dier&nbsp;? Et comment savoir si l\u2019on est concern\u00e9&nbsp;?<\/p>\n\n\n\n<p>Thomas Orban et Vincent Li\u00e9vin proposent une vision neuve et in\u00e9dite de la prise en charge des personnes confront\u00e9es \u00e0 des probl\u00e8mes d\u2019alcool.<\/p>\n\n\n\n<p>Se basant sur les derni\u00e8res recherches scientifiques et de nombreuses situations concr\u00e8tes, ils invitent chacun \u00e0 une prise de conscience de sa propre consommation, d\u00e9taillent les signes avant-coureurs de l\u2019alcoolo-d\u00e9pendance et exposent les risques qui y sont li\u00e9s.<\/p>\n\n\n\n<p>Ils proposent finalement des pistes pour am\u00e9liorer le soin et l\u2019accompagnement des personnes potentiellement concern\u00e9es.&nbsp;\u00bb<\/p>\n\n\n\n<p>Tout en rappelant qu\u2019il ne faut pas \u00eatre alcoolod\u00e9pendant pour avoir un probl\u00e8me d\u2019alcool\u2026<\/p>\n\n\n\n<p><strong>P\u00c9TRONE<\/strong><\/p>\n\n\n\n<p class=\"has-small-font-size\"><strong><em>Alcool \u2013 Ce qu&rsquo;on ne vous a jamais dit. Les cl\u00e9s pour comprendre et aider <\/em><\/strong>par le Dr Thomas Orban et Vincent Li\u00e9vin, pr\u00e9face du Pr Benjamin Rolland, Bruxelles, \u00c9ditions Mardaga, collection \u00ab&nbsp;Sant\u00e9&nbsp;\u00bb, janvier&nbsp;2022, 346&nbsp;pp. en noir et blanc au format 14&nbsp;x&nbsp;22,5&nbsp;cm sous couverture broch\u00e9e en couleurs, 19,90&nbsp;\u20ac<\/p>\n\n\n\n<p class=\"has-text-align-center\"><strong>SOMMAIRE<\/strong><\/p>\n\n\n\n<p>Pr\u00e9face du Pr Benjamin Rolland<\/p>\n\n\n\n<p>Introduction<\/p>\n\n\n\n<p>Avant-propos du Dr Orban<\/p>\n\n\n\n<p>Chapitre 1<\/p>\n\n\n\n<p>C&rsquo;est quoi, l&rsquo;alcool&nbsp;?<\/p>\n\n\n\n<p>Chapitre 2<\/p>\n\n\n\n<p>\u00c9pid\u00e9miologie de l&rsquo;alcool<\/p>\n\n\n\n<p>Chapitre 3<\/p>\n\n\n\n<p>L&rsquo;alcool, une drogue&nbsp;?<\/p>\n\n\n\n<p>Chapitre 4<\/p>\n\n\n\n<p>Et moi, comment je bois&nbsp;?<\/p>\n\n\n\n<p>Chapitre 5<\/p>\n\n\n\n<p>Mon bilan alcool&nbsp;: le consommateur<\/p>\n\n\n\n<p>Chapitre 6<\/p>\n\n\n\n<p>Bilan m\u00e9dical<\/p>\n\n\n\n<p>Chapitre 7<\/p>\n\n\n\n<p>Bilan de comportement<\/p>\n\n\n\n<p>Chapitre 8<\/p>\n\n\n\n<p>Le diagnostic de consommation<\/p>\n\n\n\n<p>Chapitre 9<\/p>\n\n\n\n<p>Le r\u00f4le du patient<\/p>\n\n\n\n<p>Chapitre 10<\/p>\n\n\n\n<p>Le r\u00f4le des soignants<\/p>\n\n\n\n<p>Chapitre 11<\/p>\n\n\n\n<p>Agir en fonction du diagnostic&nbsp;: objectifs de soins<\/p>\n\n\n\n<p>Chapitre 12<\/p>\n\n\n\n<p>L&rsquo;alcool au travail<\/p>\n\n\n\n<p>Chapitre 13<\/p>\n\n\n\n<p>Les outils<\/p>\n\n\n\n<p>Chapitre 14<\/p>\n\n\n\n<p>Les femmes et l&rsquo;alcool<\/p>\n\n\n\n<p>Chapitre 15<\/p>\n\n\n\n<p>Les jeunes et l&rsquo;alcool<\/p>\n\n\n\n<p>Chapitre 16<\/p>\n\n\n\n<p>Sport et alcool<\/p>\n\n\n\n<p>Chapitre 17<\/p>\n\n\n\n<p>Le r\u00f4le de la soci\u00e9t\u00e9&nbsp;: les solutions que nous pouvons apporter<\/p>\n\n\n\n<p>Conclusion<\/p>\n\n\n\n<p>Annexes<\/p>\n\n\n\n<p>Notes<\/p>\n\n\n\n<p>Remerciements<\/p>\n\n\n\n<p>Bibliographie<\/p>\n\n\n\n<p>Table des mati\u00e8res<\/p>\n\n\n\n<hr class=\"wp-block-separator\" \/>\n\n\n\n<p><a href=\"#_ftnref1\" id=\"_ftn1\">[1]<\/a> Fond\u00e9e en 1978 par le docteur Pierre Fouquet, elle a son si\u00e8ge social chez le Pr Mickael Naassila, \u00e0 l\u2019Universit\u00e9 Picardie Jules Verne, GRAP, Chemin du Thil, 80025 Amiens Cedex&nbsp;1.<\/p>\n\n\n\n<p><a href=\"#_ftnref2\" id=\"_ftn2\">[2]<\/a> Fond\u00e9e en 1968, elle est sise au 8, rue de Suisse \u00e0 1060 Bruxelles.<\/p>\n","protected":false},"excerpt":{"rendered":"<p>Par P\u00e9trone.<\/p>\n","protected":false},"author":2,"featured_media":0,"comment_status":"closed","ping_status":"open","sticky":false,"template":"","format":"standard","meta":[],"categories":[77,11,56],"tags":[],"_links":{"self":[{"href":"https:\/\/www.satiricon.be\/index.php?rest_route=\/wp\/v2\/posts\/21983"}],"collection":[{"href":"https:\/\/www.satiricon.be\/index.php?rest_route=\/wp\/v2\/posts"}],"about":[{"href":"https:\/\/www.satiricon.be\/index.php?rest_route=\/wp\/v2\/types\/post"}],"author":[{"embeddable":true,"href":"https:\/\/www.satiricon.be\/index.php?rest_route=\/wp\/v2\/users\/2"}],"replies":[{"embeddable":true,"href":"https:\/\/www.satiricon.be\/index.php?rest_route=%2Fwp%2Fv2%2Fcomments&post=21983"}],"version-history":[{"count":1,"href":"https:\/\/www.satiricon.be\/index.php?rest_route=\/wp\/v2\/posts\/21983\/revisions"}],"predecessor-version":[{"id":21985,"href":"https:\/\/www.satiricon.be\/index.php?rest_route=\/wp\/v2\/posts\/21983\/revisions\/21985"}],"wp:attachment":[{"href":"https:\/\/www.satiricon.be\/index.php?rest_route=%2Fwp%2Fv2%2Fmedia&parent=21983"}],"wp:term":[{"taxonomy":"category","embeddable":true,"href":"https:\/\/www.satiricon.be\/index.php?rest_route=%2Fwp%2Fv2%2Fcategories&post=21983"},{"taxonomy":"post_tag","embeddable":true,"href":"https:\/\/www.satiricon.be\/index.php?rest_route=%2Fwp%2Fv2%2Ftags&post=21983"}],"curies":[{"name":"wp","href":"https:\/\/api.w.org\/{rel}","templated":true}]}}