{"id":22169,"date":"2022-05-08T14:51:59","date_gmt":"2022-05-08T12:51:59","guid":{"rendered":"https:\/\/www.satiricon.be\/?p=22169"},"modified":"2022-05-08T14:51:59","modified_gmt":"2022-05-08T12:51:59","slug":"une-femme-libre-est-exactement-le-contraire-dune-femme-legere-simone-de-beauvoir","status":"publish","type":"post","link":"https:\/\/www.satiricon.be\/?p=22169","title":{"rendered":"\u00ab\u00a0Une femme libre est exactement le contraire d\u2019une femme l\u00e9g\u00e8re.\u00a0\u00bb (Simone de Beauvoir)"},"content":{"rendered":"\n<div class=\"wp-block-image\"><figure class=\"aligncenter size-full\"><a href=\"https:\/\/www.satiricon.be\/wp-content\/uploads\/2022\/05\/Petite-histoire-du-feminisme.jpg\"><img loading=\"lazy\" width=\"302\" height=\"350\" src=\"https:\/\/www.satiricon.be\/wp-content\/uploads\/2022\/05\/Petite-histoire-du-feminisme.jpg\" alt=\"\" class=\"wp-image-22170\" srcset=\"https:\/\/www.satiricon.be\/wp-content\/uploads\/2022\/05\/Petite-histoire-du-feminisme.jpg 302w, https:\/\/www.satiricon.be\/wp-content\/uploads\/2022\/05\/Petite-histoire-du-feminisme-259x300.jpg 259w\" sizes=\"(max-width: 302px) 100vw, 302px\" \/><\/a><\/figure><\/div>\n\n\n\n<p>Traduite de l\u2019anglais et publi\u00e9e chez Larousse, la <strong><em>Petite histoire du f\u00e9minisme <\/em><\/strong>sous-titr\u00e9e<strong><em> Une histoire visuelle du mouvement pour les droits des femmes<\/em><\/strong> est un ouvrage collectif qui d\u00e9crit le combat des femmes pour l&rsquo;\u00e9galit\u00e9 depuis le XIX<sup>e<\/sup> si\u00e8cle jusqu\u2019\u00e0 2019 au moyen de plus de cent infographies mettant en lumi\u00e8re les mouvements f\u00e9ministes, les pionni\u00e8res et leurs succ\u00e8s collectifs ou individuels, \u00e0 travers des \u00e9v\u00e8nements cl\u00e9s, de courtes biographies et des citations c\u00e9l\u00e8bres.<\/p>\n\n\n\n<p>L\u2019exposition claire de combats justes, \u00e0 consulter et \u00e0 m\u00e9diter par ces temps de retour \u00e0 l\u2019obscurantisme ou de maintien de celui-ci dans de nombreux pays et dans la t\u00eate de certains de nos hommes politiques\u2026<\/p>\n\n\n\n<p><strong>P\u00c9TRONE<\/strong><\/p>\n\n\n\n<p class=\"has-small-font-size\"><strong><em>Petite histoire du f\u00e9minisme \u2013 Une histoire visuelle du mouvement pour les droits des femmes<\/em><\/strong>, ouvrage collectif traduit de l\u2019anglais par Laurence Taillebois, pr\u00e9face de Helen Pankhurst, Paris, \u00c9ditions Larousse, avril&nbsp;2022, 128&nbsp;pp. en quadrichromie au format 16&nbsp;x&nbsp;18,5&nbsp;cm sous couverture broch\u00e9e en couleurs, 14,95&nbsp;\u20ac (prix France)<\/p>\n\n\n\n<p class=\"has-text-align-center\"><strong>SOMMAIRE<\/strong><\/p>\n\n\n\n<p>Pr\u00e9face de Helen Pankhurst<\/p>\n\n\n\n<p><strong>Le f\u00e9minisme de la premi\u00e8re vague, \u00e0 partir des ann\u00e9es 1840<\/strong><\/p>\n\n\n\n<p>Introduction&nbsp;: \u00ab&nbsp;Rien sur cette Terre ne fera c\u00e9der les femmes&nbsp;\u00bb.<\/p>\n\n\n\n<p>La premi\u00e8re vague mise en contexte<\/p>\n\n\n\n<p>Les pionni\u00e8res du f\u00e9minisme<\/p>\n\n\n\n<p>Seneca Falls<\/p>\n\n\n\n<p>Bio&nbsp;: Susan B. Anthony<\/p>\n\n\n\n<p>L\u2019organisation<\/p>\n\n\n\n<p>Les premiers textes f\u00e9ministes<\/p>\n\n\n\n<p>Bio&nbsp;: Wilhelmine Drucker<\/p>\n\n\n\n<p>La l\u00e9galisation des droits de propri\u00e9t\u00e9<\/p>\n\n\n\n<p>Des associations pour le suffrage<\/p>\n\n\n\n<p>Bio&nbsp;: Millicent Fawcett<\/p>\n\n\n\n<p>Devenir militantes<\/p>\n\n\n\n<p>Bio&nbsp;: Hubertine Auclert<\/p>\n\n\n\n<p>Le droit de vote des femmes<\/p>\n\n\n\n<p>Le droit \u00e0 l\u2019\u00e9ducation<\/p>\n\n\n\n<p>Les femmes dans l\u2019\u00e9ducation<\/p>\n\n\n\n<p>La contraception<\/p>\n\n\n\n<p>Bio&nbsp;: Hiratsuka Raich\u00f4<\/p>\n\n\n\n<p><strong>Le f\u00e9minisme de la deuxi\u00e8me vague, \u00e0 partir des ann\u00e9es 1960<\/strong><\/p>\n\n\n\n<p>Introduction&nbsp;: \u00ab&nbsp;Je ne serai pas libre tant qu\u2019une autre femme sera priv\u00e9e de sa libert\u00e9&nbsp;\u00bb.<\/p>\n\n\n\n<p>La deuxi\u00e8me vague mise en contexte<\/p>\n\n\n\n<p>Repenser le genre<\/p>\n\n\n\n<p>La th\u00e9orie f\u00e9ministe<\/p>\n\n\n\n<p>Bio&nbsp;: Betty Friedan<\/p>\n\n\n\n<p>Le droit \u00e0 l\u2019avortement<\/p>\n\n\n\n<p>Bio&nbsp;: Simone Veil<\/p>\n\n\n\n<p>La l\u00e9galisation de l\u2019avortement<\/p>\n\n\n\n<p>Bio&nbsp;: Alice Schwarzer<\/p>\n\n\n\n<p>Des mouvements de protestation<\/p>\n\n\n\n<p>Bio&nbsp;: Gloria Steinem<\/p>\n\n\n\n<p>Les femmes dans l\u2019imprim\u00e9<\/p>\n\n\n\n<p>Des gr\u00e8ves du travail<\/p>\n\n\n\n<p>La l\u00e9galisation du divorce<\/p>\n\n\n\n<p>L\u2019ann\u00e9e de la femme<\/p>\n\n\n\n<p>Les premi\u00e8res dirigeantes \u00e9lues<\/p>\n\n\n\n<p>Les femmes dans les sciences<\/p>\n\n\n\n<p><strong>Le f\u00e9minisme de la troisi\u00e8me vague, \u00e0 partir des ann\u00e9es 1990<\/strong><\/p>\n\n\n\n<p>Introduction&nbsp;: \u00ab&nbsp;Nous devrions tous et toutes \u00eatre f\u00e9ministes.3<\/p>\n\n\n\n<p>La troisi\u00e8me vague mise en contexte<\/p>\n\n\n\n<p>Le harc\u00e8lement sexuel<\/p>\n\n\n\n<p>Bio&nbsp;: Anita Hill<\/p>\n\n\n\n<p>La th\u00e9orie f\u00e9ministe<\/p>\n\n\n\n<p>La violence \u00e0 l\u2019\u00e9gard des femmes<\/p>\n\n\n\n<p>Bio&nbsp;: Malala Yousafzai<\/p>\n\n\n\n<p>S\u2019attaquer \u00e0 la discrimination<\/p>\n\n\n\n<p>Les femmes dans les arts<\/p>\n\n\n\n<p>Bio&nbsp;: Chimamanda Ngozi Adichie<\/p>\n\n\n\n<p>Les politiques de cong\u00e9 parental<\/p>\n\n\n\n<p>L\u2019\u00e9galit\u00e9 salariale<\/p>\n\n\n\n<p>La marche des femmes de 2017<\/p>\n\n\n\n<p>Les femmes dans les sports<\/p>\n\n\n\n<p>Des perces sportives<\/p>\n\n\n\n<p>Des organisations caritatives mondiales<\/p>\n\n\n\n<p>Bio&nbsp;: Michelle Obama<\/p>\n\n\n\n<p>Des avanc\u00e9es politiques<\/p>\n\n\n\n<p>Les femmes dans les m\u00e9dias sociaux<\/p>\n\n\n\n<p>Le f\u00e9minisme aujourd\u2019hui<\/p>\n","protected":false},"excerpt":{"rendered":"<p>Par P\u00e9trone.<\/p>\n","protected":false},"author":2,"featured_media":0,"comment_status":"closed","ping_status":"open","sticky":false,"template":"","format":"standard","meta":[],"categories":[49,11,56],"tags":[],"_links":{"self":[{"href":"https:\/\/www.satiricon.be\/index.php?rest_route=\/wp\/v2\/posts\/22169"}],"collection":[{"href":"https:\/\/www.satiricon.be\/index.php?rest_route=\/wp\/v2\/posts"}],"about":[{"href":"https:\/\/www.satiricon.be\/index.php?rest_route=\/wp\/v2\/types\/post"}],"author":[{"embeddable":true,"href":"https:\/\/www.satiricon.be\/index.php?rest_route=\/wp\/v2\/users\/2"}],"replies":[{"embeddable":true,"href":"https:\/\/www.satiricon.be\/index.php?rest_route=%2Fwp%2Fv2%2Fcomments&post=22169"}],"version-history":[{"count":1,"href":"https:\/\/www.satiricon.be\/index.php?rest_route=\/wp\/v2\/posts\/22169\/revisions"}],"predecessor-version":[{"id":22171,"href":"https:\/\/www.satiricon.be\/index.php?rest_route=\/wp\/v2\/posts\/22169\/revisions\/22171"}],"wp:attachment":[{"href":"https:\/\/www.satiricon.be\/index.php?rest_route=%2Fwp%2Fv2%2Fmedia&parent=22169"}],"wp:term":[{"taxonomy":"category","embeddable":true,"href":"https:\/\/www.satiricon.be\/index.php?rest_route=%2Fwp%2Fv2%2Fcategories&post=22169"},{"taxonomy":"post_tag","embeddable":true,"href":"https:\/\/www.satiricon.be\/index.php?rest_route=%2Fwp%2Fv2%2Ftags&post=22169"}],"curies":[{"name":"wp","href":"https:\/\/api.w.org\/{rel}","templated":true}]}}