{"id":22175,"date":"2022-05-11T10:51:25","date_gmt":"2022-05-11T08:51:25","guid":{"rendered":"https:\/\/www.satiricon.be\/?p=22175"},"modified":"2022-05-11T14:26:06","modified_gmt":"2022-05-11T12:26:06","slug":"le-francois-villon-de-la-peinture-italienne","status":"publish","type":"post","link":"https:\/\/www.satiricon.be\/?p=22175","title":{"rendered":"Le Fran\u00e7ois Villon de la peinture italienne\u2026"},"content":{"rendered":"\n<div class=\"wp-block-image\"><figure class=\"aligncenter size-full\"><a href=\"https:\/\/www.satiricon.be\/wp-content\/uploads\/2022\/05\/Le-Caravage-\u2013-Peintre-et-assassin-cover.jpg\"><img loading=\"lazy\" width=\"246\" height=\"350\" src=\"https:\/\/www.satiricon.be\/wp-content\/uploads\/2022\/05\/Le-Caravage-\u2013-Peintre-et-assassin-cover.jpg\" alt=\"\" class=\"wp-image-22178\" srcset=\"https:\/\/www.satiricon.be\/wp-content\/uploads\/2022\/05\/Le-Caravage-\u2013-Peintre-et-assassin-cover.jpg 246w, https:\/\/www.satiricon.be\/wp-content\/uploads\/2022\/05\/Le-Caravage-\u2013-Peintre-et-assassin-cover-211x300.jpg 211w\" sizes=\"(max-width: 246px) 100vw, 246px\" \/><\/a><\/figure><\/div>\n\n\n\n<p>\u00c9crivain, historien d\u2019art, ancien conservateur des Mus\u00e9es de France, homme de communication et sinologue fran\u00e7ais, Roger Fr\u00e8ches (\u00b01950) est aussi un passionn\u00e9 de la vie et de l\u2019\u0153uvre de Michelangelo Merisi da Caravaggio (1571-1610), auquel il consacra en 1995 (avant une r\u00e9impression en 2012), dans la fameuse collection \u00ab&nbsp;D\u00e9couvertes&nbsp;\u00bb des \u00c9ditions Gallimard, un remarquable petit essai intitul\u00e9 <strong><em>Le Caravage \u2013 Peintre et assassin<\/em><\/strong> qui ressort \u00e0 nouveau ces jours-ci sous une nouvelle couverture.<\/p>\n\n\n\n<p>L\u2019\u0153uvre puissante et novatrice de ce peintre italien a r\u00e9volutionn\u00e9 l\u2019art pictural du XVII<sup>e&nbsp;<\/sup>si\u00e8cle par son caract\u00e8re naturaliste, son r\u00e9alisme parfois brutal et l&#8217;emploi appuy\u00e9 de la technique du clair-obscur allant jusqu&rsquo;au t\u00e9n\u00e9brisme.<\/p>\n\n\n\n<p>Ayant connu la c\u00e9l\u00e9brit\u00e9 de son vivant, il fut, en contraste avec la Renaissance, finissante et mani\u00e9riste, le pr\u00e9curseur du r\u00e9alisme en peinture et influen\u00e7a nombre de grands peintres apr\u00e8s lui, premier d&rsquo;une famille d&rsquo;artistes qui, m\u00eame si elle n&rsquo;a pas \u00e9t\u00e9 une \u00e9cole, a pris le nom de caravagisme<a href=\"#_ftn1\" id=\"_ftnref1\">[1]<\/a>.<\/p>\n\n\n\n<p>Il remporta en effet un succ\u00e8s foudroyant au d\u00e9but des ann\u00e9es 1600 en travaillant pour des protecteurs cultiv\u00e9s aupr\u00e8s de qui il obtint des commandes prestigieuses, si bien que des collectionneurs de tr\u00e8s haut rang recherch\u00e8rent ses peintures.<\/p>\n\n\n\n<p>Il entra ensuite dans une p\u00e9riode difficile.<\/p>\n\n\n\n<p>En 1606, apr\u00e8s de nombreux d\u00e9m\u00eal\u00e9s avec la justice des \u00c9tats pontificaux (bagarreur, susceptible et violent, il connut plusieurs s\u00e9jours en prison), Le Caravage blessa mortellement un adversaire au cours d&rsquo;un duel. Il dut alors quitter Rome et passa le reste de sa vie en exil, \u00e0 Naples, \u00e0 Malte et en Sicile.<\/p>\n\n\n\n<p>Jusqu&rsquo;en 1610, l&rsquo;ann\u00e9e de sa mort \u00e0 l&rsquo;\u00e2ge de 38 ans dans des conditions rest\u00e9es obscures, ses peintures furent en partie destin\u00e9es \u00e0 racheter cette faute.<\/p>\n\n\n\n<div class=\"wp-block-image\"><figure class=\"aligncenter size-full\"><a href=\"https:\/\/www.satiricon.be\/wp-content\/uploads\/2022\/05\/Le-Caravage-\u2013-Peintre-et-assassin-Garcon-avec-un-panier-de-fruits.jpg\"><img loading=\"lazy\" width=\"319\" height=\"350\" src=\"https:\/\/www.satiricon.be\/wp-content\/uploads\/2022\/05\/Le-Caravage-\u2013-Peintre-et-assassin-Garcon-avec-un-panier-de-fruits.jpg\" alt=\"\" class=\"wp-image-22177\" srcset=\"https:\/\/www.satiricon.be\/wp-content\/uploads\/2022\/05\/Le-Caravage-\u2013-Peintre-et-assassin-Garcon-avec-un-panier-de-fruits.jpg 319w, https:\/\/www.satiricon.be\/wp-content\/uploads\/2022\/05\/Le-Caravage-\u2013-Peintre-et-assassin-Garcon-avec-un-panier-de-fruits-273x300.jpg 273w\" sizes=\"(max-width: 319px) 100vw, 319px\" \/><\/a><\/figure><\/div>\n\n\n\n<p>En vain.<\/p>\n\n\n\n<p class=\"has-text-align-center has-small-font-size\"><em>Gar\u00e7on avec un panier de fruits<\/em> (1593)<\/p>\n\n\n\n<p class=\"has-text-align-center has-small-font-size\">70&nbsp;\u00d7&nbsp;67&nbsp;cm, Galerie Borgh\u00e8se, Rome<\/p>\n\n\n\n<p>Apr\u00e8s une longue p\u00e9riode d&rsquo;oubli critique, il faut attendre le d\u00e9but du XX<sup>e<\/sup> si\u00e8cle pour que le g\u00e9nie de Caravage soit pleinement reconnu, ind\u00e9pendamment de sa r\u00e9putation sulfureuse.<\/p>\n\n\n\n<p>Son succ\u00e8s populaire donne lieu \u00e0 une multitude de romans et de films, \u00e0 c\u00f4t\u00e9 des expositions et des innombrables publications scientifiques qui, depuis un si\u00e8cle, en renouvellent compl\u00e8tement l&rsquo;image.<\/p>\n\n\n\n<p>Ses \u0153uvres sont actuellement pr\u00e9sent\u00e9es dans les plus grands mus\u00e9es du monde, malgr\u00e9 le nombre limit\u00e9 de peintures qui ont surv\u00e9cu.<\/p>\n\n\n\n<div class=\"wp-block-image\"><figure class=\"aligncenter size-full\"><a href=\"https:\/\/www.satiricon.be\/wp-content\/uploads\/2022\/05\/Le-Caravage-\u2013-Peintre-et-assassin-Portrait-dAlof-de-Wignacourt.jpg\"><img loading=\"lazy\" width=\"237\" height=\"350\" src=\"https:\/\/www.satiricon.be\/wp-content\/uploads\/2022\/05\/Le-Caravage-\u2013-Peintre-et-assassin-Portrait-dAlof-de-Wignacourt.jpg\" alt=\"\" class=\"wp-image-22176\" srcset=\"https:\/\/www.satiricon.be\/wp-content\/uploads\/2022\/05\/Le-Caravage-\u2013-Peintre-et-assassin-Portrait-dAlof-de-Wignacourt.jpg 237w, https:\/\/www.satiricon.be\/wp-content\/uploads\/2022\/05\/Le-Caravage-\u2013-Peintre-et-assassin-Portrait-dAlof-de-Wignacourt-203x300.jpg 203w\" sizes=\"(max-width: 237px) 100vw, 237px\" \/><\/a><\/figure><\/div>\n\n\n\n<p class=\"has-text-align-center has-small-font-size\"><em>Portrait d&rsquo;Alof de Wignacourt<\/em>, <em>Grand Ma\u00eetre de l\u2019Ordre de Malte<\/em> (1607-1608)<\/p>\n\n\n\n<p class=\"has-text-align-center has-small-font-size\">195&nbsp;\u00d7&nbsp;134&nbsp;cm, mus\u00e9e du Louvre, Paris<\/p>\n\n\n\n<p>La l\u00e9gende du peintre voyou et maudit qui s&rsquo;attache au Caravage trouve ses origines dans la vie tumultueuse de cet homme, prompt \u00e0 d\u00e9gainer l&rsquo;\u00e9p\u00e9e, jusqu&rsquo;\u00e0 l&rsquo;assassinat qui fit de lui un fugitif.<\/p>\n\n\n\n<p>Mais il fut \u00e9galement un habile courtisan dans la Rome des ann\u00e9es 1600, tr\u00e8s vite peintre adul\u00e9 des pr\u00e9lats et des princes.<\/p>\n\n\n\n<p><strong>P\u00c9TRONE<\/strong><\/p>\n\n\n\n<p class=\"has-small-font-size\"><strong><em>Le Caravage \u2013 Peintre et assassin <\/em><\/strong>par Roger Fr\u00e8ches, Paris, \u00c9ditions Gallimard, collection \u00ab&nbsp;D\u00e9couvertes&nbsp;\u00bb, mai&nbsp;2022 [1995, 2012], 160&nbsp;pp. en quadrichromie au format 12,5&nbsp;x&nbsp;17,8&nbsp;cm sous couverture broch\u00e9e en couleurs, 14,70&nbsp;\u20ac (prix France)<\/p>\n\n\n\n<hr class=\"wp-block-separator\" \/>\n\n\n\n<p class=\"has-small-font-size\"><a id=\"_ftn1\" href=\"#_ftnref1\">[1]<\/a> Le caravagisme, ou \u00e9cole caravagesque, est un courant pictural de la premi\u00e8re moiti\u00e9 du XVII<sup>e<\/sup> si\u00e8cle, apparu \u00e0 la suite de l&rsquo;\u0153uvre du Caravage. Citons, parmi ses principaux membres, <strong>en Italie<\/strong>, Bartolomeo Manfredi (1580-1620), Orazio Gentileschi (1563-1639) et sa fille Artemisia (1593-1652). Jos\u00e9 de Ribera (1591-1652) et Battistello Caracciolo, dit Battistello (1578-1635), <strong>en France<\/strong>, Valentin de Boulogne, dit Le Valentin (1591-1632), Nicolas Tournier (1590-1639), Nicolas R\u00e9gnier (1588-1667), Guy Fran\u00e7ois (v. 1578-1650), Georges de La Tour (1593-1652), Simon Vouet (1590-1649) et Claude Vignon (1593-1670), <strong>en Hollande<\/strong>, Gerrit van Honthorst (1590-1656), Hendrick ter Brugghen (1588-1629) et Dirck Van Baburen (v. 1595-1624), <strong>en Flandre<\/strong> Pierre-Paul Rubens (1577-1640), Louis Finson (v. 1578-1617), Abraham Janssens (1575-1632), Theodore Rombouts (1597-1637), Gerard Seghers (1591-1651), Jan Cossiers (1600-1671), Adam de Coster (1586-1643), Jacques de l&rsquo;Ange (? &#8211; ca 1650), Jan van Dalen (? &#8211; ca 1670) et Jacob van Oost (1603-1671) et Hendrick de Somer (1602-1655 ou 1656), <strong>et en Espagne<\/strong>, Pedro Orrente (1580-1645), Juan Bautista Maino (1581-1649), Pedro N\u00fa\u00f1ez (v. 1614-1654), Francisco de Zurbar\u00e1n (1598-1664), Francisco Ribalta (1551-1628), Juan S\u00e1nchez Cot\u00e1n (1560-1627), Juan van der Hamen (1596-1631), ou encore Jos\u00e9 de Ribera (1591-1652). Source : Wikip\u00e9dia.<\/p>\n","protected":false},"excerpt":{"rendered":"<p>Par P\u00e9trone.<\/p>\n","protected":false},"author":2,"featured_media":0,"comment_status":"closed","ping_status":"open","sticky":false,"template":"","format":"standard","meta":[],"categories":[12,77,54,11],"tags":[],"_links":{"self":[{"href":"https:\/\/www.satiricon.be\/index.php?rest_route=\/wp\/v2\/posts\/22175"}],"collection":[{"href":"https:\/\/www.satiricon.be\/index.php?rest_route=\/wp\/v2\/posts"}],"about":[{"href":"https:\/\/www.satiricon.be\/index.php?rest_route=\/wp\/v2\/types\/post"}],"author":[{"embeddable":true,"href":"https:\/\/www.satiricon.be\/index.php?rest_route=\/wp\/v2\/users\/2"}],"replies":[{"embeddable":true,"href":"https:\/\/www.satiricon.be\/index.php?rest_route=%2Fwp%2Fv2%2Fcomments&post=22175"}],"version-history":[{"count":2,"href":"https:\/\/www.satiricon.be\/index.php?rest_route=\/wp\/v2\/posts\/22175\/revisions"}],"predecessor-version":[{"id":22181,"href":"https:\/\/www.satiricon.be\/index.php?rest_route=\/wp\/v2\/posts\/22175\/revisions\/22181"}],"wp:attachment":[{"href":"https:\/\/www.satiricon.be\/index.php?rest_route=%2Fwp%2Fv2%2Fmedia&parent=22175"}],"wp:term":[{"taxonomy":"category","embeddable":true,"href":"https:\/\/www.satiricon.be\/index.php?rest_route=%2Fwp%2Fv2%2Fcategories&post=22175"},{"taxonomy":"post_tag","embeddable":true,"href":"https:\/\/www.satiricon.be\/index.php?rest_route=%2Fwp%2Fv2%2Ftags&post=22175"}],"curies":[{"name":"wp","href":"https:\/\/api.w.org\/{rel}","templated":true}]}}