{"id":22443,"date":"2022-09-28T14:54:54","date_gmt":"2022-09-28T12:54:54","guid":{"rendered":"https:\/\/www.satiricon.be\/?p=22443"},"modified":"2022-09-28T14:54:54","modified_gmt":"2022-09-28T12:54:54","slug":"le-travail-cest-la-sante-adage","status":"publish","type":"post","link":"https:\/\/www.satiricon.be\/?p=22443","title":{"rendered":"\u00ab\u00a0Le travail, c&rsquo;est la sant\u00e9.\u00a0\u00bb (Adage)"},"content":{"rendered":"\n<div class=\"wp-block-image\"><figure class=\"aligncenter size-full\"><a href=\"https:\/\/www.satiricon.be\/wp-content\/uploads\/2022\/09\/Philocomix-\u2013-Metro-boulot-cogito.jpg\"><img loading=\"lazy\" width=\"258\" height=\"350\" src=\"https:\/\/www.satiricon.be\/wp-content\/uploads\/2022\/09\/Philocomix-\u2013-Metro-boulot-cogito.jpg\" alt=\"\" class=\"wp-image-22446\" srcset=\"https:\/\/www.satiricon.be\/wp-content\/uploads\/2022\/09\/Philocomix-\u2013-Metro-boulot-cogito.jpg 258w, https:\/\/www.satiricon.be\/wp-content\/uploads\/2022\/09\/Philocomix-\u2013-Metro-boulot-cogito-221x300.jpg 221w\" sizes=\"(max-width: 258px) 100vw, 258px\" \/><\/a><\/figure><\/div>\n\n\n\n<p>Point central de <strong><em>M\u00e9tro, boulot, cogito<\/em><\/strong>, le troisi\u00e8me tome de la s\u00e9rie des <strong><em>Philocomix<\/em><\/strong>, le travail d\u00e9finit en grande partie notre identit\u00e9, occupe une place majeure dans notre existence et constitue un marqueur essentiel de notre vie sociale.<\/p>\n\n\n\n<p>Sur des sc\u00e9narios de Jean-Philippe Thivet, agr\u00e9g\u00e9 de philosophie, et de J\u00e9r\u00f4me Vermer illustr\u00e9s par Mathieu La Mine, dix philosophes sont questionn\u00e9s \u00e0 propos de ce concept universel et de sa place dans notre soci\u00e9t\u00e9 et dans nos vies personnelles.<\/p>\n\n\n\n<p>En voici la liste et les titres de chapitres&nbsp;:<\/p>\n\n\n\n<p>\u2013 Socrate. Commencez par vous poser les bonnes questions\u2026 essayez la philo&nbsp;!<\/p>\n\n\n\n<p>\u2013 P\u00e9trarque. Au travail, pr\u00e9f\u00e9rez la contemplation pour guider vos pas&nbsp;!<\/p>\n\n\n\n<p>\u2013 Ren\u00e9 Descartes. Une vie plus heureuse&nbsp;? C\u2019est techniquement possible&nbsp;!<\/p>\n\n\n\n<p>\u2013 John Locke. Mettez en \u0153uvre un contrat social qui vous assure la propri\u00e9t\u00e9 du fruit de votre travail&nbsp;!<\/p>\n\n\n\n<p>\u2013 Adam Smith. Pour une soci\u00e9t\u00e9 prosp\u00e8re et heureuse, misez sur la division du travail&nbsp;!<\/p>\n\n\n\n<p>\u2013 Georg Wilhelm Friedrich Hegel. Travaillez et vous gagnerez libert\u00e9 et reconnaissance&nbsp;!<\/p>\n\n\n\n<p>\u2013 Karl Marx. R\u00e9voltez-vous contre le travail qui broie et ali\u00e8ne&nbsp;!<\/p>\n\n\n\n<p>\u2013 Simone Weil. Trouvez dans le travail la possibilit\u00e9 de vous \u00e9lever&nbsp;!<\/p>\n\n\n\n<p>\u2013 Martin Heidegger. Ne laissez pas le travail vous \u00e9loigner de l\u2019essentiel&nbsp;!<\/p>\n\n\n\n<p>\u2013 Bertrand Russel. Travaillez\u2026 avec mod\u00e9ration&nbsp;!<\/p>\n\n\n\n<p>Un passionnant instrument de p\u00e9dagogie et de r\u00e9flexion&nbsp;!<\/p>\n\n\n\n<p><strong>P\u00c9TRONE <\/strong><\/p>\n\n\n\n<p class=\"has-small-font-size\"><strong><em>Philocomix tome 3 \u2013 M\u00e9tro, boulot, cogito<\/em><\/strong>, sc\u00e9narios de Jean-Philippe Thivet et J\u00e9r\u00f4me Vermer, dessins de Mathieu La Mine, Paris, \u00c9ditions Rue de S\u00e8vres, septembre&nbsp;2022, 184&nbsp;pp. en quadrichromie au format 18,9&nbsp;x&nbsp;25,7&nbsp;cm sous couverture broch\u00e9e en couleurs et \u00e0 rabats, 20&nbsp;\u20ac (prix France)<\/p>\n\n\n\n<p><strong><u>Dans la m\u00eame collection\u00a0:<\/u><\/strong><\/p>\n\n\n\n<div class=\"wp-block-image\"><figure class=\"aligncenter size-full\"><a href=\"https:\/\/www.satiricon.be\/wp-content\/uploads\/2022\/09\/Philocomix-\u2013-Tome-1.jpg\"><img loading=\"lazy\" width=\"254\" height=\"350\" src=\"https:\/\/www.satiricon.be\/wp-content\/uploads\/2022\/09\/Philocomix-\u2013-Tome-1.jpg\" alt=\"\" class=\"wp-image-22444\" srcset=\"https:\/\/www.satiricon.be\/wp-content\/uploads\/2022\/09\/Philocomix-\u2013-Tome-1.jpg 254w, https:\/\/www.satiricon.be\/wp-content\/uploads\/2022\/09\/Philocomix-\u2013-Tome-1-218x300.jpg 218w\" sizes=\"(max-width: 254px) 100vw, 254px\" \/><\/a><\/figure><\/div>\n\n\n\n<div class=\"wp-block-image\"><figure class=\"aligncenter size-full\"><a href=\"https:\/\/www.satiricon.be\/wp-content\/uploads\/2022\/09\/Philocomix-\u2013-Tome-2.jpg\"><img loading=\"lazy\" width=\"255\" height=\"350\" src=\"https:\/\/www.satiricon.be\/wp-content\/uploads\/2022\/09\/Philocomix-\u2013-Tome-2.jpg\" alt=\"\" class=\"wp-image-22445\" srcset=\"https:\/\/www.satiricon.be\/wp-content\/uploads\/2022\/09\/Philocomix-\u2013-Tome-2.jpg 255w, https:\/\/www.satiricon.be\/wp-content\/uploads\/2022\/09\/Philocomix-\u2013-Tome-2-219x300.jpg 219w\" sizes=\"(max-width: 255px) 100vw, 255px\" \/><\/a><\/figure><\/div>\n","protected":false},"excerpt":{"rendered":"<p>Par P\u00e9trone.<\/p>\n","protected":false},"author":2,"featured_media":0,"comment_status":"closed","ping_status":"open","sticky":false,"template":"","format":"standard","meta":[],"categories":[49,11],"tags":[],"_links":{"self":[{"href":"https:\/\/www.satiricon.be\/index.php?rest_route=\/wp\/v2\/posts\/22443"}],"collection":[{"href":"https:\/\/www.satiricon.be\/index.php?rest_route=\/wp\/v2\/posts"}],"about":[{"href":"https:\/\/www.satiricon.be\/index.php?rest_route=\/wp\/v2\/types\/post"}],"author":[{"embeddable":true,"href":"https:\/\/www.satiricon.be\/index.php?rest_route=\/wp\/v2\/users\/2"}],"replies":[{"embeddable":true,"href":"https:\/\/www.satiricon.be\/index.php?rest_route=%2Fwp%2Fv2%2Fcomments&post=22443"}],"version-history":[{"count":1,"href":"https:\/\/www.satiricon.be\/index.php?rest_route=\/wp\/v2\/posts\/22443\/revisions"}],"predecessor-version":[{"id":22447,"href":"https:\/\/www.satiricon.be\/index.php?rest_route=\/wp\/v2\/posts\/22443\/revisions\/22447"}],"wp:attachment":[{"href":"https:\/\/www.satiricon.be\/index.php?rest_route=%2Fwp%2Fv2%2Fmedia&parent=22443"}],"wp:term":[{"taxonomy":"category","embeddable":true,"href":"https:\/\/www.satiricon.be\/index.php?rest_route=%2Fwp%2Fv2%2Fcategories&post=22443"},{"taxonomy":"post_tag","embeddable":true,"href":"https:\/\/www.satiricon.be\/index.php?rest_route=%2Fwp%2Fv2%2Ftags&post=22443"}],"curies":[{"name":"wp","href":"https:\/\/api.w.org\/{rel}","templated":true}]}}