{"id":22496,"date":"2022-10-21T18:10:18","date_gmt":"2022-10-21T16:10:18","guid":{"rendered":"https:\/\/www.satiricon.be\/?p=22496"},"modified":"2022-10-21T18:11:01","modified_gmt":"2022-10-21T16:11:01","slug":"activisme-contemporain-en-france%ef%bf%bc","status":"publish","type":"post","link":"https:\/\/www.satiricon.be\/?p=22496","title":{"rendered":"Activisme contemporain en France\u2026\ufffc"},"content":{"rendered":"\n<div class=\"wp-block-image\"><figure class=\"aligncenter size-full\"><a href=\"https:\/\/www.satiricon.be\/wp-content\/uploads\/2022\/10\/La-rue-militante-\u2013-30-ans-daffiches-de-combat.jpg\"><img loading=\"lazy\" width=\"262\" height=\"350\" src=\"https:\/\/www.satiricon.be\/wp-content\/uploads\/2022\/10\/La-rue-militante-\u2013-30-ans-daffiches-de-combat.jpg\" alt=\"\" class=\"wp-image-22499\" srcset=\"https:\/\/www.satiricon.be\/wp-content\/uploads\/2022\/10\/La-rue-militante-\u2013-30-ans-daffiches-de-combat.jpg 262w, https:\/\/www.satiricon.be\/wp-content\/uploads\/2022\/10\/La-rue-militante-\u2013-30-ans-daffiches-de-combat-225x300.jpg 225w\" sizes=\"(max-width: 262px) 100vw, 262px\" \/><\/a><\/figure><\/div>\n\n\n\n<p>Professeur d&rsquo;arts appliqu\u00e9s, journaliste et \u00e9crivain, Zvonimir Novak est sp\u00e9cialis\u00e9 dans l&rsquo;imagerie politique.<\/p>\n\n\n\n<p>Auteur de plusieurs ouvrages (<em>La lutte des signes \u2013 40 ans d\u2019autocollants politiques <\/em>[2009], <em>Tricolores \u2013 Une histoire visuelle de la droite et de l&rsquo;extr\u00eame droite <\/em>[2011], <em>Guy Debord \u2013 Un art de la guerre<\/em> [2013],<em> Agit-Tracts <\/em>\u2013 <em>Un si\u00e8cle d&rsquo;actions politiques et militaires<\/em> [2015] ainsi que <em>Le grand cirque \u00e9lectoral \u2013 Une histoire visuelle des \u00e9lections et de leurs contestations <\/em>[2019]), il publie au Cerf \u00e0 Paris <strong><em>La rue militante \u2013 30 ans d&rsquo;affiches de combat<\/em><\/strong>, un essai subtil et abondamment illustr\u00e9 sur les d\u00e9rives politiques contemporaines telles qu\u2019elles se manifestent dans l\u2019espace public.<\/p>\n\n\n\n<p>Pr\u00e9sentation de l\u2019\u00e9diteur&nbsp;:<\/p>\n\n\n\n<p>\u00ab&nbsp;N\u00e9o-f\u00e9ministe, \u00e9colo, v\u00e9gan, sp\u00e9ciste, ou raciste, antiraciste, racis\u00e9e, communautariste, wokiste, ou faf, antifaf, zadiste, anti-flic, anti-\u00e9lus, ou encore red skin, black bloc, toto, zouave, mais aussi d\u00e9vote, int\u00e9griste, islamiste, antimusulmane, antireligieuse, antisioniste et m\u00eame antis\u00e9mite&nbsp;: de marches pour l\u2019abolition des genres en manifs pour tous, d\u2019actions commando apocalyptiques en gilets jaunes, des occupations de zones d\u00e9favoris\u00e9es en vandalismes des beaux quartiers, et jusque dans l\u2019animalisation des personnalit\u00e9s politiques ou m\u00e9diatiques, l\u2019image de rue raconte la France d\u2019aujourd\u2019hui dans tous ses \u00e9tats.<\/p>\n\n\n\n<p>Affiches, tracts, autocollants, graffitis, fresques murales et, d\u00e9sormais, visuels qui d\u00e9bordent des r\u00e9seaux sociaux&nbsp;: ces trois derni\u00e8res d\u00e9cennies, Zvonimir Novak a r\u00e9colt\u00e9, photographi\u00e9, conserv\u00e9 et analys\u00e9, sur tous les supports, les nouvelles propagandes militantes.<\/p>\n\n\n\n<p>Un festival de cr\u00e9ativit\u00e9, d\u2019imagination, d\u2019insolence, d\u2019humour, mais aussi un tourbillon de col\u00e8re, d\u2019intol\u00e9rance, de violence.<\/p>\n\n\n\n<p>Et o\u00f9 l\u2019on voit, dans les marges extr\u00e9mistes, les caricatures et les slogans subversifs c\u00f4toyer les appels au lynchage.&nbsp;\u00bb<\/p>\n\n\n\n<div class=\"wp-block-image\"><figure class=\"aligncenter size-full\"><a href=\"https:\/\/www.satiricon.be\/wp-content\/uploads\/2022\/10\/Affiche-2.jpg\"><img loading=\"lazy\" width=\"233\" height=\"350\" src=\"https:\/\/www.satiricon.be\/wp-content\/uploads\/2022\/10\/Affiche-2.jpg\" alt=\"\" class=\"wp-image-22498\" srcset=\"https:\/\/www.satiricon.be\/wp-content\/uploads\/2022\/10\/Affiche-2.jpg 233w, https:\/\/www.satiricon.be\/wp-content\/uploads\/2022\/10\/Affiche-2-200x300.jpg 200w\" sizes=\"(max-width: 233px) 100vw, 233px\" \/><\/a><\/figure><\/div>\n\n\n\n<p class=\"has-text-align-center has-small-font-size\">Affiche d\u2019extr\u00eame gauche insurrectionnelles (non sign\u00e9e, 1995) appelant au v(i)ol.<\/p>\n\n\n\n<p>P\u00e9dagogique et \u00e9difiant, captivant et inqui\u00e9tant, ce recueil d\u2019iconographies sauvages montre que le prochain combat sera celui en faveur de la paix civile\u2026.<\/p>\n\n\n\n<div class=\"wp-block-image\"><figure class=\"aligncenter size-full\"><a href=\"https:\/\/www.satiricon.be\/wp-content\/uploads\/2022\/10\/Adopte-un-salaud.jpg\"><img loading=\"lazy\" width=\"424\" height=\"350\" src=\"https:\/\/www.satiricon.be\/wp-content\/uploads\/2022\/10\/Adopte-un-salaud.jpg\" alt=\"\" class=\"wp-image-22497\" srcset=\"https:\/\/www.satiricon.be\/wp-content\/uploads\/2022\/10\/Adopte-un-salaud.jpg 424w, https:\/\/www.satiricon.be\/wp-content\/uploads\/2022\/10\/Adopte-un-salaud-300x248.jpg 300w\" sizes=\"(max-width: 424px) 100vw, 424px\" \/><\/a><\/figure><\/div>\n\n\n\n<p class=\"has-text-align-center has-small-font-size\">Autocollant complotiste et antis\u00e9mite (2017)<\/p>\n\n\n\n<p>Un expos\u00e9 magistral&nbsp;!<\/p>\n\n\n\n<p><strong>P\u00c9TRONE<\/strong><\/p>\n\n\n\n<p class=\"has-small-font-size\"><strong><em>La rue militante \u2013 30 ans d&rsquo;affiches de combat <\/em><\/strong>par Zvonimir Novak, Paris, \u00c9ditions du Cerf, octobre&nbsp;2022, 288&nbsp;pp. en quadrichromie au format 22,6&nbsp;x&nbsp;30,2&nbsp;cm sous couverture broch\u00e9e en couleurs, 29&nbsp;\u20ac (prix France)<\/p>\n","protected":false},"excerpt":{"rendered":"<p>Par P\u00e9trone.<\/p>\n","protected":false},"author":2,"featured_media":0,"comment_status":"closed","ping_status":"open","sticky":false,"template":"","format":"standard","meta":[],"categories":[11,52],"tags":[],"_links":{"self":[{"href":"https:\/\/www.satiricon.be\/index.php?rest_route=\/wp\/v2\/posts\/22496"}],"collection":[{"href":"https:\/\/www.satiricon.be\/index.php?rest_route=\/wp\/v2\/posts"}],"about":[{"href":"https:\/\/www.satiricon.be\/index.php?rest_route=\/wp\/v2\/types\/post"}],"author":[{"embeddable":true,"href":"https:\/\/www.satiricon.be\/index.php?rest_route=\/wp\/v2\/users\/2"}],"replies":[{"embeddable":true,"href":"https:\/\/www.satiricon.be\/index.php?rest_route=%2Fwp%2Fv2%2Fcomments&post=22496"}],"version-history":[{"count":2,"href":"https:\/\/www.satiricon.be\/index.php?rest_route=\/wp\/v2\/posts\/22496\/revisions"}],"predecessor-version":[{"id":22501,"href":"https:\/\/www.satiricon.be\/index.php?rest_route=\/wp\/v2\/posts\/22496\/revisions\/22501"}],"wp:attachment":[{"href":"https:\/\/www.satiricon.be\/index.php?rest_route=%2Fwp%2Fv2%2Fmedia&parent=22496"}],"wp:term":[{"taxonomy":"category","embeddable":true,"href":"https:\/\/www.satiricon.be\/index.php?rest_route=%2Fwp%2Fv2%2Fcategories&post=22496"},{"taxonomy":"post_tag","embeddable":true,"href":"https:\/\/www.satiricon.be\/index.php?rest_route=%2Fwp%2Fv2%2Ftags&post=22496"}],"curies":[{"name":"wp","href":"https:\/\/api.w.org\/{rel}","templated":true}]}}