{"id":22528,"date":"2022-10-28T19:56:54","date_gmt":"2022-10-28T17:56:54","guid":{"rendered":"https:\/\/www.satiricon.be\/?p=22528"},"modified":"2022-10-28T19:56:54","modified_gmt":"2022-10-28T17:56:54","slug":"fin-dun-monde","status":"publish","type":"post","link":"https:\/\/www.satiricon.be\/?p=22528","title":{"rendered":"Fin d&rsquo;un monde&#8230;"},"content":{"rendered":"\n<div class=\"wp-block-image\"><figure class=\"aligncenter size-full\"><a href=\"https:\/\/www.satiricon.be\/wp-content\/uploads\/2022\/10\/Atlas-strategique-\u2013-De-lhegemonie-au-declin-de-lOccident-cover.jpg\"><img loading=\"lazy\" width=\"360\" height=\"300\" src=\"https:\/\/www.satiricon.be\/wp-content\/uploads\/2022\/10\/Atlas-strategique-\u2013-De-lhegemonie-au-declin-de-lOccident-cover.jpg\" alt=\"\" class=\"wp-image-22530\" srcset=\"https:\/\/www.satiricon.be\/wp-content\/uploads\/2022\/10\/Atlas-strategique-\u2013-De-lhegemonie-au-declin-de-lOccident-cover.jpg 360w, https:\/\/www.satiricon.be\/wp-content\/uploads\/2022\/10\/Atlas-strategique-\u2013-De-lhegemonie-au-declin-de-lOccident-cover-300x250.jpg 300w\" sizes=\"(max-width: 360px) 100vw, 360px\" \/><\/a><\/figure><\/div>\n\n\n\n<p>G\u00e9rard Chaliand, n\u00e9 le 15 f\u00e9vrier 1934 \u00e0 Etterbeek, r\u00e9gion de Bruxelles-Capitale, est un g\u00e9ostrat\u00e8ge et homme de lettres fran\u00e7ais, sp\u00e9cialiste des relations internationales et strat\u00e9giques, des conflits arm\u00e9s et surtout des conflits irr\u00e9guliers (gu\u00e9rilla, terrorisme).<\/p>\n\n\n\n<div class=\"wp-block-image\"><figure class=\"aligncenter size-full\"><a href=\"https:\/\/www.satiricon.be\/wp-content\/uploads\/2022\/10\/Atlas-strategique-\u2013-De-lhegemonie-au-declin-de-lOccident-Gerard-Chaliand-en-2020.jpg\"><img loading=\"lazy\" width=\"264\" height=\"350\" src=\"https:\/\/www.satiricon.be\/wp-content\/uploads\/2022\/10\/Atlas-strategique-\u2013-De-lhegemonie-au-declin-de-lOccident-Gerard-Chaliand-en-2020.jpg\" alt=\"\" class=\"wp-image-22529\" srcset=\"https:\/\/www.satiricon.be\/wp-content\/uploads\/2022\/10\/Atlas-strategique-\u2013-De-lhegemonie-au-declin-de-lOccident-Gerard-Chaliand-en-2020.jpg 264w, https:\/\/www.satiricon.be\/wp-content\/uploads\/2022\/10\/Atlas-strategique-\u2013-De-lhegemonie-au-declin-de-lOccident-Gerard-Chaliand-en-2020-226x300.jpg 226w\" sizes=\"(max-width: 264px) 100vw, 264px\" \/><\/a><\/figure><\/div>\n\n\n\n<p class=\"has-text-align-center\">G\u00e9rard Chaliand en 2020<\/p>\n\n\n\n<p>Apr\u00e8s avoir \u00e9tudi\u00e9 les langues et civilisations asiatiques \u00e0 l&rsquo;Institut national des langues et civilisations orientales (Inalco Paris), il a soutenu en 1975 une th\u00e8se de doctorat de 3<sup>e<\/sup> cycle en sociologie politique (sur les r\u00e9volutions dans le tiers-monde) \u00e0 l&rsquo;universit\u00e9 Paris-Descartes (Paris&nbsp;V).<\/p>\n\n\n\n<p>G\u00e9rard Chaliand s&rsquo;est engag\u00e9 aupr\u00e8s des gu\u00e9rillas de d\u00e9colonisation en tant qu&rsquo;observateur-participant, et durant plus de vingt ans, il a c\u00f4toy\u00e9 les combattants d\u2019une quinzaine de maquis sur quatre continents (Afrique, Asie, Am\u00e9rique latine, Europe de l&rsquo;Est et Caucase), et notamment en Guin\u00e9e-Bissau portugaise, aux c\u00f4t\u00e9s d&rsquo;Am\u00edlcar Cabral (1964, 1966), dans le delta du fleuve Rouge au Nord-Vietnam (1967), dans les provinces de Tolima et Huila en Colombie (1968), avec le Fatah, le FPLP et le FDPLP en Jordanie et au Liban (1969-1970), avec le FPLE en \u00c9rythr\u00e9e (1977), au Kurdistan iranien (1980), et trois fois en Afghanistan (entre 1980 et 1982)&nbsp;; jusqu&rsquo;en 2000, il s\u2019est aussi rendu au Haut-Karabagh, au Sri Lanka et en Irak. Au total, ses recherches l\u2019ont men\u00e9 dans une soixantaine de pays.<\/p>\n\n\n\n<p>Il a enseign\u00e9 \u00e0 l&rsquo;\u00c9cole nationale d&rsquo;administration (ENA) de 1980 \u00e0 1987, puis \u00e0 l\u2019\u00c9cole de guerre de 1990 \u00e0 1995.<\/p>\n\n\n\n<p>En 1983, il a lanc\u00e9 l&rsquo;initiative d&rsquo;un tribunal permanent des peuples sur le g\u00e9nocide arm\u00e9nien qui s&rsquo;est tenu \u00e0 la Sorbonne en 1984.<\/p>\n\n\n\n<p>Avec l\u2019aide de Roc Chaliand et du cartographe Nicolas Rageau, ce grand connaisseur des bouillonnements politiques plan\u00e9taires publie chez Autrement \u00e0 Paris un remarquable <strong><em>Atlas strat\u00e9gique <\/em><\/strong>sous-titr\u00e9<strong><em> De l&rsquo;h\u00e9g\u00e9monie au d\u00e9clin de l&rsquo;Occident <\/em><\/strong>dans lequel, apr\u00e8s une plong\u00e9e dans l&rsquo;histoire du XIX<sup>e&nbsp;<\/sup>si\u00e8cle, il fait la d\u00e9monstration imparable de la chute en cours depuis dix lustres de l\u2019emprise ouest-europ\u00e9enne et am\u00e9ricaine sur le monde au profit d\u2019une mont\u00e9e en puissance de l\u2019Asie en g\u00e9n\u00e9ral\u2013 et de la Chine en particulier.<\/p>\n\n\n\n<p>Une modification majeure aux enjeux multiples (d\u00e9mographiques, g\u00e9ographiques, \u00e9nerg\u00e9tiques, technologiques, militaires, terroristes, financiers, religieux\u2026) qui provoquera \u00e0 l\u2019\u00e9vidence des ondes de choc titanesques\u2026<\/p>\n\n\n\n<p><strong>P\u00c9TRONE<\/strong><\/p>\n\n\n\n<p class=\"has-small-font-size\"><strong><em>Atlas strat\u00e9gique \u2013 De l&rsquo;h\u00e9g\u00e9monie au d\u00e9clin de l&rsquo;Occident <\/em><\/strong>par G\u00e9rard Chaliand et Roc Chaliand, cartographie de Nicolas Rageau, Paris, \u00c9ditions Autrement, collection \u00ab&nbsp;Atlas pour tous&nbsp;\u00bb, novembre&nbsp;2022, 156&nbsp;pp. en quadrichromie au format \u00e0 l\u2019italienne 23,7&nbsp;x&nbsp;19,9&nbsp;cm sous couverture cartonn\u00e9e en couleurs, 24,90&nbsp;\u20ac<\/p>\n\n\n\n<p class=\"has-text-align-center\"><strong>SOMMAIRE<\/strong><\/p>\n\n\n\n<p class=\"has-text-align-center\"><strong>AVANT-PROPOS<\/strong><\/p>\n\n\n\n<p>Une id\u00e9e, une carte<\/p>\n\n\n\n<p class=\"has-text-align-center\"><strong>INTRODUCTION<\/strong><\/p>\n\n\n\n<p class=\"has-text-align-center\"><strong>Le XIX<sup>e<\/sup> si\u00e8cle (1789-1914) est le grand si\u00e8cle de l\u2019Europe<\/strong><\/p>\n\n\n\n<p>\u2022 Europe vs Asie<\/p>\n\n\n\n<p>\u2022 Les r\u00e9actions du reste du monde<\/p>\n\n\n\n<p>\u2022 La grande pouss\u00e9e imp\u00e9riale<\/p>\n\n\n\n<p class=\"has-text-align-center\"><strong>PREMI\u00c8RE PARTIE<\/strong><\/p>\n\n\n\n<p>La premi\u00e8re partie du XX<sup>e<\/sup> si\u00e8cle<\/p>\n\n\n\n<p class=\"has-text-align-center\"><strong>DEUXI\u00c8ME PARTIE<\/strong><\/p>\n\n\n\n<p class=\"has-text-align-center\"><strong>Les guerres froides<\/strong><\/p>\n\n\n\n<p>\u2022 <em>1947-1991&nbsp;: une premi\u00e8re phase<\/em><\/p>\n\n\n\n<p>Avec clairvoyance, George Kennan sugg\u00e8re une strat\u00e9gie fond\u00e9e sur l\u2019endiguement<\/p>\n\n\n\n<p>\u2022 <em>La premi\u00e8re guerre du Golfe<\/em><\/p>\n\n\n\n<p>La guerre psychologique est perdue, sans parler des erreurs politiques<\/p>\n\n\n\n<p>\u2022 <em>1991-2014, la guerre froide phase 2<\/em><\/p>\n\n\n\n<p>\u2022 <em>2022&nbsp;: la guerre froide, phase 3<\/em><\/p>\n\n\n\n<p>La guerre, pour les \u00c9tats-Unis \u2013 apr\u00e8s les 40 milliards de dollars d\u2019aide vot\u00e9s par le S\u00e9nat \u2013 commence \u00e0 co\u00fbter cher<\/p>\n\n\n\n<p class=\"has-text-align-center\"><strong>TROISI\u00c8ME PARTIE<\/strong><\/p>\n\n\n\n<p class=\"has-text-align-center\"><strong>Sur l\u2019\u00e9chiquier g\u00e9opolitique<\/strong><\/p>\n\n\n\n<p>\u2022 <em>L\u2019importance essentielle de la guerre du Vietnam<\/em><\/p>\n\n\n\n<p>Les \u00c9tats-Unis ont perdu 58&nbsp;000 hommes et drainent ce qui est d\u00e9nomm\u00e9 \u00ab&nbsp;le syndrome vietnamien&nbsp;\u00bb<\/p>\n\n\n\n<p class=\"has-text-align-center\"><strong>Les grandes puissances<\/strong><\/p>\n\n\n\n<p><strong><em>La Chine<\/em><\/strong><\/p>\n\n\n\n<p>\u2022 <em>Le rival majeur<\/em><\/p>\n\n\n\n<p>La Chine ne concurrence rien moins que la pr\u00e9sence mondiale des \u00c9tats-Unis<\/p>\n\n\n\n<p>\u2022 <em>La Chine s\u2019ouvre au monde et se d\u00e9ploie sur tous les continents<\/em><\/p>\n\n\n\n<p>La Chine en Am\u00e9rique latine<\/p>\n\n\n\n<p>La Chine en Afrique<\/p>\n\n\n\n<p>La Chine eu Eurasie<\/p>\n\n\n\n<p>La Chine est devenue implacable<\/p>\n\n\n\n<p><strong><em>L\u2019Iran<\/em><\/strong><\/p>\n\n\n\n<p>\u2022 <em>L\u2019Iran fut le v\u00e9ritable empire du milieu<\/em><\/p>\n\n\n\n<p>Avant que la Grande-Bretagne n\u2019impose sa domination en Asie, on parlait le persan de Samarcande \u00e0 Delhi<\/p>\n\n\n\n<p><strong><em>L\u2019Afghanistan<\/em><\/strong><\/p>\n\n\n\n<p>\u2022 <em>L\u2019impasse afghane<\/em><\/p>\n\n\n\n<p>En 2008, les Am\u00e9ricains d\u00e9cid\u00e8rent d\u2019envoyer 10&nbsp;000 hommes en renfort&nbsp;: trop tard, trop peu<\/p>\n\n\n\n<p><strong><em>L\u2019Inde<\/em><\/strong><\/p>\n\n\n\n<p>Apr\u00e8s la Chine, la deuxi\u00e8me puissance asiatique<\/p>\n\n\n\n<p><strong><em>Le Pakistan<\/em><\/strong><\/p>\n\n\n\n<p>Un alli\u00e9 controvers\u00e9<\/p>\n\n\n\n<p><strong><em>La Turquie<\/em><\/strong><\/p>\n\n\n\n<p>\u2022 <em>Un \u00c9tat hautement perturbateur<\/em><\/p>\n\n\n\n<p>Au nom de l\u2019Empire ottoman, le sultan signe en 1920 le trait\u00e9 de S\u00e8vres<\/p>\n\n\n\n<p>\u00c0 partir de cet incident, Erdogan se positionne en dirigeant de l\u2019islam sunnite et s\u2019affirme ainsi en rival de l\u2019Arabie saoudite<\/p>\n\n\n\n<p>\u2022 <em>La Turquie et son pouvoir de coercition<\/em><\/p>\n\n\n\n<p><strong><em>L\u2019Afrique<\/em><\/strong><\/p>\n\n\n\n<p>\u2022 <em>Une croissance d\u00e9mographique d\u00e9mesur\u00e9e<\/em><\/p>\n\n\n\n<p>Mais l\u2019Afrique accueille d\u2019autres pays d\u2019influence<\/p>\n\n\n\n<p><strong><em>La Russie<\/em><\/strong><\/p>\n\n\n\n<p>La Russie de Poutine<\/p>\n\n\n\n<p><strong><em>Les \u00c9tats-Unis<\/em><\/strong><\/p>\n\n\n\n<p><em>\u2022 <\/em><em>Les \u00c9tats-Unis demeurent la premi\u00e8re puissance mondiale<\/em><\/p>\n\n\n\n<p><em>\u2022 <\/em><em>La croissance \u00e9conomique est particuli\u00e8rement vigoureuse<\/em><\/p>\n\n\n\n<p><em>\u2022 <\/em><em>Chronologie de la guerre dans le Pacifique<\/em><\/p>\n\n\n\n<p><strong><em>L\u2019Europe<\/em><\/strong><\/p>\n\n\n\n<p>\u2022 <em>L\u2019Europe, un chantier inabouti<\/em><\/p>\n\n\n\n<p>La construction de l\u2019Europe ne devait pas \u00eatre une \u00ab&nbsp;addition de souverainet\u00e9s&nbsp;\u00bb, mais une entit\u00e9 v\u00e9ritable, ce qu\u2019elle n\u2019a pas su devenir<\/p>\n\n\n\n<p class=\"has-text-align-center\"><strong>QUATRI\u00c8ME PARTIE<\/strong><\/p>\n\n\n\n<p class=\"has-text-align-center\"><strong>Terrorismes<\/strong><\/p>\n\n\n\n<p class=\"has-text-align-center\"><strong>CONCLUSION<\/strong><\/p>\n\n\n\n<p>Aux \u00c9tats-Unis, la pr\u00e9sidence de Joe Biden n\u2019est pas per\u00e7ue comme pouvant r\u00e9pondre aux d\u00e9fis du moment<\/p>\n\n\n\n<p>Et quid de l\u2019Europe&nbsp;?<\/p>\n","protected":false},"excerpt":{"rendered":"<p>Par P\u00e9trone.<\/p>\n","protected":false},"author":2,"featured_media":0,"comment_status":"closed","ping_status":"open","sticky":false,"template":"","format":"standard","meta":[],"categories":[49,11,56],"tags":[],"_links":{"self":[{"href":"https:\/\/www.satiricon.be\/index.php?rest_route=\/wp\/v2\/posts\/22528"}],"collection":[{"href":"https:\/\/www.satiricon.be\/index.php?rest_route=\/wp\/v2\/posts"}],"about":[{"href":"https:\/\/www.satiricon.be\/index.php?rest_route=\/wp\/v2\/types\/post"}],"author":[{"embeddable":true,"href":"https:\/\/www.satiricon.be\/index.php?rest_route=\/wp\/v2\/users\/2"}],"replies":[{"embeddable":true,"href":"https:\/\/www.satiricon.be\/index.php?rest_route=%2Fwp%2Fv2%2Fcomments&post=22528"}],"version-history":[{"count":1,"href":"https:\/\/www.satiricon.be\/index.php?rest_route=\/wp\/v2\/posts\/22528\/revisions"}],"predecessor-version":[{"id":22531,"href":"https:\/\/www.satiricon.be\/index.php?rest_route=\/wp\/v2\/posts\/22528\/revisions\/22531"}],"wp:attachment":[{"href":"https:\/\/www.satiricon.be\/index.php?rest_route=%2Fwp%2Fv2%2Fmedia&parent=22528"}],"wp:term":[{"taxonomy":"category","embeddable":true,"href":"https:\/\/www.satiricon.be\/index.php?rest_route=%2Fwp%2Fv2%2Fcategories&post=22528"},{"taxonomy":"post_tag","embeddable":true,"href":"https:\/\/www.satiricon.be\/index.php?rest_route=%2Fwp%2Fv2%2Ftags&post=22528"}],"curies":[{"name":"wp","href":"https:\/\/api.w.org\/{rel}","templated":true}]}}