{"id":22630,"date":"2023-01-12T14:58:46","date_gmt":"2023-01-12T12:58:46","guid":{"rendered":"https:\/\/www.satiricon.be\/?p=22630"},"modified":"2023-01-12T15:03:09","modified_gmt":"2023-01-12T13:03:09","slug":"la-statue-notre-dame-des-malades-a-tournai-remporte-la-deuxieme-edition-du-challenge-patrimoine","status":"publish","type":"post","link":"https:\/\/www.satiricon.be\/?p=22630","title":{"rendered":"La statue \u00ab\u00a0Notre-Dame des Malades\u00a0\u00bb \u00e0 Tournai remporte la deuxi\u00e8me \u00e9dition du Challenge Patrimoine"},"content":{"rendered":"\n<p>Le gagnant du Challenge Patrimoine 2022, une initiative de l\u2019Institut royal du Patrimoine artistique (IRPA), est connu. Avec 4&nbsp;633 votes, la statue <em>Notre-Dame des Malades<\/em> \u00e0 Tournai a conquis le c\u0153ur du public et a \u00e9t\u00e9 d\u00e9sign\u00e9e Grand Gagnant par la commission de personnalit\u00e9s belges. Au total, pas moins de 14&nbsp;980 amateurs d\u2019art ont vot\u00e9 pour leur favori parmi les six tr\u00e9sors patrimoniaux s\u00e9lectionn\u00e9s l\u2019an dernier. Un nouveau record&nbsp;!<\/p>\n\n\n\n<div class=\"wp-block-image\"><figure class=\"aligncenter size-full\"><a href=\"https:\/\/www.satiricon.be\/wp-content\/uploads\/2023\/01\/Notre-Dame-des-Malades-a-Tournai-Grand-Gagnant-du-Challenge-Patrimoine-2022-1.jpg\"><img loading=\"lazy\" width=\"230\" height=\"350\" src=\"https:\/\/www.satiricon.be\/wp-content\/uploads\/2023\/01\/Notre-Dame-des-Malades-a-Tournai-Grand-Gagnant-du-Challenge-Patrimoine-2022-1.jpg\" alt=\"\" class=\"wp-image-22635\" srcset=\"https:\/\/www.satiricon.be\/wp-content\/uploads\/2023\/01\/Notre-Dame-des-Malades-a-Tournai-Grand-Gagnant-du-Challenge-Patrimoine-2022-1.jpg 230w, https:\/\/www.satiricon.be\/wp-content\/uploads\/2023\/01\/Notre-Dame-des-Malades-a-Tournai-Grand-Gagnant-du-Challenge-Patrimoine-2022-1-197x300.jpg 197w\" sizes=\"(max-width: 230px) 100vw, 230px\" \/><\/a><\/figure><\/div>\n\n\n\n<p class=\"has-text-align-center\">Artiste inconnu, <em>Notre-Dame des Malades<\/em>, v. 1330-1370<\/p>\n\n\n\n<p class=\"has-text-align-center\">\u00a9 KIK-IRPA, Bruxelles<\/p>\n\n\n\n<p class=\"has-text-align-left\"><strong>La statue <em>Notre-Dame des Malades<\/em>\u00a0<\/strong><\/p>\n\n\n\n<p>Entre le double portail roman donnant acc\u00e8s \u00e0 la nef centrale de la cath\u00e9drale Notre- Dame de Tournai, class\u00e9e au patrimoine mondial de l&rsquo;UNESCO, se dresse une remarquable statue de la Vierge \u00e0 l\u2019Enfant, dite <em>Notre-Dame des Malades<\/em>. Depuis le XIV<sup>e\u00a0<\/sup>si\u00e8cle, elle attire de nombreux visiteurs, p\u00e8lerins et rois.<\/p>\n\n\n\n<p><strong>Grand Gagnant\u00a0<\/strong><\/p>\n\n\n\n<p>La statue <em>Notre-Dame des Malades <\/em>\u00e0 Tournai a \u00e9t\u00e9 propos\u00e9e comme candidate au Challenge Patrimoine 2022 par l\u2019ASBL Les Amis de la Cath\u00e9drale de Tournai. D\u00e9sign\u00e9e comme Grand Gagnant par la commission de personnalit\u00e9s belges, elle b\u00e9n\u00e9ficiera, pendant un an, de l\u2019encadrement de l\u2019IRPA en mati\u00e8re de communication et de r\u00e9colte de fonds.<\/p>\n\n\n\n<p><strong>Hilde De Clercq, Directeur g\u00e9n\u00e9ral a.i. de l\u2019IRPA\u00a0:<\/strong><\/p>\n\n\n\n<p>\u00ab&nbsp;Aujourd\u2019hui, la statue <em>Notre-Dame des Malades<\/em> de Tournai semble n\u2019\u00eatre plus que l\u2019ombre de son pass\u00e9 glorieux de sainte patronne de la cath\u00e9drale. Son visage, autrefois si radieux, est terni par d&rsquo;\u00e9paisses cro\u00fbtes de pl\u00e2tre. Il nous faut rendre \u00e0 ce joyau du patrimoine belge tout son \u00e9clat d\u2019origine afin qu&rsquo;elle puisse \u00e0 nouveau \u00e9mouvoir tous ceux qui croisent son regard.<\/p>\n\n\n\n<div class=\"wp-block-image\"><figure class=\"aligncenter size-full\"><a href=\"https:\/\/www.satiricon.be\/wp-content\/uploads\/2023\/01\/Notre-Dame-des-Malades-a-Tournai-Grand-Gagnant-du-Challenge-Patrimoine-20222-2.jpg\"><img loading=\"lazy\" width=\"233\" height=\"350\" src=\"https:\/\/www.satiricon.be\/wp-content\/uploads\/2023\/01\/Notre-Dame-des-Malades-a-Tournai-Grand-Gagnant-du-Challenge-Patrimoine-20222-2.jpg\" alt=\"\" class=\"wp-image-22634\" srcset=\"https:\/\/www.satiricon.be\/wp-content\/uploads\/2023\/01\/Notre-Dame-des-Malades-a-Tournai-Grand-Gagnant-du-Challenge-Patrimoine-20222-2.jpg 233w, https:\/\/www.satiricon.be\/wp-content\/uploads\/2023\/01\/Notre-Dame-des-Malades-a-Tournai-Grand-Gagnant-du-Challenge-Patrimoine-20222-2-200x300.jpg 200w\" sizes=\"(max-width: 233px) 100vw, 233px\" \/><\/a><\/figure><\/div>\n\n\n\n<p class=\"has-text-align-center\">\u00a9 KIK-IRPA, Bruxelles<\/p>\n\n\n\n<p>De ce concours, nous retenons la fiert\u00e9 et l&rsquo;attachement des Tournaisiens pour leur cath\u00e9drale iconique et la brillante histoire \u00e0 laquelle ce b\u00e2timent, class\u00e9 \u00e0 l&rsquo;UNESCO, participe depuis 1500 ans ainsi que la forte mobilisation et l&rsquo;\u00e9lan f\u00e9d\u00e9rateur tant du public que des diff\u00e9rentes associations et des institutions locales qui ont permis \u00e0 la statue de la Vierge de la cath\u00e9drale de Tournai de remporter le Challenge Patrimoine 2022.&nbsp;\u00bb<\/p>\n\n\n\n<p><strong>La statue <em>Notre-Dame des Malades<\/em>, ch\u00e8re aux Tournaisiens<\/strong><\/p>\n\n\n\n<p>Entre le double portail roman donnant acc\u00e8s \u00e0 la nef centrale de la cath\u00e9drale Notre- Dame de Tournai, class\u00e9e au patrimoine mondial de l&rsquo;UNESCO, se dresse une remarquable statue de la Vierge \u00e0 l\u2019Enfant, dite <em>Notre-Dame des Malades<\/em>. Depuis le XIV<sup>e\u00a0<\/sup>si\u00e8cle, elle attire nombre de visiteurs, de p\u00e8lerins et de rois. Aujourd\u2019hui symbole de la cath\u00e9drale Notre-Dame, elle est tr\u00e8s ch\u00e8re aux Tournaisiens.Du p\u00e8lerinage \u00e0 la procession\u00a0<\/p>\n\n\n\n<p>Cette Vierge des malades faisait l\u2019objet d\u2019un p\u00e8lerinage annuel en septembre qui attirait, au Moyen \u00c2ge, une foule de fid\u00e8les du dioc\u00e8se m\u00e9di\u00e9val de Tournai, incluant alors Gand, Bruges et Lille. Une copie en fut r\u00e9alis\u00e9e au XIX<sup>e\u00a0<\/sup>si\u00e8cle et plac\u00e9e \u00e0 l&rsquo;int\u00e9rieur de l&rsquo;\u00e9difice. Chaque deuxi\u00e8me dimanche de septembre, cette copie est port\u00e9e dans les rues de la cit\u00e9 lors de la Grande Procession historique. Celle-ci vient d\u2019\u00eatre inscrite au Patrimoine culturel immat\u00e9riel de la F\u00e9d\u00e9ration Wallonie-Bruxelles.<\/p>\n\n\n\n<p><strong>Des libraires et des peintres<\/strong><\/p>\n\n\n\n<div class=\"wp-block-image\"><figure class=\"aligncenter size-full\"><a href=\"https:\/\/www.satiricon.be\/wp-content\/uploads\/2023\/01\/Notre-Dame-des-Malades-a-Tournai-Grand-Gagnant-du-Challenge-Patrimoine-2022-3.jpg\"><img loading=\"lazy\" width=\"233\" height=\"350\" src=\"https:\/\/www.satiricon.be\/wp-content\/uploads\/2023\/01\/Notre-Dame-des-Malades-a-Tournai-Grand-Gagnant-du-Challenge-Patrimoine-2022-3.jpg\" alt=\"\" class=\"wp-image-22633\" srcset=\"https:\/\/www.satiricon.be\/wp-content\/uploads\/2023\/01\/Notre-Dame-des-Malades-a-Tournai-Grand-Gagnant-du-Challenge-Patrimoine-2022-3.jpg 233w, https:\/\/www.satiricon.be\/wp-content\/uploads\/2023\/01\/Notre-Dame-des-Malades-a-Tournai-Grand-Gagnant-du-Challenge-Patrimoine-2022-3-200x300.jpg 200w\" sizes=\"(max-width: 233px) 100vw, 233px\" \/><\/a><\/figure><\/div>\n\n\n\n<p class=\"has-text-align-center\">\u00a9 KIK-IRPA, Bruxelles\u00a0<\/p>\n\n\n\n<p>Le porche o\u00f9 se dresse la statue de <em>Notre-Dame des Malades <\/em>est le lieu o\u00f9 se tenaient les ventes mobili\u00e8res du chapitre, auxquelles chacun pouvait assister. Le chapitre avait, en effet, le droit de vendre sur sa juridiction, laquelle s\u2019arr\u00eatait au-del\u00e0 du porche. Des libraires et surtout des peintres, principalement anversois, pouvaient obtenir l\u2019autorisation d\u2019y exposer et d\u2019y vendre leurs \u0153uvres. L\u2019inventaire et le d\u00e9roulement de ces ventes sont conserv\u00e9s dans une s\u00e9rie de registres datant du milieu du XVI<sup>e<\/sup> \u00e0 la fin du XVIII<sup>e\u00a0<\/sup>si\u00e8cle.<\/p>\n\n\n\n<p><strong>D\u00e9capit\u00e9e\u00a0<\/strong><\/p>\n\n\n\n<p>D\u00e9truites lors des saccages iconoclastes en 1566, les t\u00eates de la statue de la Vierge et de l\u2019Enfant ont \u00e9t\u00e9 restaur\u00e9es au d\u00e9but du XVII<sup>e&nbsp;<\/sup>si\u00e8cle. La main droite de la Vierge et la grappe de raisins que tient la Vierge seraient plus r\u00e9centes (avant 1892). Aujourd\u2019hui, la statue de la Vierge et son pilier, le trumeau, sont d\u00e9grad\u00e9s. Outre l\u2019accumulation de poussi\u00e8res et de salet\u00e9s, on observe des noircissements, ainsi qu\u2019un d\u00e9litage sur les bas-reliefs en pierre bleue.<\/p>\n\n\n\n<p>La statue et son pilier n\u00e9cessitent d\u2019urgence une restauration. Celle-ci permettra en outre de r\u00e9aliser une \u00e9tude monographique approfondie, ce qui est impossible dans l\u2019\u00e9tat actuel de l\u2019\u0153uvre.<\/p>\n\n\n\n<p><strong>Gerrie SOETAERT<\/strong><\/p>\n","protected":false},"excerpt":{"rendered":"<p>Par Gerrie Soetaert.<\/p>\n","protected":false},"author":2,"featured_media":0,"comment_status":"closed","ping_status":"open","sticky":false,"template":"","format":"standard","meta":[],"categories":[12],"tags":[],"_links":{"self":[{"href":"https:\/\/www.satiricon.be\/index.php?rest_route=\/wp\/v2\/posts\/22630"}],"collection":[{"href":"https:\/\/www.satiricon.be\/index.php?rest_route=\/wp\/v2\/posts"}],"about":[{"href":"https:\/\/www.satiricon.be\/index.php?rest_route=\/wp\/v2\/types\/post"}],"author":[{"embeddable":true,"href":"https:\/\/www.satiricon.be\/index.php?rest_route=\/wp\/v2\/users\/2"}],"replies":[{"embeddable":true,"href":"https:\/\/www.satiricon.be\/index.php?rest_route=%2Fwp%2Fv2%2Fcomments&post=22630"}],"version-history":[{"count":3,"href":"https:\/\/www.satiricon.be\/index.php?rest_route=\/wp\/v2\/posts\/22630\/revisions"}],"predecessor-version":[{"id":22638,"href":"https:\/\/www.satiricon.be\/index.php?rest_route=\/wp\/v2\/posts\/22630\/revisions\/22638"}],"wp:attachment":[{"href":"https:\/\/www.satiricon.be\/index.php?rest_route=%2Fwp%2Fv2%2Fmedia&parent=22630"}],"wp:term":[{"taxonomy":"category","embeddable":true,"href":"https:\/\/www.satiricon.be\/index.php?rest_route=%2Fwp%2Fv2%2Fcategories&post=22630"},{"taxonomy":"post_tag","embeddable":true,"href":"https:\/\/www.satiricon.be\/index.php?rest_route=%2Fwp%2Fv2%2Ftags&post=22630"}],"curies":[{"name":"wp","href":"https:\/\/api.w.org\/{rel}","templated":true}]}}