{"id":22656,"date":"2023-01-30T20:21:33","date_gmt":"2023-01-30T18:21:33","guid":{"rendered":"https:\/\/www.satiricon.be\/?p=22656"},"modified":"2023-01-30T20:21:33","modified_gmt":"2023-01-30T18:21:33","slug":"si-toute-lannee-il-y-avait-des-cerises-messieurs-les-medecins-niraient-plus-quen-chemise-proverbe-francais","status":"publish","type":"post","link":"https:\/\/www.satiricon.be\/?p=22656","title":{"rendered":"\u00ab\u00a0Si toute l&rsquo;ann\u00e9e il y avait des cerises, Messieurs les m\u00e9decins n&rsquo;iraient plus qu&rsquo;en chemise.\u00a0\u00bb (Proverbe fran\u00e7ais)"},"content":{"rendered":"\n<div class=\"wp-block-image\"><figure class=\"aligncenter size-full\"><a href=\"https:\/\/www.satiricon.be\/wp-content\/uploads\/2023\/01\/A-table-\u2013-Mon-annee-2023-en-365-recettes.jpg\"><img loading=\"lazy\" width=\"308\" height=\"350\" src=\"https:\/\/www.satiricon.be\/wp-content\/uploads\/2023\/01\/A-table-\u2013-Mon-annee-2023-en-365-recettes.jpg\" alt=\"\" class=\"wp-image-22657\" srcset=\"https:\/\/www.satiricon.be\/wp-content\/uploads\/2023\/01\/A-table-\u2013-Mon-annee-2023-en-365-recettes.jpg 308w, https:\/\/www.satiricon.be\/wp-content\/uploads\/2023\/01\/A-table-\u2013-Mon-annee-2023-en-365-recettes-264x300.jpg 264w\" sizes=\"(max-width: 308px) 100vw, 308px\" \/><\/a><\/figure><\/div>\n\n\n\n<p>Franck Spengler est l\u2019auteur chez Hugo Images d\u2019<strong><em>\u00c0 table \u2013 Mon ann\u00e9e 2023 en 365 recettes<\/em><\/strong>,une \u00e9ph\u00e9m\u00e9ride qui s&rsquo;effeuille en proposant pour chaque jour de l\u2019ann\u00e9e et pour 4&nbsp;personnes, une recette de saison simple, r\u00e9alisable en 30&nbsp;minutes, parfois inspir\u00e9e des cuisines du monde.<\/p>\n\n\n\n<p>Chaque fiche (\u00e0 conserver pr\u00e9cieusement\u2026) montre au recto la photographie du plat et, au verso, fournit la liste des ingr\u00e9dients n\u00e9cessaires, d\u00e9taille la recette et indique les temps de pr\u00e9paration et de cuisson.<\/p>\n\n\n\n<p>Pour se r\u00e9galer au quotidien\u2026<\/p>\n\n\n\n<p><strong>P\u00c9TRONE <\/strong><\/p>\n\n\n\n<p class=\"has-small-font-size\"><strong><em>\u00c0 table \u2013 Mon ann\u00e9e 2023 en 365 recettes <\/em><\/strong>par Franck Spengler, Paris, \u00c9ditions Hugo Image, octobre&nbsp;2022, 736&nbsp;pp. en quadrichromie dans un bo\u00eetier cartonn\u00e9 en couleurs au format 10,5&nbsp;x&nbsp;14,5&nbsp;cm, 11,90&nbsp;\u20ac (prix France)<\/p>\n\n\n\n<p class=\"has-text-align-center\">Pour vous, nous avons recopi\u00e9 dans ce calendrier gourmand la recette flamande suivante&nbsp;:<\/p>\n\n\n\n<p class=\"has-text-align-center\"><strong>PAPILLOTES OSTENDAISES<\/strong><\/p>\n\n\n\n<p>Pour 4 personnes<\/p>\n\n\n\n<p>Pr\u00e9paration&nbsp;: 15 minutes<\/p>\n\n\n\n<p>Cuisson&nbsp;: 25 minutes<\/p>\n\n\n\n<p><strong><em><u>Ingr\u00e9dients&nbsp;:<\/u><\/em><\/strong><\/p>\n\n\n\n<p>\u2022 4 filets de cabillaud<\/p>\n\n\n\n<p>\u2022 4 endives<\/p>\n\n\n\n<p>\u2022 10 g de beurre<\/p>\n\n\n\n<p>\u2022 4 cuillers \u00e0 soupe de cr\u00e8me fra\u00eeche \u00e9paisse<\/p>\n\n\n\n<p>\u2022 2 cuillers \u00e0 soupe de thym hach\u00e9<\/p>\n\n\n\n<p>\u2022 Sel et poivre noir<\/p>\n\n\n\n<p><strong><em><u>Recette&nbsp;:<\/u><\/em><\/strong><\/p>\n\n\n\n<p>\u2022Faites pr\u00e9chauffer votre four \u00e0 240\u00b0C (thermostat&nbsp;8).<\/p>\n\n\n\n<p>\u2022\u00c9mincez les endives en lamelles dans la longueur.<\/p>\n\n\n\n<p>\u2022faites-les revenir dans le beurre 15 minutes \u00e0 feu doux.<\/p>\n\n\n\n<p>\u2022D\u00e9coupez quatre carr\u00e9s de papier sulfuris\u00e9 et disposez sur chacun un lit d\u2019endives, une cuiller \u00e0 soupe de cr\u00e8me fra\u00eeche et un filet de cabillaud.<\/p>\n\n\n\n<p>\u2022 Ajoutez le thym, salez et poivrez.<\/p>\n\n\n\n<p>\u2022 Refermez vos papillotes.<\/p>\n\n\n\n<p>\u2022 Mettez au four 15 minutes.<\/p>\n","protected":false},"excerpt":{"rendered":"<p>Par P\u00e9trone.<\/p>\n","protected":false},"author":2,"featured_media":0,"comment_status":"closed","ping_status":"open","sticky":false,"template":"","format":"standard","meta":[],"categories":[55,11],"tags":[],"_links":{"self":[{"href":"https:\/\/www.satiricon.be\/index.php?rest_route=\/wp\/v2\/posts\/22656"}],"collection":[{"href":"https:\/\/www.satiricon.be\/index.php?rest_route=\/wp\/v2\/posts"}],"about":[{"href":"https:\/\/www.satiricon.be\/index.php?rest_route=\/wp\/v2\/types\/post"}],"author":[{"embeddable":true,"href":"https:\/\/www.satiricon.be\/index.php?rest_route=\/wp\/v2\/users\/2"}],"replies":[{"embeddable":true,"href":"https:\/\/www.satiricon.be\/index.php?rest_route=%2Fwp%2Fv2%2Fcomments&post=22656"}],"version-history":[{"count":1,"href":"https:\/\/www.satiricon.be\/index.php?rest_route=\/wp\/v2\/posts\/22656\/revisions"}],"predecessor-version":[{"id":22658,"href":"https:\/\/www.satiricon.be\/index.php?rest_route=\/wp\/v2\/posts\/22656\/revisions\/22658"}],"wp:attachment":[{"href":"https:\/\/www.satiricon.be\/index.php?rest_route=%2Fwp%2Fv2%2Fmedia&parent=22656"}],"wp:term":[{"taxonomy":"category","embeddable":true,"href":"https:\/\/www.satiricon.be\/index.php?rest_route=%2Fwp%2Fv2%2Fcategories&post=22656"},{"taxonomy":"post_tag","embeddable":true,"href":"https:\/\/www.satiricon.be\/index.php?rest_route=%2Fwp%2Fv2%2Ftags&post=22656"}],"curies":[{"name":"wp","href":"https:\/\/api.w.org\/{rel}","templated":true}]}}