{"id":22685,"date":"2023-02-08T17:10:03","date_gmt":"2023-02-08T15:10:03","guid":{"rendered":"https:\/\/www.satiricon.be\/?p=22685"},"modified":"2023-02-08T17:10:03","modified_gmt":"2023-02-08T15:10:03","slug":"une-date-fatidique","status":"publish","type":"post","link":"https:\/\/www.satiricon.be\/?p=22685","title":{"rendered":"Une date fatidique&#8230;"},"content":{"rendered":"\n<div class=\"wp-block-image\"><figure class=\"aligncenter size-full\"><a href=\"https:\/\/www.satiricon.be\/wp-content\/uploads\/2023\/02\/1933-Hitler-prend-le-pouvoir.jpg\"><img loading=\"lazy\" width=\"213\" height=\"350\" src=\"https:\/\/www.satiricon.be\/wp-content\/uploads\/2023\/02\/1933-Hitler-prend-le-pouvoir.jpg\" alt=\"\" class=\"wp-image-22686\" srcset=\"https:\/\/www.satiricon.be\/wp-content\/uploads\/2023\/02\/1933-Hitler-prend-le-pouvoir.jpg 213w, https:\/\/www.satiricon.be\/wp-content\/uploads\/2023\/02\/1933-Hitler-prend-le-pouvoir-183x300.jpg 183w\" sizes=\"(max-width: 213px) 100vw, 213px\" \/><\/a><\/figure><\/div>\n\n\n\n<p>Homme charmant et d\u2019un grand savoir<a href=\"#_ftn1\" id=\"_ftnref1\">[1]<\/a>, le sociologue, politologue et professeur\u2013 il a enseign\u00e9 dans les amphith\u00e9\u00e2tres de l\u2019Universit\u00e9 de Bruxelles \u2013 Georges Goriely (1921-1998) \u00e9tait un \u00e9minent sp\u00e9cialiste de la pens\u00e9e de Georges Sorel<a href=\"#_ftn2\" id=\"_ftnref2\">[2]<\/a> et un parfait connaisseur de la gen\u00e8se du nazisme allemand qu\u2019il a expos\u00e9e dans <strong><em>1933, Hitler prend le pouvoir<\/em><\/strong>, un brillant essai remis pour la quatri\u00e8me fois sur le march\u00e9<a href=\"#_ftn3\" id=\"_ftnref3\">[3]<\/a>, cette fois par les \u00c9ditions Archipoche \u00e0 Paris.<\/p>\n\n\n\n<p>Pr\u00e9sentation&nbsp;:<\/p>\n\n\n\n<p>Dans cet ouvrage de r\u00e9f\u00e9rence, l\u2019auteur d\u00e9crit les m\u00e9canismes qui ont entra\u00een\u00e9 l\u2019accession au pouvoir total d\u2019Adolf Hitler, le 30 janvier 1933, moins de dix ans apr\u00e8s le putsch rat\u00e9 de Munich.<\/p>\n\n\n\n<p>Un petit-bourgeois clochardis\u00e9 et n\u00e9vros\u00e9 que rien ne destinait \u00e0 devenir le dictateur que l\u2019on sait&nbsp;: tel est l\u2019homme dont est ici retrac\u00e9e l\u2019ascension.<\/p>\n\n\n\n<p>Brossant le climat social, politique et psychologique qui r\u00e9gnait sous la R\u00e9publique de Weimar, Georges Goriely montre la mani\u00e8re dont l\u2019ancien combattant Hitler a su tenir le langage qu\u2019attendait la majorit\u00e9 des Allemands, \u00e9cras\u00e9s par la d\u00e9faite et la r\u00e9cession.<\/p>\n\n\n\n<p>Comment cette accession au pouvoir se d\u00e9roule-t-elle&nbsp;? Qui finance Hitler&nbsp;? Quels mouvements s\u2019y opposent&nbsp;? La strat\u00e9gie de l\u2019Internationale communiste fait-elle le jeu des nazis en proclamant que l\u2019ennemi principal reste la social-d\u00e9mocratie&nbsp;? Quel degr\u00e9 de responsabilit\u00e9 ou d\u2019aveuglement imputer aux partis catholiques, lib\u00e9raux, d\u00e9mocrates et sociaux-d\u00e9mocrates qui capitul\u00e8rent devant Hitler&nbsp;?<a href=\"#_ftn4\" id=\"_ftnref4\">[4]<\/a><\/p>\n\n\n\n<p>Par les r\u00e9ponses qu\u2019il apporte \u00e0 ces questions, Georges Goriely tire pour le lecteur des enseignements sur les terribles malentendus que v\u00e9hiculent des notions telles que \u00ab&nbsp;lib\u00e9ration&nbsp;\u00bb, \u00ab&nbsp;ind\u00e9pendance nationale&nbsp;\u00bb, \u00ab&nbsp;lutte anti-imp\u00e9rialiste et, surtout, \u00ab&nbsp;r\u00e9volution&nbsp;\u00bb<a href=\"#_ftn5\" id=\"_ftnref5\">[5]<\/a>.<\/p>\n\n\n\n<p><strong>P\u00c9TRONE<\/strong><\/p>\n\n\n\n<p class=\"has-small-font-size\"><strong><em>1933, Hitler prend le pouvoir <\/em><\/strong>par Georges Goriely, Paris, \u00c9ditions Archipoche, un ouvrage propos\u00e9 par Andr\u00e9 Versaille dans la collection \u00ab&nbsp;Archidoc&nbsp;\u00bb, janvier&nbsp;2023 [1982, 1991, 1999], 260&nbsp;pp. en noir et blanc au format 10,8&nbsp;x&nbsp;17,7&nbsp;cm sous couverture broch\u00e9e en couleurs, 9&nbsp;\u20ac (prix France)<\/p>\n\n\n\n<hr class=\"wp-block-separator\" \/>\n\n\n\n<p><a href=\"#_ftnref1\" id=\"_ftn1\">[1]<\/a> Nous pouvons l\u2019attester pour avoir re\u00e7u son cordial soutien et ses aimables conseils pour la publication de nos travaux (sur la vie politico-litt\u00e9raire en Belgique \u00e0 la veille de la guerre) dans le n\u00b010 des \u00ab&nbsp;Cahiers du Centre de Recherches et d\u2019\u00e9tudes historiques de la Seconde Guerre mondiale&nbsp;\u00bb paru \u00e0 Bruxelles en 1986.<\/p>\n\n\n\n<p><a href=\"#_ftnref2\" id=\"_ftn2\">[2]<\/a> Georges Eug\u00e8ne Sorel, n\u00e9 le 2 novembre 1847 \u00e0 Cherbourg et mort le 29 ao\u00fbt 1922 \u00e0 Boulogne-sur-Seine, \u00e9tait un philosophe et sociologue fran\u00e7ais, connu pour sa th\u00e9orie du syndicalisme r\u00e9volutionnaire. Auteur de <em>R\u00e9flexions sur la violence<\/em>, en 1908, il a parfois \u00e9t\u00e9 consid\u00e9r\u00e9 comme un des introducteurs du marxisme en France. L\u2019essai magistral que lui a consacr\u00e9 Georges Goriely, <em>Le pluralisme dramatique de Georges Sorel<\/em>, a \u00e9t\u00e9 publi\u00e9 aux \u00c9ditions Rivi\u00e8re \u00e0 Paris en 1962.<\/p>\n\n\n\n<p><a href=\"#_ftnref3\" id=\"_ftn3\">[3]<\/a> Il a paru en 1982 aux \u00c9ditions Complexe \u00e0 Bruxelles qui l\u2019ont ressorti en 1991 et en 1999.<\/p>\n\n\n\n<p><a href=\"#_ftnref4\" id=\"_ftn4\">[4]<\/a> Source&nbsp;: \u00c9ditions Archipoche.<\/p>\n\n\n\n<p><a href=\"#_ftnref5\" id=\"_ftn5\">[5]<\/a> Page 231.<\/p>\n","protected":false},"excerpt":{"rendered":"<p>Par P\u00e9trone.<\/p>\n","protected":false},"author":2,"featured_media":0,"comment_status":"closed","ping_status":"open","sticky":false,"template":"","format":"standard","meta":[],"categories":[11,56],"tags":[],"_links":{"self":[{"href":"https:\/\/www.satiricon.be\/index.php?rest_route=\/wp\/v2\/posts\/22685"}],"collection":[{"href":"https:\/\/www.satiricon.be\/index.php?rest_route=\/wp\/v2\/posts"}],"about":[{"href":"https:\/\/www.satiricon.be\/index.php?rest_route=\/wp\/v2\/types\/post"}],"author":[{"embeddable":true,"href":"https:\/\/www.satiricon.be\/index.php?rest_route=\/wp\/v2\/users\/2"}],"replies":[{"embeddable":true,"href":"https:\/\/www.satiricon.be\/index.php?rest_route=%2Fwp%2Fv2%2Fcomments&post=22685"}],"version-history":[{"count":1,"href":"https:\/\/www.satiricon.be\/index.php?rest_route=\/wp\/v2\/posts\/22685\/revisions"}],"predecessor-version":[{"id":22687,"href":"https:\/\/www.satiricon.be\/index.php?rest_route=\/wp\/v2\/posts\/22685\/revisions\/22687"}],"wp:attachment":[{"href":"https:\/\/www.satiricon.be\/index.php?rest_route=%2Fwp%2Fv2%2Fmedia&parent=22685"}],"wp:term":[{"taxonomy":"category","embeddable":true,"href":"https:\/\/www.satiricon.be\/index.php?rest_route=%2Fwp%2Fv2%2Fcategories&post=22685"},{"taxonomy":"post_tag","embeddable":true,"href":"https:\/\/www.satiricon.be\/index.php?rest_route=%2Fwp%2Fv2%2Ftags&post=22685"}],"curies":[{"name":"wp","href":"https:\/\/api.w.org\/{rel}","templated":true}]}}