{"id":22905,"date":"2023-05-16T13:51:04","date_gmt":"2023-05-16T11:51:04","guid":{"rendered":"https:\/\/www.satiricon.be\/?p=22905"},"modified":"2023-05-16T13:51:04","modified_gmt":"2023-05-16T11:51:04","slug":"de-la-frivolite-a-la-tragedie","status":"publish","type":"post","link":"https:\/\/www.satiricon.be\/?p=22905","title":{"rendered":"De la frivolit\u00e9 \u00e0 la trag\u00e9die\u2026"},"content":{"rendered":"\n<div class=\"wp-block-image\"><figure class=\"aligncenter size-full\"><a href=\"https:\/\/www.satiricon.be\/wp-content\/uploads\/2023\/05\/Marie-Antoinette-\u2013-La-derniere-reine.jpg\"><img loading=\"lazy\" width=\"246\" height=\"350\" src=\"https:\/\/www.satiricon.be\/wp-content\/uploads\/2023\/05\/Marie-Antoinette-\u2013-La-derniere-reine.jpg\" alt=\"\" class=\"wp-image-22906\" srcset=\"https:\/\/www.satiricon.be\/wp-content\/uploads\/2023\/05\/Marie-Antoinette-\u2013-La-derniere-reine.jpg 246w, https:\/\/www.satiricon.be\/wp-content\/uploads\/2023\/05\/Marie-Antoinette-\u2013-La-derniere-reine-211x300.jpg 211w\" sizes=\"(max-width: 246px) 100vw, 246px\" \/><\/a><\/figure><\/div>\n\n\n\n<p>\u00c9velyne Lever, n\u00e9e Saive en 1944, est une historienne fran\u00e7aise. Elle occupa la fonction d&rsquo;ing\u00e9nieur de recherche au CNRS et devient sp\u00e9cialiste de l&rsquo;histoire du XVIII<sup>e&nbsp;<\/sup>si\u00e8cle.<\/p>\n\n\n\n<p>Membre du Haut comit\u00e9 fran\u00e7ais des comm\u00e9morations nationales, elle en a d\u00e9missionn\u00e9, avec neuf autres membres sur douze, par une lettre collective publi\u00e9e dans <em>Le Monde<\/em> en mars 2018. Ils protestaient ainsi contre la d\u00e9cision de la ministre de la Culture, Fran\u00e7oise Nyssen, de retirer le nom de Charles Maurras \u2013 et le texte r\u00e9dig\u00e9 pour l\u2019occasion par Olivier Dard \u2013 du <em>Livre des comm\u00e9morations nationales 2018<\/em>, alors que ce choix avait \u00e9t\u00e9 pr\u00e9alablement valid\u00e9.<\/p>\n\n\n\n<p>\u00c9velyne Lever est aussi l&rsquo;auteur de nombreux livres<a href=\"#_ftn1\" id=\"_ftnref1\">[1]<\/a>, notamment sur la vie de Marie-Antoinette et de Louis&nbsp;XVI.<\/p>\n\n\n\n<p>Parmi ceux-ci, relevons <strong><em>Marie-Antoinette \u2013 La derni\u00e8re reine<\/em><\/strong>, un essai riche de 140 illustrations paru en 2000 dans la remarquable collection \u00ab&nbsp;D\u00e9couvertes Gallimard&nbsp;\u00bb et qui ressort sous une autre couverture en raison de l\u2019exposition \u00ab&nbsp;Louis&nbsp;XVI, Marie-Antoinette et la R\u00e9volution&nbsp;\u00bb pr\u00e9sent\u00e9e en 2023 aux Archives nationales \u00e0 Paris.<\/p>\n\n\n\n<p>R\u00e9sum\u00e9&nbsp;:<\/p>\n\n\n\n<p>\u00ab&nbsp;Marie-Antoinette, ce nom symbolise, \u00e0 lui seul, les fastes de Versailles, les gr\u00e2ces de Trianon et l&rsquo;incroyable destin d&rsquo;une jeune femme pr\u00e9cipit\u00e9e des marches du tr\u00f4ne sur celles de l&rsquo;\u00e9chafaud.<\/p>\n\n\n\n<p>Fille de l&rsquo;imp\u00e9ratrice d&rsquo;Autriche, elle \u00e9pouse \u00e0 quatorze ans l&rsquo;h\u00e9ritier du tr\u00f4ne de France qui devient roi en 1774 sous le nom de Louis&nbsp;XVI. Reine \u00e0 vingt ans, elle adopte l&rsquo;attitude d&rsquo;une enfant g\u00e2t\u00e9e. Sa l\u00e9g\u00e8ret\u00e9, son m\u00e9pris de l&rsquo;opinion, la pression exerc\u00e9e par sa famille autrichienne la d\u00e9signent tr\u00e8s t\u00f4t \u00e0 l&rsquo;opprobre public.<\/p>\n\n\n\n<p>\u00c9pouse longtemps n\u00e9glig\u00e9e par un mari \u201cemp\u00each\u00e9\u201d, m\u00e8re affectueuse, elle joua un r\u00f4le politique important d\u00e8s les d\u00e9buts de la R\u00e9volution. Incarc\u00e9r\u00e9e au Temple avec sa famille apr\u00e8s l\u2019effondrement du r\u00e9gime, puis enferm\u00e9e \u00e0 la Conciergerie apr\u00e8s l\u2019ex\u00e9cution de Louis&nbsp;XVI, elle fut guillotin\u00e9e le 16&nbsp;octobre 1793 \u00e0 l\u2019issue d\u2019un simulacre de proc\u00e8s.&nbsp;\u00bb<\/p>\n\n\n\n<p>Le \u00ab&nbsp;style Marie-Antoinette&nbsp;\u00bb, sa relation amoureuse avec Axel de Fersen et l&rsquo;affaire du collier sont \u00e9galement mis en \u00e9vidence dans cet ouvrage.<\/p>\n\n\n\n<p><strong>P\u00c9TRONE <\/strong><\/p>\n\n\n\n<p class=\"has-small-font-size\"><strong><em>Marie-Antoinette \u2013 La derni\u00e8re reine <\/em><\/strong>par \u00c9velyne Lever, Paris, \u00c9ditions Gallimard, mars&nbsp;2023 [2000], 144&nbsp;pp. en quadrichromie au format 12,5&nbsp;x&nbsp;17,8&nbsp;cm sous couverture broch\u00e9e en couleurs, 14,70&nbsp;\u20ac (prix France)<\/p>\n\n\n\n<p class=\"has-text-align-center\"><strong>Exposition \u00ab&nbsp;Louis&nbsp;xvi, Marie-Antoinette et la r\u00e9volution&nbsp;\u2013 La famille royale aux Tuileries (1789-1792)&nbsp;\u00bb<\/strong><\/p>\n\n\n\n<p><strong><u>Objet&nbsp;:<\/u><\/strong><\/p>\n\n\n\n<p>\u00ab&nbsp;Cette exposition rassemble une centaine de documents, tableaux, gravures et plusieurs \u00e9l\u00e9ments de mobilier, et propose une immersion dans le quotidien de la famille royale, depuis son d\u00e9part de Versailles pour les Tuileries jusqu&rsquo;\u00e0 la chute de la monarchie.&nbsp;\u00bb<\/p>\n\n\n\n<p><strong><u>Commissariat scientifique&nbsp;:<\/u><\/strong><\/p>\n\n\n\n<p><strong>Isabelle Aristide-Hastir<\/strong>, responsable du d\u00e9partement des archives priv\u00e9es des Archives nationales<\/p>\n\n\n\n<p><strong>Jean-Christian Petitfils<\/strong>, historien et \u00e9crivain<\/p>\n\n\n\n<p><strong>Emmanuel de Waresquiel<\/strong>, chercheur \u00e0 l&rsquo;\u00c9cole Pratique des Hautes \u00c9tudes<\/p>\n\n\n\n<p><strong><u>Dates&nbsp;:<\/u><\/strong><\/p>\n\n\n\n<p>Du 29 mars au 3 juillet 2023 puis du 30 ao\u00fbt au 6 novembre 2023<\/p>\n\n\n\n<p><strong><u>Adresse&nbsp;:<\/u><\/strong><\/p>\n\n\n\n<p>Mus\u00e9e des Archives nationales &#8211; H\u00f4tel de Soubise<\/p>\n\n\n\n<p>60, rue des Francs-Bourgeois<\/p>\n\n\n\n<p>75003 Paris<\/p>\n\n\n\n<p><strong><u>T\u00e9l\u00e9phone&nbsp;:<\/u><\/strong><\/p>\n\n\n\n<p>00 33 11 40 27 60 96<\/p>\n\n\n\n<p><strong><u>Courriel&nbsp;:<\/u><\/strong><\/p>\n\n\n\n<p>infomusee.archivesnationales@culture.gouv.fr<\/p>\n\n\n\n<p><strong><u>Site Web&nbsp;:<\/u><\/strong><\/p>\n\n\n\n<figure class=\"wp-block-embed\"><div class=\"wp-block-embed__wrapper\">\nhttps:\/\/www.archives-nationales.culture.gouv.fr\/louis-xvi-marie-antoinette-et-la-revolution\n<\/div><\/figure>\n\n\n\n<p><strong><u>Acc\u00e8s transports&nbsp;:<\/u><\/strong><\/p>\n\n\n\n<p>M\u00e9tro&nbsp;: H\u00f4tel-de-Ville (ligne 1), Rambuteau (ligne 11), Arts et M\u00e9tiers (ligne 3)<\/p>\n\n\n\n<p>Bus&nbsp;: lignes 29 et 75, arr\u00eat \u00ab&nbsp;Archives-Haudriettes&nbsp;\u00bb ou \u00ab&nbsp;Archives-Rambuteau&nbsp;\u00bb<\/p>\n\n\n\n<p><strong><u>Horaires&nbsp;:<\/u><\/strong><\/p>\n\n\n\n<p>Ouvert du lundi au vendredi de 10&nbsp;h&nbsp;00 \u00e0 17&nbsp;h&nbsp;30<\/p>\n\n\n\n<p>Samedi et dimanche de 14&nbsp;h&nbsp;00 \u00e0 19&nbsp;h&nbsp;00<\/p>\n\n\n\n<p>Fermeture le mardi<\/p>\n\n\n\n<p>Fermeture estivale du 4 juillet au 29 ao\u00fbt<\/p>\n\n\n\n<p><strong><u>Tarifs&nbsp;:<\/u><\/strong><\/p>\n\n\n\n<p><strong>Gratuit<\/strong><\/p>\n\n\n\n<hr class=\"wp-block-separator\" \/>\n\n\n\n<p><a id=\"_ftn1\" href=\"#_ftnref1\">[1]<\/a> <em>Histoire de la guerre d&rsquo;Alg\u00e9rie\u00a0: 1954-1962<\/em>, en collaboration avec Bernard Droz (1982, 1991)\u00a0; <em>Louis\u00a0XVIII<\/em> (1988)\u00a0; <em>Louis\u00a0XVI<\/em> (1991)\u00a0; <em>Marie-Antoinette<\/em> (1991)\u00a0; <em>M\u00e9moires du baron de Breteuil<\/em> (1992)\u00a0; <em>Madame de Pompadour <\/em>(2000)\u00a0; <em>Madame de Pompadour: A Life<\/em>, avec Catherine Temerson (2003)\u00a0; <em>L&rsquo;Affaire du Collier<\/em> (2004)\u00a0; <em>Les derni\u00e8res noces de la monarchie. Louis\u00a0XVI et Marie-Antoinette<\/em> (2005)\u00a0; <em>Marie-Antoinette, correspondance. 1770-1793<\/em> (2005)\u00a0; <em>C&rsquo;\u00e9tait Marie-Antoinette<\/em> (2006)\u00a0; <em>Marie-Antoinette, adaptation libre de la correspondance<\/em> (2007)\u00a0; <em>Marie-Antoinette\u00a0: Journal d&rsquo;une reine<\/em> (2008)\u00a0; <em>Le Chevalier d\u2019\u00c9on\u00a0: \u00ab\u00a0Une vie sans queue ni t\u00eate\u00a0\u00bb<\/em>, avec Maurice Lever (2009)\u00a0; <em>Marquis de Bombelles, Marquise de Bombelles, Lettres intimes (1778-1782)\u00a0: Que je suis heureuse d&rsquo;\u00eatre ta femme<\/em>, (pr\u00e9face, 2009)\u00a0; <em>Le Temps des illusions\u00a0: Chroniques de la Cour et de la Ville, 1715-1756<\/em> (2012)\u00a0; <em>Le Cr\u00e9puscule des rois\u00a0: Chronique 1757-1789<\/em> (2013)\u00a0; <em>Dictionnaire amoureux des reines<\/em> (2017)\u00a0; <em>Paris sous la Terreur<\/em> (2019)\u00a0; <em>Le grand amour de Marie-Antoinette\u00a0: Lettres secr\u00e8tes de la reine et du comte de Fersen<\/em> (2020).<\/p>\n","protected":false},"excerpt":{"rendered":"<p>Par P\u00e9trone.<\/p>\n","protected":false},"author":2,"featured_media":0,"comment_status":"closed","ping_status":"open","sticky":false,"template":"","format":"standard","meta":[],"categories":[77,51,11],"tags":[],"_links":{"self":[{"href":"https:\/\/www.satiricon.be\/index.php?rest_route=\/wp\/v2\/posts\/22905"}],"collection":[{"href":"https:\/\/www.satiricon.be\/index.php?rest_route=\/wp\/v2\/posts"}],"about":[{"href":"https:\/\/www.satiricon.be\/index.php?rest_route=\/wp\/v2\/types\/post"}],"author":[{"embeddable":true,"href":"https:\/\/www.satiricon.be\/index.php?rest_route=\/wp\/v2\/users\/2"}],"replies":[{"embeddable":true,"href":"https:\/\/www.satiricon.be\/index.php?rest_route=%2Fwp%2Fv2%2Fcomments&post=22905"}],"version-history":[{"count":1,"href":"https:\/\/www.satiricon.be\/index.php?rest_route=\/wp\/v2\/posts\/22905\/revisions"}],"predecessor-version":[{"id":22907,"href":"https:\/\/www.satiricon.be\/index.php?rest_route=\/wp\/v2\/posts\/22905\/revisions\/22907"}],"wp:attachment":[{"href":"https:\/\/www.satiricon.be\/index.php?rest_route=%2Fwp%2Fv2%2Fmedia&parent=22905"}],"wp:term":[{"taxonomy":"category","embeddable":true,"href":"https:\/\/www.satiricon.be\/index.php?rest_route=%2Fwp%2Fv2%2Fcategories&post=22905"},{"taxonomy":"post_tag","embeddable":true,"href":"https:\/\/www.satiricon.be\/index.php?rest_route=%2Fwp%2Fv2%2Ftags&post=22905"}],"curies":[{"name":"wp","href":"https:\/\/api.w.org\/{rel}","templated":true}]}}