{"id":23033,"date":"2023-06-13T14:16:29","date_gmt":"2023-06-13T12:16:29","guid":{"rendered":"https:\/\/www.satiricon.be\/?p=23033"},"modified":"2023-06-13T14:16:29","modified_gmt":"2023-06-13T12:16:29","slug":"bonnes-tetes","status":"publish","type":"post","link":"https:\/\/www.satiricon.be\/?p=23033","title":{"rendered":"Bonnes t\u00eates&#8230;"},"content":{"rendered":"\n<div class=\"wp-block-image\"><figure class=\"aligncenter size-full\"><a href=\"https:\/\/www.satiricon.be\/wp-content\/uploads\/2023\/06\/Portraits-genevois.jpg\"><img loading=\"lazy\" width=\"231\" height=\"350\" src=\"https:\/\/www.satiricon.be\/wp-content\/uploads\/2023\/06\/Portraits-genevois.jpg\" alt=\"\" class=\"wp-image-23034\" srcset=\"https:\/\/www.satiricon.be\/wp-content\/uploads\/2023\/06\/Portraits-genevois.jpg 231w, https:\/\/www.satiricon.be\/wp-content\/uploads\/2023\/06\/Portraits-genevois-198x300.jpg 198w\" sizes=\"(max-width: 231px) 100vw, 231px\" \/><\/a><\/figure><\/div>\n\n\n\n<p>Dans <strong><em>Portraits genevois<\/em><\/strong> paru chez Slatkine, Maurice Baudet m\u00e8ne le lecteur \u00e0 la rencontre de personnages qui forg\u00e8rent l&rsquo;histoire de la cit\u00e9 au bord du lac L\u00e9man.<\/p>\n\n\n\n<p>Parmi eux, un cordonnier du XVI<sup>e<\/sup> si\u00e8cle pionnier de l&rsquo;ethnographie, une r\u00e9formatrice \u00e0 la plume alerte, des scientifiques humanistes, un th\u00e9ologien protestant, des horlogers philosophes, des \u00e9diteurs \u00e9rudits, un des p\u00e8res fondateurs des \u00c9tats-Unis, des peintres issus de la rude \u00e9cole des ateliers d&rsquo;horlogerie, des \u00e9crivains c\u00e9l\u00e8bres, des politiques, des m\u00e9decins, des humanitaires ou encore de surprenants m\u00e9c\u00e8nes.<\/p>\n\n\n\n<p>De Jules C\u00e9sar (100-44 av. J.-C.) \u00e0 Jean Calvin (1509-1564), de Voltaire (1694-1778) et Rousseau (1712-1778) \u00e0 Germaine de Sta\u00ebl (1766-1817), Henri-Fr\u00e9d\u00e9ric Amiel (1821-1881) et Nicolas Bouvier (1921-1998), de Robert Estienne (1503-1559) \u00e0 Jacques Necker (1732-1804), Wolfgang-Adam T\u00f6pffer (1766-1847), Antoine Norbert de Patek (1812-1877) ou Henry Dunant (1828-1910), c\u2019est une fameuse galerie\u00a0!<\/p>\n\n\n\n<p><strong>P\u00c9TRONE <\/strong><\/p>\n\n\n\n<p class=\"has-small-font-size\"><strong><em>Portraits genevois \u2013 \u00c0 la rencontre des grands esprits qui fa\u00e7onn\u00e8rent le caract\u00e8re de Gen\u00e8ve <\/em><\/strong>par Maurice Baudet, Gen\u00e8ve, \u00c9ditions Slatkine, avril&nbsp;2023, 342&nbsp;pp. en noir et blanc au format 15,5&nbsp;x&nbsp;23,5&nbsp;cm sous couverture broch\u00e9e en couleurs, 32&nbsp;\u20ac (prix France)<\/p>\n\n\n\n<p class=\"has-text-align-center\"><strong>TABLE DES MATI\u00c8RES<\/strong><\/p>\n\n\n\n<p>Pr\u00e9face<\/p>\n\n\n\n<p>Prologue<\/p>\n\n\n\n<p><strong>Chapitre I &#8211; Aux origines<\/strong><\/p>\n\n\n\n<p>Jules C\u00e9sar (100-44 av. J.-C.)<\/p>\n\n\n\n<p>Le roi Gondebaud (455-516)<\/p>\n\n\n\n<p><strong>Chapitre II &#8211; Gen\u00e8ve au temps des princes-\u00e9v\u00eaques<\/strong><\/p>\n\n\n\n<p>Ardutius de Faucigny (~1100-1185)<\/p>\n\n\n\n<p>Adh\u00e9mar Fabri (?-1388)<\/p>\n\n\n\n<p><strong>Chapitre III &#8211; Marchands et banquiers italiens<\/strong><\/p>\n\n\n\n<p>Francesco Sassetti (1421-1490)<\/p>\n\n\n\n<p><strong>Chapitre IV &#8211; Puis vint la R\u00e9forme<\/strong><\/p>\n\n\n\n<p>Jean Calvin (1509-1564)<\/p>\n\n\n\n<p>Marie Denti\u00e8re (1495-1561)<\/p>\n\n\n\n<p>Th\u00e9odore de B\u00e8ze (1519-1605)<\/p>\n\n\n\n<p>Simon Goulart (1543-1628)<\/p>\n\n\n\n<p>Th\u00e9odore Agrippa d&rsquo;Aubign\u00e9 (1552-1630)<\/p>\n\n\n\n<p>Les Lucquois de Gen\u00e8ve<\/p>\n\n\n\n<p><strong>Chapitre V- La Gen\u00e8ve savante<\/strong><\/p>\n\n\n\n<p>Jean-Robert Chouet (1642-1731)<\/p>\n\n\n\n<p>Jean-Jacques Burlamaqui (1694-1748)<\/p>\n\n\n\n<p>Gabriel Cramer (1704-1752)<\/p>\n\n\n\n<p>Abraham Trembley (1710-1784)<\/p>\n\n\n\n<p>Charles Bonnet (1720-1793)<\/p>\n\n\n\n<p>Jean-Andr\u00e9 Deluc (1727-1817)<\/p>\n\n\n\n<p>Horace B\u00e9n\u00e9dict de Saussure (1740-1799)<\/p>\n\n\n\n<p>Pierre Prevost (1751-1839)<\/p>\n\n\n\n<p>Marc-Auguste Pictet (1752-1825)<\/p>\n\n\n\n<p>Henri-Albert Gosse (1753-1816)<\/p>\n\n\n\n<p>Augustin Pyrame de Candolle (1778-1841)<\/p>\n\n\n\n<p>Auguste De la Rive (1801-1873)<\/p>\n\n\n\n<p>Daniel Colladon (1802-1893)<\/p>\n\n\n\n<p><strong>Chapitre VI &#8211; Quelques m\u00e9decins genevois<\/strong><\/p>\n\n\n\n<p>Th\u00e9odore Tronchin (1709-1781)<\/p>\n\n\n\n<p>Louis Odier (1748-1817)<\/p>\n\n\n\n<p>Jean de Carro (1770-1857)<\/p>\n\n\n\n<p>Jean-Louis Pr\u00e9vost (1838-1927)<\/p>\n\n\n\n<p>Marguerite Champendal (1870-1928)<\/p>\n\n\n\n<p>Lina Solomonovna Stern (1878-1968)<\/p>\n\n\n\n<p><strong>Chapitre VII &#8211; La Gen\u00e8ve des lettres<\/strong><\/p>\n\n\n\n<p>Jean Senebier (1742-1809)<\/p>\n\n\n\n<p>Fran\u00e7ois Bonivard (1493-1570)<\/p>\n\n\n\n<p>Jean de L\u00e9ry (1536-1613)<\/p>\n\n\n\n<p>Voltaire (1694-1778) et Rousseau (1712-1778)<\/p>\n\n\n\n<p>Charles Victor de Bonstetten (1745-1832)<\/p>\n\n\n\n<p>Germaine de Sta\u00ebl (1766-1817)<\/p>\n\n\n\n<p>Jean-Fran\u00e7ois Chaponni\u00e8re (1769-1856)<\/p>\n\n\n\n<p>Rodolphe T\u00f6pffer (1799-1846)<\/p>\n\n\n\n<p>Jacques-Imbert Galloix (1807-1828)<\/p>\n\n\n\n<p>Henri-Fr\u00e9d\u00e9ric Amiel (1821-1881)<\/p>\n\n\n\n<p>Philippe Monnier (1864-1911)<\/p>\n\n\n\n<p>Isabelle Eberhardt (1877-1904)<\/p>\n\n\n\n<p>Albert Cohen (1895-1981)<\/p>\n\n\n\n<p>Nicolas Bouvier (1921-1998)<\/p>\n\n\n\n<p><strong>Chapitre VIII \u2013 Les \u00e9diteurs genevois<\/strong><\/p>\n\n\n\n<p>Adam Steinschaber et ses successeurs (fin du XVI<sup>e&nbsp;<\/sup>si\u00e8cle)<\/p>\n\n\n\n<p>Robert Estienne (1503-1559)<\/p>\n\n\n\n<p>Jean Crespin (1520-1572)<\/p>\n\n\n\n<p>Jean II de Tournes (1539-1615)<\/p>\n\n\n\n<p>Gabriel (1723-1793) et Philibert Cramer (1727-1779)<\/p>\n\n\n\n<p><strong>Chapitre IX &#8211; Horlogers, \u00e9mailleurs et orf\u00e8vres<\/strong><\/p>\n\n\n\n<p>Charles Cusin (actif \u00e0 Gen\u00e8ve entre 1574 et 1590)<\/p>\n\n\n\n<p>Pierre Huaud (1647-1698)<\/p>\n\n\n\n<p>Isaac Rousseau (1672-1746)<\/p>\n\n\n\n<p>Georges Auzi\u00e8re (1735-?)<\/p>\n\n\n\n<p>Jean-Fran\u00e7ois Bautte (1772-1837)<\/p>\n\n\n\n<p>Antoine Norbert de Patek (1812-1877) et Jean Adrien Philippe (1815-1894)<\/p>\n\n\n\n<p>Hans Wilsdorf (1881-1960)<\/p>\n\n\n\n<p><strong>Chapitre X &#8211; La Gen\u00e8ve politique<\/strong><\/p>\n\n\n\n<p>Fran\u00e7ois Le Fort (1656-1699)<\/p>\n\n\n\n<p>Jacques Necker (1732-1804)<\/p>\n\n\n\n<p>Charles Pictet de Rochemont (1755-1824)<\/p>\n\n\n\n<p>Albert Gallatin (1761-1849)<\/p>\n\n\n\n<p>Jean de Sismondi (1773-1842)<\/p>\n\n\n\n<p>Jean Antoine de Capo d&rsquo;Istria (1776-1831)<\/p>\n\n\n\n<p>Guillaume-Henri Dufour (1787-1875)<\/p>\n\n\n\n<p>James Fazy (1794-1878)<\/p>\n\n\n\n<p>Carl Vogt (1817-1895)<\/p>\n\n\n\n<p>Gustave Ador (1845-1928)<\/p>\n\n\n\n<p>William Rappard (1883-1958)<\/p>\n\n\n\n<p><strong>Chapitre XI -La tradition humanitaire<\/strong><\/p>\n\n\n\n<p>David de Busanton (?-1545) et la \u00ab&nbsp;Bourse fran\u00e7aise&nbsp;\u00bb<\/p>\n\n\n\n<p>Jean-Jacques de Sellon (1782-1839)<\/p>\n\n\n\n<p>Henry Dunant (1828-1910)<\/p>\n\n\n\n<p><strong>Chapitre XII &#8211; Gen\u00e8ve et ses m\u00e9c\u00e8nes<\/strong><\/p>\n\n\n\n<p>Jeanne-Fran\u00e7oise (1772-1831) et Jeanne-Henriette Rath (1773-1856)<\/p>\n\n\n\n<p>Jean-Gabriel Eynard (1775-1863)<\/p>\n\n\n\n<p>Charles II, duc de Brunswick (1804-1873)<\/p>\n\n\n\n<p>Gustave Revilliod (1817-1890)<\/p>\n\n\n\n<p>Daniel Fitzgerald Packenham Barton (1850-1907)<\/p>\n\n\n\n<p><strong>Chapitre XIII &#8211; Gen\u00e8ve et les beaux-arts<\/strong><\/p>\n\n\n\n<p>Konrad Witz (1400-1445)<\/p>\n\n\n\n<p>Samuel de Rameru (?-1679)<\/p>\n\n\n\n<p>Jean Petitot (1607-1691)<\/p>\n\n\n\n<p>Jacques-Antoine Arlaud (1668-1743)<\/p>\n\n\n\n<p>Jean-\u00c9tienne Liotard (1702-1789)<\/p>\n\n\n\n<p>Pierre Soubeyran (1709-1775) et l&rsquo;\u00e9cole du Calabri<\/p>\n\n\n\n<p>Jean Huber (1721-1786)<\/p>\n\n\n\n<p>Marc-Th\u00e9odore Bourrit (1739-1819)<\/p>\n\n\n\n<p>Jean-Pierre Saint-Ours (1752-1809)<\/p>\n\n\n\n<p>Pierre-Louis De la Rive (1753-1819)<\/p>\n\n\n\n<p>Wolfgang-Adam T\u00f6pffer (1766-1847)<\/p>\n\n\n\n<p>Firmin Massot (1766-1849)<\/p>\n\n\n\n<p>Jacques-Laurent Agasse (1767-1849)<\/p>\n\n\n\n<p>Am\u00e9lie Munier-Romilly (1788-1875)<\/p>\n\n\n\n<p>James Pradier (1790-1852)<\/p>\n\n\n\n<p>Alexandre Calame (1810-1864)<\/p>\n\n\n\n<p>Barth\u00e9lemy Menn (1816-1893)<\/p>\n\n\n\n<p>Ferdinand Hodler (1853-1918)<\/p>\n\n\n\n<p>Rodo (Auguste de Niederh\u00e4usern, 1863-1913)<\/p>\n\n\n\n<p>Les Boissonnas (1864-1983)<\/p>\n\n\n\n<p>Robert Hainard (1906-1999)<\/p>\n\n\n\n<p><strong>Chapitre XIV &#8211; Gen\u00e8ve et la musique<\/strong><\/p>\n\n\n\n<p>Gaspard Fritz (1716-1783)<\/p>\n\n\n\n<p>Franz Liszt (1811-1886)<\/p>\n\n\n\n<p>\u00c9mile Jaques-Dalcroze (1865-1950)<\/p>\n\n\n\n<p>Henri Christin\u00e9 (1867-1941)<\/p>\n\n\n\n<p>Ernest Bloch (1880-1959)<\/p>\n\n\n\n<p>Ernest Ansermet (1883-1969)<\/p>\n\n\n\n<p>Frank Martin (1890-1974)<\/p>\n\n\n\n<p>Dinu Lipatti (1917-1950)<\/p>\n\n\n\n<p><strong>Chapitre XV -Balade \u00e0 la rencontre de nos personnages<\/strong><\/p>\n\n\n\n<p>Lieux de culte<\/p>\n\n\n\n<p>B\u00e2timents et monuments<\/p>\n\n\n\n<p>Les mus\u00e9es<\/p>\n\n\n\n<p>Hors de Gen\u00e8ve<\/p>\n\n\n\n<p>Remerciements<\/p>\n","protected":false},"excerpt":{"rendered":"<p>Par P\u00e9trone.<\/p>\n","protected":false},"author":2,"featured_media":0,"comment_status":"closed","ping_status":"open","sticky":false,"template":"","format":"standard","meta":[],"categories":[77,11],"tags":[],"_links":{"self":[{"href":"https:\/\/www.satiricon.be\/index.php?rest_route=\/wp\/v2\/posts\/23033"}],"collection":[{"href":"https:\/\/www.satiricon.be\/index.php?rest_route=\/wp\/v2\/posts"}],"about":[{"href":"https:\/\/www.satiricon.be\/index.php?rest_route=\/wp\/v2\/types\/post"}],"author":[{"embeddable":true,"href":"https:\/\/www.satiricon.be\/index.php?rest_route=\/wp\/v2\/users\/2"}],"replies":[{"embeddable":true,"href":"https:\/\/www.satiricon.be\/index.php?rest_route=%2Fwp%2Fv2%2Fcomments&post=23033"}],"version-history":[{"count":1,"href":"https:\/\/www.satiricon.be\/index.php?rest_route=\/wp\/v2\/posts\/23033\/revisions"}],"predecessor-version":[{"id":23035,"href":"https:\/\/www.satiricon.be\/index.php?rest_route=\/wp\/v2\/posts\/23033\/revisions\/23035"}],"wp:attachment":[{"href":"https:\/\/www.satiricon.be\/index.php?rest_route=%2Fwp%2Fv2%2Fmedia&parent=23033"}],"wp:term":[{"taxonomy":"category","embeddable":true,"href":"https:\/\/www.satiricon.be\/index.php?rest_route=%2Fwp%2Fv2%2Fcategories&post=23033"},{"taxonomy":"post_tag","embeddable":true,"href":"https:\/\/www.satiricon.be\/index.php?rest_route=%2Fwp%2Fv2%2Ftags&post=23033"}],"curies":[{"name":"wp","href":"https:\/\/api.w.org\/{rel}","templated":true}]}}