{"id":23042,"date":"2023-06-15T15:00:02","date_gmt":"2023-06-15T13:00:02","guid":{"rendered":"https:\/\/www.satiricon.be\/?p=23042"},"modified":"2023-06-15T15:05:10","modified_gmt":"2023-06-15T13:05:10","slug":"au-lieu-de-tuer-les-gens-les-phrases-se-contentent-de-les-faire-souffrir-francois-weyergans","status":"publish","type":"post","link":"https:\/\/www.satiricon.be\/?p=23042","title":{"rendered":"\u00ab\u00a0Au lieu de tuer les gens, les phrases se contentent de les faire souffrir.\u00a0\u00bb (Fran\u00e7ois Weyergans)"},"content":{"rendered":"\n<div class=\"wp-block-image\"><figure class=\"aligncenter size-full\"><a href=\"https:\/\/www.satiricon.be\/wp-content\/uploads\/2023\/06\/Romans.jpg\"><img loading=\"lazy\" width=\"238\" height=\"350\" src=\"https:\/\/www.satiricon.be\/wp-content\/uploads\/2023\/06\/Romans.jpg\" alt=\"\" class=\"wp-image-23043\" srcset=\"https:\/\/www.satiricon.be\/wp-content\/uploads\/2023\/06\/Romans.jpg 238w, https:\/\/www.satiricon.be\/wp-content\/uploads\/2023\/06\/Romans-204x300.jpg 204w\" sizes=\"(max-width: 238px) 100vw, 238px\" \/><\/a><\/figure><\/div>\n\n\n\n<p>Fils de Franz<a href=\"#_ftn1\" id=\"_ftnref1\">[1]<\/a>, un \u00e9crivain honorable, le cin\u00e9aste et romancier belge Fran\u00e7ois Weyergans, n\u00e9 le 2&nbsp;ao\u00fbt 1941 \u00e0 Etterbeek (Bruxelles) et mort le 27 mai 2019 \u00e0 Paris, est le deuxi\u00e8me auteur apr\u00e8s Philippe H\u00e9riat (1898-1971)<a href=\"#_ftn2\" id=\"_ftnref2\">[2]<\/a> \u00e0 s\u2019\u00eatre vu d\u00e9cerner \u00e0 la fois le prix Renaudot et le prix Goncourt.<\/p>\n\n\n\n<p>Scolaris\u00e9 \u00e0 Bruxelles, au Coll\u00e8ge Saint-Michel, puis \u00e0 l&rsquo;Institut Saint-Boniface-Parnasse, Fran\u00e7ois Weyergans a suivi ensuite \u00e0 Paris les cours de l&rsquo;Institut des hautes \u00e9tudes cin\u00e9matographiques (IDHEC).<\/p>\n\n\n\n<p>Avant de devenir romancier, il a publi\u00e9 des critiques dans <em>Les Cahiers du cin\u00e9ma<\/em> de d\u00e9cembre 1960 \u00e0 juillet 1966 et il a r\u00e9alis\u00e9 quelques films entre 1961 et 1978<a href=\"#_ftn3\" id=\"_ftnref3\">[3]<\/a>.<\/p>\n\n\n\n<p>En 2009, il a \u00e9t\u00e9 \u00e9lu \u00e0 l&rsquo;Acad\u00e9mie fran\u00e7aise, au fauteuil&nbsp;32 dans lequel il succ\u00e9da au commissaire-priseur et historien d&rsquo;art Maurice Rheims (1910-2003)<a href=\"#_ftn4\" id=\"_ftnref4\">[4]<\/a> et qu\u2019occupe aujourd\u2019hui l\u2019historien Pascal Ory (\u00b01948).<\/p>\n\n\n\n<p>Sous le titre g\u00e9n\u00e9rique de <strong><em>Romans<\/em><\/strong>, les \u00c9ditions Gallimard ont rassembl\u00e9 dans leur collection \u00ab&nbsp;Quarto&nbsp;\u00bb sept de ses romans, \u00e0 savoir&nbsp;:<\/p>\n\n\n\n<p>\u2013 <strong><em>Le Pitre<\/em><\/strong> (1973, prix Roger-Nimier), compte rendu moqueur d\u2019une cure psychanalytique qu\u2019il avait suivie.<\/p>\n\n\n\n<p>\u2013 <strong><em>Macaire le Copte<\/em><\/strong> (1981, prix Victor Rossel [le \u00ab&nbsp;Goncourt belge&nbsp;\u00bb] et prix des Deux Magots), r\u00e9cit de la vie asc\u00e9tique d\u2019un moine dans le d\u00e9sert d\u2019\u00c9gypte au IV<sup>e&nbsp;<\/sup>si\u00e8cle apr\u00e8s J\u00e9sus-Christ.<\/p>\n\n\n\n<p>\u2013 <strong><em>La Vie d\u2019un b\u00e9b\u00e9<\/em><\/strong> (1986), qui fait parler le petit Jules, un f\u0153tus encore dans le ventre de sa m\u00e8re et qui s\u2019amuse beaucoup.<\/p>\n\n\n\n<p>\u2013 <strong><em>Je suis \u00e9crivain<\/em><\/strong> (1989), un <em>road-trip<\/em> cocasse et tragique au Japon.<\/p>\n\n\n\n<p>\u2013 <strong><em>La D\u00e9mence du boxeur<\/em><\/strong> (1992, prix Renaudot), sur la cr\u00e9ation cin\u00e9matographique, la vieillesse et l\u2019affrontement de la mort.<\/p>\n\n\n\n<p>\u2013 <strong><em>Franz et Fran\u00e7ois<\/em><\/strong> (1997) qui met les points sur les i de ses relations houleuses avec son p\u00e8re d\u00e9c\u00e9d\u00e9 vingt ans auparavant.<\/p>\n\n\n\n<p>\u2013 <strong><em>Trois jours chez ma m\u00e8re<\/em><\/strong> (2005, prix Goncourt), dans lequel le narrateur, Fran\u00e7ois Weyergraf, install\u00e9 dans la maison de sa m\u00e8re \u00e0 qui il h\u00e9site sans cesse de rendre visite \u00e0 l\u2019h\u00f4pital, veut \u00e9crire un roman intitul\u00e9 <em>Trois jours chez ma m\u00e8re<\/em>\u2026<\/p>\n\n\n\n<p>Le tout pr\u00e9c\u00e9d\u00e9 d\u2019une pr\u00e9face de Fr\u00e9d\u00e9ric Beigbeder (\u00ab&nbsp;Pour saluer Fran\u00e7ois Weyergans&nbsp;\u00bb) et suivi d\u2019un appendice illustr\u00e9 (\u00ab&nbsp;Weyergans et le cin\u00e9ma&nbsp;\u00bb) compil\u00e9 et r\u00e9dig\u00e9 par Danielle Bordes, Basile Richefort et M\u00e9tilde Weyergans, fille de l\u2019\u00e9crivain.<\/p>\n\n\n\n<p>L\u2019occasion de (re)d\u00e9couvrir l\u2019\u0153uvre puissante, multiforme, entrem\u00ealant humour, amour, angoisse, \u00e9rotisme, cynisme, tendresse, ruades, souvenirs et regrets d\u2019un \u00e9crivain belge fa\u00e7on Jacques Brel\u2026<\/p>\n\n\n\n<p><strong>P\u00c9TRONE <\/strong><\/p>\n\n\n\n<p class=\"has-small-font-size\"><strong><em>Romans <\/em><\/strong>par Fran\u00e7ois Weyergans, Paris, \u00c9ditions Gallimard, collection \u00ab&nbsp;Quarto&nbsp;\u00bb, juin&nbsp;2023, 1363&nbsp;pp. en noir et blanc au format 14&nbsp;x&nbsp;20,5&nbsp;cm sous couverture broch\u00e9e en couleurs, 34&nbsp;\u20ac (prix France)<\/p>\n\n\n\n<hr class=\"wp-block-separator\" \/>\n\n\n\n<p><a id=\"_ftn1\" href=\"#_ftnref1\">[1]<\/a> Auteur catholique de 25 ouvrages tr\u00e8s divers, Franz Weyergans, n\u00e9 \u00e0 Ougr\u00e9e le 27\u00a0avril 1912 et mort le 8\u00a0f\u00e9vrier 1974 \u00e0 Ixelles, \u00e9tait un \u00e9crivain et traducteur belge de langue fran\u00e7aise qui remporta le prix Victor-Rossel en 1969 pour <em>L\u2019Op\u00e9ration<\/em>.<\/p>\n\n\n\n<p><a href=\"#_ftnref2\" id=\"_ftn2\">[2]<\/a> Prix Renaudot 1931 pour <em>L&rsquo;Innocent<\/em> paru chez Deno\u00ebl &amp; Steele et prix Goncourt 1939 pour <em>Les Enfants g\u00e2t\u00e9s<\/em> paru chez Gallimard.<\/p>\n\n\n\n<p><a href=\"#_ftnref3\" id=\"_ftn3\">[3]<\/a> <strong>Courts m\u00e9trages<\/strong>&nbsp;: <em>B\u00e9jart<\/em> (1962, documentaire), <em>Hieronymus Bosch<\/em> (1963), <em>Statues <\/em>(1964), <em>Voleuses<\/em> (1967), <em>Baudelaire is gestorven in de zomer<\/em> (1967). Longs m\u00e9trages&nbsp;: <em>Robert Bresson&nbsp;: Ni vu, ni connu<\/em> (1965), <em>Aline<\/em> (1967), <em>Un film sur quelqu&rsquo;un<\/em> (1972), <em>Maladie mortelle<\/em> (1977), <em>Je t&rsquo;aime, tu danses<\/em> (1977), <em>Couleur chair<\/em> (1978).<\/p>\n\n\n\n<p><a href=\"#_ftnref4\" id=\"_ftn4\">[4]<\/a> Alain Robbe-Grillet (1922-2008), qui y avait \u00e9t\u00e9 \u00e9lu en 2004, avait jusqu\u2019\u00e0 son d\u00e9c\u00e8s refus\u00e9 de si\u00e9ger sous la Coupole.<\/p>\n","protected":false},"excerpt":{"rendered":"<p>Par P\u00e9trone.<\/p>\n","protected":false},"author":2,"featured_media":0,"comment_status":"closed","ping_status":"open","sticky":false,"template":"","format":"standard","meta":[],"categories":[53],"tags":[],"_links":{"self":[{"href":"https:\/\/www.satiricon.be\/index.php?rest_route=\/wp\/v2\/posts\/23042"}],"collection":[{"href":"https:\/\/www.satiricon.be\/index.php?rest_route=\/wp\/v2\/posts"}],"about":[{"href":"https:\/\/www.satiricon.be\/index.php?rest_route=\/wp\/v2\/types\/post"}],"author":[{"embeddable":true,"href":"https:\/\/www.satiricon.be\/index.php?rest_route=\/wp\/v2\/users\/2"}],"replies":[{"embeddable":true,"href":"https:\/\/www.satiricon.be\/index.php?rest_route=%2Fwp%2Fv2%2Fcomments&post=23042"}],"version-history":[{"count":2,"href":"https:\/\/www.satiricon.be\/index.php?rest_route=\/wp\/v2\/posts\/23042\/revisions"}],"predecessor-version":[{"id":23045,"href":"https:\/\/www.satiricon.be\/index.php?rest_route=\/wp\/v2\/posts\/23042\/revisions\/23045"}],"wp:attachment":[{"href":"https:\/\/www.satiricon.be\/index.php?rest_route=%2Fwp%2Fv2%2Fmedia&parent=23042"}],"wp:term":[{"taxonomy":"category","embeddable":true,"href":"https:\/\/www.satiricon.be\/index.php?rest_route=%2Fwp%2Fv2%2Fcategories&post=23042"},{"taxonomy":"post_tag","embeddable":true,"href":"https:\/\/www.satiricon.be\/index.php?rest_route=%2Fwp%2Fv2%2Ftags&post=23042"}],"curies":[{"name":"wp","href":"https:\/\/api.w.org\/{rel}","templated":true}]}}