{"id":23507,"date":"2023-11-03T18:59:24","date_gmt":"2023-11-03T16:59:24","guid":{"rendered":"https:\/\/www.satiricon.be\/?p=23507"},"modified":"2023-11-03T18:59:24","modified_gmt":"2023-11-03T16:59:24","slug":"un-mouvement-mysterieux-et-unique-en-son-genre-alain-cabantous","status":"publish","type":"post","link":"https:\/\/www.satiricon.be\/?p=23507","title":{"rendered":"\u00ab\u00a0Un mouvement myst\u00e9rieux et unique en son genre.\u00a0\u00bb (Alain Cabantous)"},"content":{"rendered":"\n<div class=\"wp-block-image\"><figure class=\"aligncenter size-full\"><a href=\"https:\/\/www.satiricon.be\/wp-content\/uploads\/2023\/11\/Une-histoire-de-la-Petite-Eglise-en-France-XIXe-XXIe-siecle.png\"><img loading=\"lazy\" width=\"228\" height=\"350\" src=\"https:\/\/www.satiricon.be\/wp-content\/uploads\/2023\/11\/Une-histoire-de-la-Petite-Eglise-en-France-XIXe-XXIe-siecle.png\" alt=\"\" class=\"wp-image-23508\" srcset=\"https:\/\/www.satiricon.be\/wp-content\/uploads\/2023\/11\/Une-histoire-de-la-Petite-Eglise-en-France-XIXe-XXIe-siecle.png 228w, https:\/\/www.satiricon.be\/wp-content\/uploads\/2023\/11\/Une-histoire-de-la-Petite-Eglise-en-France-XIXe-XXIe-siecle-195x300.png 195w\" sizes=\"(max-width: 228px) 100vw, 228px\" \/><\/a><\/figure><\/div>\n\n\n\n<p>Agr\u00e9g\u00e9 d&rsquo;histoire et docteur \u00e8s lettres auteur de nombreux ouvrages<a href=\"#_ftn1\" id=\"_ftnref1\">[1]<\/a>, Alain Cabantous (\u00b01946) est un historien moderniste fran\u00e7ais sp\u00e9cialiste d&rsquo;histoire sociale et culturelle, professeur \u00e9m\u00e9rite d\u2019histoire moderne \u00e0 l\u2019universit\u00e9 de Paris&nbsp;I-Panth\u00e9on-Sorbonne dont les travaux portent sur trois axes de recherches principaux dans le cadre de l\u2019Europe du Nord-ouest du d\u00e9but du XVII<sup>e <\/sup>au d\u00e9but du XIX<sup>e<\/sup> si\u00e8cle, \u00e0 savoir&nbsp;:<\/p>\n\n\n\n<p>&#8211; l\u2019histoire des populations maritimes et portuaires&nbsp;; les mondes de la mer<\/p>\n\n\n\n<p>&#8211; l\u2019histoire sociale de la culture (temps, espaces et soci\u00e9t\u00e9&nbsp;: blasph\u00e8me, nuit, dimanche, No\u00ebl)<\/p>\n\n\n\n<p>&#8211; l\u2019histoire urbaine&nbsp;: quartiers et espaces publics<a href=\"#_ftn2\" id=\"_ftnref2\">[2]<\/a>.<\/p>\n\n\n\n<p>Dans <strong><em>Une histoire de la Petite \u00c9glise en France (XIX<sup>e<\/sup>-XXI<sup>e<\/sup> si\u00e8cle)<\/em><\/strong>, un essai tr\u00e8s document\u00e9 publi\u00e9 par les \u00c9ditions du Cerf \u00e0 Paris, il se penche sur un ph\u00e9nom\u00e8ne largement m\u00e9connu du grand public, celui des communaut\u00e9s dissidentes de Bartassiers, d\u2019Enfarin\u00e9s<a href=\"#_ftn3\" id=\"_ftnref3\">[3]<\/a> et autres Louisets<a href=\"#_ftn4\" id=\"_ftnref4\">[4]<\/a> qui, dans l\u2019Hexagone et en Belgique, ont constitu\u00e9 depuis la R\u00e9volution fran\u00e7aise et jusqu\u2019\u00e0 nos jours au sein de l\u2019\u00c9glise catholique une sorte de cinqui\u00e8me colonne compos\u00e9e des descendants de ceux et celles qui refus\u00e8rent la Constitution civile du clerg\u00e9 de 1790 et le Concordat sign\u00e9 en 1801 par le Premier consul Bonaparte et le pape Pie&nbsp;VII en raison du m\u00e9contentement engendr\u00e9 soit dans le chef de certains \u00e9v\u00eaques gallicans de l&rsquo;Ancien R\u00e9gime, en raison de la perte de leur si\u00e8ge \u00e9piscopal, soit au sein de la paysannerie de province \u2013 particuli\u00e8rement dans les r\u00e9gions demeur\u00e9es favorables \u00e0 la royaut\u00e9 \u2013 d\u00e9sorient\u00e9e par les mutations concordataires comme les nouvelles lois sur le mariage, la modification des f\u00eates ch\u00f4m\u00e9es, le red\u00e9coupage des \u00e9v\u00each\u00e9s&#8230; mais surtout par le fait que le pape puisse rompre la cha\u00eene de succession apostolique en d\u00e9mettant un \u00e9v\u00eaque.<\/p>\n\n\n\n<p>Organis\u00e9es dans un premier temps autour d&rsquo;un clerg\u00e9 non concordataire, une quarantaine de communaut\u00e9s locales dissidentes, souvent influenc\u00e9es par le jans\u00e9nisme ou la th\u00e9ologie augustinienne, ont ainsi vu le jour en France, rassemblant jusqu\u2019\u00e0 100&nbsp;000 fid\u00e8les au d\u00e9but du XIX<sup>e<\/sup> si\u00e8cle.<\/p>\n\n\n\n<p>R\u00e9put\u00e9s pour leur grande discr\u00e9tion, leur respect strict des dogmes anciens et leurs pratiques religieuses d\u2019Ancien R\u00e9gime, ces groupes d\u2019opposants minoritaires \u2013 d\u2019o\u00f9 leur appellation autoproclam\u00e9e de \u00ab&nbsp;Petite \u00c9glise&nbsp;\u00bb \u2013 se caract\u00e9risaient (et le font encore) par un manque d\u2019unit\u00e9, une culture d\u2019opposition aux pouvoirs civil et religieux ainsi que par la c\u00e9l\u00e9bration de messes sans pr\u00eatres (en raison de la disparition progressive du clerg\u00e9 non concordataire dont le dernier repr\u00e9sentant est mort en 1852 alors qu\u2019aucun de ses \u00e9v\u00eaques n&rsquo;avait consacr\u00e9 de successeur susceptible d&rsquo;ordonner de nouveaux pr\u00eatres).<\/p>\n\n\n\n<p>La d\u00e9nonciation du Concordat en 1905 et diff\u00e9rentes tentatives de rapprochement n\u2019ont pas modifi\u00e9 la situation de ces communaut\u00e9s vis-\u00e0-vis de l&rsquo;\u00c9glise catholique.<\/p>\n\n\n\n<p>Il a exist\u00e9 une Petite \u00c9glise en Belgique, plus particuli\u00e8rement dans la province de Namur&nbsp;; l&rsquo;abb\u00e9 Gilles-Fran\u00e7ois Theys (1755-1837) fut \u00e0 l&rsquo;origine de ce mouvement qui ne comptait d\u00e9j\u00e0 plus qu&rsquo;un petit nombre de membres la\u00efcs vers 1870, et en compte encore quelques-uns aujourd&rsquo;hui, mais sans clerg\u00e9.<\/p>\n\n\n\n<p>Ajoutons que Wavre, dans le Brabant wallon, abrite le si\u00e8ge international de la \u00ab&nbsp;Petite \u00c9glise Apostolique Vieille Catholique&nbsp;\u00bb. En 2021, cette communaut\u00e9 syro-gallicane de 300 membres, fond\u00e9e \u00e0 l&rsquo;instigation de l&rsquo;eccl\u00e9siastique Corneille Stevens (1747-1828), s\u2019est d\u00e9marqu\u00e9e des autres courants anticoncordataires en ent\u00e9rinant sa communion avec les Petites \u00c9glises orientales par son entr\u00e9e dans la Conf\u00e9rence des \u00c9glises Syriaques Orthodoxes Non-Chalc\u00e9doniennes occidentales (CESONCO).<\/p>\n\n\n\n<p>\u00ab&nbsp;\u2013 \u00c9tonnant, non&nbsp;?&nbsp;\u00bb, aurait dit Pierre Desproges\u2026<\/p>\n\n\n\n<p><strong>P\u00c9TRONE <\/strong><\/p>\n\n\n\n<p class=\"has-small-font-size\"><strong><em>Une histoire de la Petite \u00c9glise en France XIX<sup>e<\/sup>-XXI<sup>e<\/sup> si\u00e8cle <\/em><\/strong>par Alain Cabantous, Paris, Les \u00c9ditions du Cerf, octobre 2023, 258&nbsp;pp. en noir et blanc au format 15&nbsp;x&nbsp;23&nbsp;cm sous couverture broch\u00e9e en couleurs, 26&nbsp;\u20ac (prix France)<\/p>\n\n\n\n<p class=\"has-text-align-center\"><strong>TABLE DES MATI\u00c8RES<\/strong><\/p>\n\n\n\n<p>Introduction : Saisir l\u2019insaisissable&nbsp;?<\/p>\n\n\n\n<p><strong>Chapitre 1. &#8211; Histoires d\u2019une histoire<\/strong><\/p>\n\n\n\n<p>Pour une histoire r\u00e9gressive<\/p>\n\n\n\n<p><em>Les effets du Concordat<\/em><\/p>\n\n\n\n<p><em>Apr\u00e8s la Constitution civile du clerg\u00e9<\/em><\/p>\n\n\n\n<p><em>L\u2019h\u00e9ritage du jans\u00e9nisme<\/em><\/p>\n\n\n\n<p><em>Jeu de couple&nbsp;: politique et religion<\/em><\/p>\n\n\n\n<p>Deux lieux et trois temps d\u2019une histoire longue<\/p>\n\n\n\n<p><em>Bataille de mitres ou le territoire de l\u2019exil<\/em><\/p>\n\n\n\n<p><em>Des pr\u00eatres sans \u00e9v\u00eaques ou le territoire de l\u2019affirmation<\/em><\/p>\n\n\n\n<p><em>Le temps des fid\u00e8les ou le territoire de l\u2019incertain<\/em><\/p>\n\n\n\n<p><strong>Chapitre 2. &#8211; G\u00e9ographies religieuses<\/strong><\/p>\n\n\n\n<p>\u00c9tat des lieux<\/p>\n\n\n\n<p><em>Enseignement topographique<\/em><\/p>\n\n\n\n<p><em>L\u2019empreinte \u00e9quivoque de l\u2019\u00e9v\u00e9nement<\/em><\/p>\n\n\n\n<p>Les tourments du paysage<\/p>\n\n\n\n<p>Le terrain des acteurs<\/p>\n\n\n\n<p><em>Des pr\u00eatres et\u2026 des la\u00efcs<\/em><\/p>\n\n\n\n<p><em>Trac\u00e9s de gens en marche<\/em><\/p>\n\n\n\n<p><strong>Chapitre 3. &#8211; Bouleversements eccl\u00e9siologiques<\/strong><\/p>\n\n\n\n<p>La contradiction des pratiques<\/p>\n\n\n\n<p><em>Maintien du syst\u00e8me<\/em><\/p>\n\n\n\n<p><em>Statuts antinomiques<\/em><\/p>\n\n\n\n<p>Poursuivre le minist\u00e8re sacerdotal<\/p>\n\n\n\n<p>Miracles, proph\u00e9ties et fin du monde<\/p>\n\n\n\n<p><em>Entre secours et miracles<\/em><\/p>\n\n\n\n<p><em>Proph\u00e9ties et fin des temps<\/em><\/p>\n\n\n\n<p><em>Divisions<\/em><\/p>\n\n\n\n<p><strong>Chapitre 4. &#8211; Une autre soci\u00e9t\u00e9 religieuse<\/strong><\/p>\n\n\n\n<p>Un monde brouill\u00e9&nbsp;?<\/p>\n\n\n\n<p><em>Soci\u00e9t\u00e9s \u00e9clat\u00e9es<\/em><\/p>\n\n\n\n<p><em>\u00c9glise sans pr\u00eatres<\/em><\/p>\n\n\n\n<p>Des hommes et des femmes&nbsp;: une originalit\u00e9 assum\u00e9e<\/p>\n\n\n\n<p><em>H\u00e9ritages et prolongements<\/em><\/p>\n\n\n\n<p><em>L\u2019autre moiti\u00e9 du ciel<\/em><\/p>\n\n\n\n<p><strong>Chapitre 5. &#8211; La modernit\u00e9 comme tradition<\/strong><\/p>\n\n\n\n<p>Captations sacramentelles ou le pragmatisme \u00e0 l\u2019\u0153uvre<\/p>\n\n\n\n<p><em>Sacrements recevables<\/em><\/p>\n\n\n\n<p><em>Une trilogie sacramentelle<\/em><\/p>\n\n\n\n<p>Les rythmes du temps<\/p>\n\n\n\n<p><em>Jours, dimanches et f\u00eates<\/em><\/p>\n\n\n\n<p><em>Autres lieux, autres temps.<\/em><\/p>\n\n\n\n<p><strong>Chapitre 6. &#8211; Malgr\u00e9 tout\u2026 survivre<\/strong><\/p>\n\n\n\n<p>Des isolats aux reliquats<\/p>\n\n\n\n<p><em>Saisies incertaines<\/em><\/p>\n\n\n\n<p><em>Les agents des d\u00e9clins<\/em><\/p>\n\n\n\n<p>Portrait de groupe<\/p>\n\n\n\n<p><em>Une culture clandestine<\/em><\/p>\n\n\n\n<p><em>M\u00e9moire et histoire<\/em><\/p>\n\n\n\n<p><em>Les marges \u00e0 l\u2019\u0153uvre<\/em><\/p>\n\n\n\n<p><strong>Chapitre 7.- Eux et les autres<\/strong><\/p>\n\n\n\n<p>Les marques du refus<\/p>\n\n\n\n<p><em>Fuir les catholiques<\/em><\/p>\n\n\n\n<p><em>Conflits<\/em><\/p>\n\n\n\n<p>Contre courants assum\u00e9s<\/p>\n\n\n\n<p>&nbsp;(Des)int\u00e9grations<\/p>\n\n\n\n<p><em>D\u00e9placements contemporains<\/em><\/p>\n\n\n\n<p><em>Et toujours la mort pour finir<\/em><\/p>\n\n\n\n<p>Conclusion. &#8211; De quoi la Petite \u00c9glise est-elle le nom&nbsp;?<\/p>\n\n\n\n<p><em>Sources imprim\u00e9es et bibliographie<\/em><\/p>\n\n\n\n<p><em>Index des noms de lieux<\/em><\/p>\n\n\n\n<hr class=\"wp-block-separator\" \/>\n\n\n\n<p><a href=\"#_ftnref1\" id=\"_ftn1\">[1]<\/a> <em>La mer et les hommes. P\u00eacheurs et matelots dunkerquois de Louis&nbsp;XIV \u00e0 la R\u00e9volution<\/em> (1980)&nbsp;; <em>Histoire de Dunkerque<\/em> (direction et participation, 1983)&nbsp;; <em>La Vergue et les Fers. Mutins et d\u00e9serteurs dans la marine de l\u2019ancienne France<\/em> (1984)&nbsp;; <em>Dix mille marins face \u00e0 l\u2019Oc\u00e9an aux XVII<sup>e<\/sup> et XVIII<sup>e<\/sup>&nbsp;si\u00e8cles<\/em> (1991)&nbsp;; <em>Foi chr\u00e9tienne et Milieux maritimes, XV<sup>e<\/sup>-XX<sup>e<\/sup>&nbsp;si\u00e8cles<\/em> (co-\u00e9dit\u00e9 avec Fran\u00e7oise Hildesheimer, 1989)&nbsp;; <em>Le Ciel dans la Mer. Christianisme et Civilisation maritime. XVI<sup>e<\/sup>-XIX<sup>e<\/sup>&nbsp;si\u00e8cles<\/em> (1990)&nbsp;; <em>Les c\u00f4tes barbares. Pillages riverains et soci\u00e9t\u00e9s littorales. 1680-1830<\/em> (1993)&nbsp;; <em>Les citoyens du large. Les identit\u00e9s maritimes en France. XVII<sup>e<\/sup>-XIX<sup>e<\/sup>&nbsp;si\u00e8cles <\/em>(1995)&nbsp;;<\/p>\n\n\n\n<p><em>L\u2019histoire du blasph\u00e8me en Occident, fin XVI<sup>e<\/sup>-milieu XIX<sup>e<\/sup>&nbsp;si\u00e8cle<\/em> (1998, 2015)&nbsp;; <em>Entre f\u00eates et clochers. Profane et sacr\u00e9 dans l\u2019Europe moderne. XVII<sup>e<\/sup>-XVIII<sup>e<\/sup>&nbsp;si\u00e8cles<\/em> (2002)&nbsp;; <em>Mythologies urbaines. Les villes entre histoire et imaginaire <\/em>(dir., 2004)&nbsp;; <em>Les Fran\u00e7ais, la terre et la mer. XIII<sup>e<\/sup>-XX<sup>e<\/sup>si\u00e8cles <\/em>(codirection avec Andr\u00e9 Lespagnol et Fran\u00e7oise P\u00e9ron, 2005)&nbsp;; <em>Histoire de la nuit. xvii<sup>e<\/sup>-xviii<sup>e<\/sup> si\u00e8cles <\/em>(2009)&nbsp;; <em>Mer et montagne dans la culture europ\u00e9enne. XVI<sup>e<\/sup>-XIX<sup>e<\/sup> si\u00e8cles (<\/em>co-\u00e9d., 2011)&nbsp;; <em>Le dimanche, une histoire, Europe occidentale. 1600-1830 <\/em>(2013)&nbsp;; <em>\u00catre marin. Europe occidentale, 1550-1850<\/em> (avec Gilbert Buti, 2016)&nbsp;; <em>No\u00ebl, une si longue histoire<\/em> (avec Fran\u00e7ois Walter, 2016)&nbsp;; <em>Les ombres de Clio. Recherches sur les nuits historiques. XVII<sup>e<\/sup>-XX<sup>e&nbsp;<\/sup>si\u00e8cles<\/em> (dir., 2018)&nbsp;; <em>de Charybde en Scylla. Risques et fortunes de mer du XVI<sup>e&nbsp;<\/sup>si\u00e8cle \u00e0 nos jours<\/em> (avec Gilbert Buti, 2018)&nbsp;; <em>Les tentations de la chair. Virginit\u00e9 et chastet\u00e9. XVI<sup>e<\/sup>-XXI<sup>e<\/sup>&nbsp;si\u00e8cles <\/em>(avec Fran\u00e7ois Walter, 2020)&nbsp;; <em>Les mutins de la mer. R\u00e9bellions maritimes et portuaires en Europe occidentales. XVII<sup>e<\/sup>-XVIII<sup>e&nbsp;<\/sup>si\u00e8cles <\/em>(avec Gilbert Buti, 2022).<\/p>\n\n\n\n<p><a href=\"#_ftnref2\" id=\"_ftn2\">[2]<\/a>[2] https:\/\/fr.wikipedia.org\/wiki\/Alain_Cabantous<\/p>\n\n\n\n<p><a href=\"#_ftnref3\" id=\"_ftn3\">[3]<\/a> Les membres de ces communaut\u00e9s aveyronnaises furent surnomm\u00e9s les Enfarin\u00e9s parce qu&rsquo;ils gardaient les cheveux longs et poudr\u00e9s \u00e0 la mode de l&rsquo;Ancien R\u00e9gime.<\/p>\n\n\n\n<p><a href=\"#_ftnref4\" id=\"_ftn4\">[4]<\/a> Ce nom provient de celui du dernier lieu de culte public o\u00f9 se r\u00e9unissaient les membres de cette communaut\u00e9 bretonne, la chapelle de l&rsquo;h\u00f4pital Saint-Louis de Foug\u00e8res.<\/p>\n","protected":false},"excerpt":{"rendered":"<p>Par P\u00e9trone.<\/p>\n","protected":false},"author":2,"featured_media":0,"comment_status":"closed","ping_status":"open","sticky":false,"template":"","format":"standard","meta":[],"categories":[51,11],"tags":[],"_links":{"self":[{"href":"https:\/\/www.satiricon.be\/index.php?rest_route=\/wp\/v2\/posts\/23507"}],"collection":[{"href":"https:\/\/www.satiricon.be\/index.php?rest_route=\/wp\/v2\/posts"}],"about":[{"href":"https:\/\/www.satiricon.be\/index.php?rest_route=\/wp\/v2\/types\/post"}],"author":[{"embeddable":true,"href":"https:\/\/www.satiricon.be\/index.php?rest_route=\/wp\/v2\/users\/2"}],"replies":[{"embeddable":true,"href":"https:\/\/www.satiricon.be\/index.php?rest_route=%2Fwp%2Fv2%2Fcomments&post=23507"}],"version-history":[{"count":1,"href":"https:\/\/www.satiricon.be\/index.php?rest_route=\/wp\/v2\/posts\/23507\/revisions"}],"predecessor-version":[{"id":23509,"href":"https:\/\/www.satiricon.be\/index.php?rest_route=\/wp\/v2\/posts\/23507\/revisions\/23509"}],"wp:attachment":[{"href":"https:\/\/www.satiricon.be\/index.php?rest_route=%2Fwp%2Fv2%2Fmedia&parent=23507"}],"wp:term":[{"taxonomy":"category","embeddable":true,"href":"https:\/\/www.satiricon.be\/index.php?rest_route=%2Fwp%2Fv2%2Fcategories&post=23507"},{"taxonomy":"post_tag","embeddable":true,"href":"https:\/\/www.satiricon.be\/index.php?rest_route=%2Fwp%2Fv2%2Ftags&post=23507"}],"curies":[{"name":"wp","href":"https:\/\/api.w.org\/{rel}","templated":true}]}}