{"id":23861,"date":"2024-03-24T22:11:23","date_gmt":"2024-03-24T20:11:23","guid":{"rendered":"https:\/\/www.satiricon.be\/?p=23861"},"modified":"2024-03-24T22:11:23","modified_gmt":"2024-03-24T20:11:23","slug":"une-lecture-de-la-vie","status":"publish","type":"post","link":"https:\/\/www.satiricon.be\/?p=23861","title":{"rendered":"Une lecture de la vie\u2026"},"content":{"rendered":"\n<div class=\"wp-block-image\"><figure class=\"aligncenter size-full\"><a href=\"https:\/\/www.satiricon.be\/wp-content\/uploads\/2024\/03\/Mon-Bloc-Notes.jpg\"><img loading=\"lazy\" width=\"219\" height=\"350\" src=\"https:\/\/www.satiricon.be\/wp-content\/uploads\/2024\/03\/Mon-Bloc-Notes.jpg\" alt=\"\" class=\"wp-image-23862\" srcset=\"https:\/\/www.satiricon.be\/wp-content\/uploads\/2024\/03\/Mon-Bloc-Notes.jpg 219w, https:\/\/www.satiricon.be\/wp-content\/uploads\/2024\/03\/Mon-Bloc-Notes-188x300.jpg 188w\" sizes=\"(max-width: 219px) 100vw, 219px\" \/><\/a><\/figure><\/div>\n\n\n\n<p>Bien connu de ses compatriotes belges francophones, Jacques Mercier (\u00b01943) est un journaliste, \u00e9crivain et homme de t\u00e9l\u00e9vision et de radio qui a \u0153uvr\u00e9 sur les ondes et les \u00e9crans de la RTBF entre 1963 et 2008.<\/p>\n\n\n\n<p>On se souvient, par exemple des \u00e9missions radio intitul\u00e9es <em>Dimanche Musique<\/em>, <em>Le Jeu des Dictionnaires<\/em> ou <em>La semaine infernale<\/em> et, \u00e0 la t\u00e9l\u00e9vision, de <em>Forts en T\u00eate<\/em>, <em>Monsieur Dictionnaire<\/em> (en duo avec Philippe Geluck) et <em>C\u2019est archiv\u00e9 pr\u00e8s de chez vous<\/em>.<\/p>\n\n\n\n<p>Il est aussi l\u2019auteur de plus de 60 livres aux th\u00e9matiques et aux formes vari\u00e9es, allant du chocolat \u00e0 la grammaire fran\u00e7aise et du roman aux ha\u00efkus.<\/p>\n\n\n\n<p>C\u2019est \u00e9galement un grand connaisseur de la musique de jazz qu\u2019il \u00e9voque dans des spectacles-conf\u00e9rences avec son fils St\u00e9phane, un saxophoniste c\u00e9l\u00e8bre jusqu\u2019\u00e0 New York.<\/p>\n\n\n\n<p>Cette vie bien remplie est \u00e9voqu\u00e9e dans <strong><em>Mon Bloc-Notes<\/em><\/strong> qui para\u00eet chez Amazon.fr<a href=\"#_ftn1\" id=\"_ftnref1\">[1]<\/a>, un recueil de r\u00e9flexions et d\u2019\u00e9vocations au fil de l\u2019eau et du vent \u00e0 la mani\u00e8re des <em>Choses vues<\/em> de Victor Hugo, du <em>Journal<\/em> de Jules Renard ou de <em>Je me souviens<\/em> de Georges Perec.<\/p>\n\n\n\n<p>Extraits&nbsp;:<\/p>\n\n\n\n<p><em>Dans les ann\u00e9es 1960, nous \u00e9tions fascin\u00e9s par les \u00e9missions du conf\u00e9rencier fran\u00e7ais Henri Guillemin. Pour les \u00e9l\u00e8ves journalistes que nous \u00e9tions, on le donnait en exemple de charisme dans la sobri\u00e9t\u00e9. Seul un l\u00e9ger zoom \u00e9largissait lentement son buste et son visage aux lunettes s\u00e9v\u00e8res, en plan am\u00e9ricain, durant la vingtaine de minutes de sa causerie. Il nous transmettait ainsi la passion de la R\u00e9volution fran\u00e7aise, de Jeanne d\u2019Arc ou de Tolsto\u00ef.<\/em><\/p>\n\n\n\n<p><em>Un des moments les plus bouleversants de ma vie fut une visite \u00e0 une clinique psychiatrique, celle de Fond\u2019Roy \u00e0 Uccle. \u00c0 la demande d\u2019un des m\u00e9decins responsables, j\u2019ai parl\u00e9 de l\u2019amour \u00e0 des adolescentes qui avaient \u00e9t\u00e9 maltrait\u00e9es, abus\u00e9es et viol\u00e9es.<\/em><\/p>\n\n\n\n<p><em>Quand on est homme de m\u00e9dias, on peut aussi mesurer le temps qui passe aux r\u00e9actions&nbsp;: \u00ab&nbsp;Je vous \u00e9coutais enfant dans la voiture&nbsp;\u00bb&nbsp;; \u00ab&nbsp;Ma m\u00e8re \u00e9tait fan de votre \u00e9mission de t\u00e9l\u00e9&nbsp;\u00bb&nbsp;; \u00ab&nbsp;Mon grand-p\u00e8re nous a racont\u00e9 les fous rires du dimanche soir&nbsp;!&nbsp;\u00bb<\/em><\/p>\n\n\n\n<p><em>Georges Brassens raconte qu\u2019avant, on appelait les premiers cheveux blancs des p\u00e2querettes de cimeti\u00e8re.<\/em><\/p>\n\n\n\n<p><em>Au Japon, o\u00f9 l\u2019on meurt de kar\u00f4shi, par surmenage, par d\u00e9passement du travail, existe un Club de la Paresse.<\/em><\/p>\n\n\n\n<p><em>Le mot de Louis XIV en parlant avec Le N\u00f4tre des jardins de Versailles&nbsp;: \u00ab&nbsp;Vous y mettrez un peu d\u2019enfance&nbsp;\u00bb.<\/em><\/p>\n\n\n\n<p>Joli, n\u2019est-il pas&nbsp;?<\/p>\n\n\n\n<p><strong>P\u00c9TRONE <\/strong><\/p>\n\n\n\n<p class=\"has-small-font-size\"><strong><em>Mon Bloc-Notes <\/em><\/strong>par Jacques Mercier, Amazon.fr, mars&nbsp;2024, 224&nbsp;pp. en noir et blanc au format 12,7&nbsp;x&nbsp;20,4&nbsp;cm sous couverture broch\u00e9e en couleurs, 13,70&nbsp;\u20ac (prix France)<\/p>\n\n\n\n<hr class=\"wp-block-separator\" \/>\n\n\n\n<p><a href=\"#_ftnref1\" id=\"_ftn1\">[1]<\/a> https:\/\/www.amazon.fr\/Mon-Bloc-Notes-Jacques-Mercier\/dp\/B0CX21CHVB\/ref=sr_1_1?crid=2B85GHVPTXEDE&amp;dib=eyJ2IjoiMSJ9.a9QOFuWpBrMVkf-cnNKkgQ.HJ7tPpWtbyNVmK7j9BqYs0Y7FUZZH3e59puGLIa_uK0&amp;dib_tag=se&amp;keywords=mon+bloc-notes+jacques+mercier&amp;qid=1711310892&amp;sprefix=Mon+Bloc-%2Caps%2C497&amp;sr=8-1<\/p>\n","protected":false},"excerpt":{"rendered":"<p>Par P\u00e9trone.<\/p>\n","protected":false},"author":2,"featured_media":0,"comment_status":"closed","ping_status":"open","sticky":false,"template":"","format":"standard","meta":[],"categories":[49,11],"tags":[],"_links":{"self":[{"href":"https:\/\/www.satiricon.be\/index.php?rest_route=\/wp\/v2\/posts\/23861"}],"collection":[{"href":"https:\/\/www.satiricon.be\/index.php?rest_route=\/wp\/v2\/posts"}],"about":[{"href":"https:\/\/www.satiricon.be\/index.php?rest_route=\/wp\/v2\/types\/post"}],"author":[{"embeddable":true,"href":"https:\/\/www.satiricon.be\/index.php?rest_route=\/wp\/v2\/users\/2"}],"replies":[{"embeddable":true,"href":"https:\/\/www.satiricon.be\/index.php?rest_route=%2Fwp%2Fv2%2Fcomments&post=23861"}],"version-history":[{"count":1,"href":"https:\/\/www.satiricon.be\/index.php?rest_route=\/wp\/v2\/posts\/23861\/revisions"}],"predecessor-version":[{"id":23863,"href":"https:\/\/www.satiricon.be\/index.php?rest_route=\/wp\/v2\/posts\/23861\/revisions\/23863"}],"wp:attachment":[{"href":"https:\/\/www.satiricon.be\/index.php?rest_route=%2Fwp%2Fv2%2Fmedia&parent=23861"}],"wp:term":[{"taxonomy":"category","embeddable":true,"href":"https:\/\/www.satiricon.be\/index.php?rest_route=%2Fwp%2Fv2%2Fcategories&post=23861"},{"taxonomy":"post_tag","embeddable":true,"href":"https:\/\/www.satiricon.be\/index.php?rest_route=%2Fwp%2Fv2%2Ftags&post=23861"}],"curies":[{"name":"wp","href":"https:\/\/api.w.org\/{rel}","templated":true}]}}