{"id":23963,"date":"2024-05-09T14:36:13","date_gmt":"2024-05-09T12:36:13","guid":{"rendered":"https:\/\/www.satiricon.be\/?p=23963"},"modified":"2024-05-09T14:36:13","modified_gmt":"2024-05-09T12:36:13","slug":"le-triomphe-de-la-volonte","status":"publish","type":"post","link":"https:\/\/www.satiricon.be\/?p=23963","title":{"rendered":"Le triomphe de la volont\u00e9&#8230;"},"content":{"rendered":"\n<div class=\"wp-block-image\"><figure class=\"aligncenter size-full\"><a href=\"https:\/\/www.satiricon.be\/wp-content\/uploads\/2024\/05\/Le-choix-dEdith-\u2013-Un-hymne-a-la-vie.jpg\"><img loading=\"lazy\" width=\"219\" height=\"350\" src=\"https:\/\/www.satiricon.be\/wp-content\/uploads\/2024\/05\/Le-choix-dEdith-\u2013-Un-hymne-a-la-vie.jpg\" alt=\"\" class=\"wp-image-23964\" srcset=\"https:\/\/www.satiricon.be\/wp-content\/uploads\/2024\/05\/Le-choix-dEdith-\u2013-Un-hymne-a-la-vie.jpg 219w, https:\/\/www.satiricon.be\/wp-content\/uploads\/2024\/05\/Le-choix-dEdith-\u2013-Un-hymne-a-la-vie-188x300.jpg 188w\" sizes=\"(max-width: 219px) 100vw, 219px\" \/><\/a><\/figure><\/div>\n\n\n\n<p>PhD (1978) en psychologie clinique de l\u2019universit\u00e9 du Texas \u00e0 El Paso, intervenante \u00e0 l\u2019universit\u00e9 de Californie \u00e0 San Diego, consultante pour l\u2019<em>US Army <\/em>et la <em>Navy<\/em>, Edith Eva Elef\u00e1nt, \u00e9pouse Eger, n\u00e9e en 1927 \u00e0 Ko\u0161ice en Tch\u00e9coslovaquie, est une juive hongroise survivante de la Shoah.<\/p>\n\n\n\n<p>\u00c2g\u00e9e de 16 ans, elle a \u00e9t\u00e9 d\u00e9port\u00e9e de Budapest \u00e0 Auschwitz en mai 1944 avec ses parents qui y sont morts gaz\u00e9s, puis en Autriche \u00e0 Mauthausen et, enfin, apr\u00e8s une marche de la mort de 55&nbsp;kilom\u00e8tres, \u00e0 Gunskirchen o\u00f9, en mai 1945, \u00e0 la lib\u00e9ration de ce au camp de concentration, elle fut laiss\u00e9e pour morte dans un monceau de cadavres avant d\u2019\u00eatre sauv\u00e9e <em>in extremis<\/em> par un soldat am\u00e9ricain qui l\u2019avait vue bouger une main.<\/p>\n\n\n\n<p>Elle ne pesait alors plus que 32 kilos tout en souffrant d\u2019une fracture dans le dos, de fi\u00e8vre typho\u00efde, de pneumonie et de pleur\u00e9sie.<\/p>\n\n\n\n<p>Dot\u00e9e de la volont\u00e9 farouche de comprendre et de surmonter ce qui lui \u00e9tait advenu, elle gu\u00e9rit, se maria, \u00e9migra aux \u00c9tats-Unis, donna la vie \u00e0 trois enfants contre l\u2019avis de ses m\u00e9decins, rencontra le psychiatre Viktor Frankl (1905-1997, p\u00e8re de l\u2019\u00e9cole de logoth\u00e9rapie qui consid\u00e8re que la recherche du sens de la vie est une force motivationnelle centrale chez l\u2019\u00eatre humain), suivit une th\u00e9rapie, entreprit des \u00e9tudes universitaires, couronn\u00e9es de succ\u00e8s, pour comprendre le moteur de sa survie et celui des monstres qu\u2019elle a c\u00f4toy\u00e9s (gardiens de camps, kapos, le docteur Josef Mengele\u2026) avant d\u2019ouvrir un cabinet de psychologie clinique \u00e0 La Jolla en Californie dans lequel elle transforma le choc de l\u2019horreur en une formidable \u00e9nergie vitale au service des traumatis\u00e9s de l\u2019existence&nbsp;\u2013&nbsp;soldats en plein chaos, femmes battues ou viol\u00e9es, enfants en profonde souffrance&nbsp;\u2013&nbsp;qu\u2019elle aida \u00e0 ouvrir les portes des prisons int\u00e9rieures qu\u2019ils s\u2019\u00e9taient cr\u00e9\u00e9es, une somme d\u2019exp\u00e9riences et de t\u00e9moignages dont elle fait le r\u00e9cit d\u00e9taill\u00e9 dans <strong><em>Le choix d&rsquo;Edith&nbsp;\u2013&nbsp;Un hymne \u00e0 la vie<\/em><\/strong> paru chez JC Latt\u00e8s \u00e0 Paris.<\/p>\n\n\n\n<p>\u00c9poustouflant&nbsp;!<\/p>\n\n\n\n<p><strong>P\u00c9TRONE<\/strong><\/p>\n\n\n\n<p class=\"has-small-font-size\"><strong><em>Le choix d&rsquo;Edith \u2013 Un hymne \u00e0 la vie <\/em><\/strong>par Edith Eva Eger avec Esm\u00e9 Schwall Weigand, ouvrage traduit de l\u2019anglais par Johan-Fr\u00e9d\u00e9rik Hel Guedj, avant-propos de Philip Zimbardo, Paris, \u00c9ditions JC Latt\u00e8s, janvier&nbsp;2018, collection \u00ab&nbsp;Essais et documents&nbsp;\u00bb, 436&nbsp;pp. en noir et blanc au format 13,5&nbsp;x&nbsp;21,5&nbsp;cm sous couverture broch\u00e9e en couleurs, 22,50&nbsp;\u20ac (prix France)<\/p>\n","protected":false},"excerpt":{"rendered":"<p>Par P\u00e9trone.<\/p>\n","protected":false},"author":2,"featured_media":0,"comment_status":"closed","ping_status":"open","sticky":false,"template":"","format":"standard","meta":[],"categories":[49,11,56],"tags":[],"_links":{"self":[{"href":"https:\/\/www.satiricon.be\/index.php?rest_route=\/wp\/v2\/posts\/23963"}],"collection":[{"href":"https:\/\/www.satiricon.be\/index.php?rest_route=\/wp\/v2\/posts"}],"about":[{"href":"https:\/\/www.satiricon.be\/index.php?rest_route=\/wp\/v2\/types\/post"}],"author":[{"embeddable":true,"href":"https:\/\/www.satiricon.be\/index.php?rest_route=\/wp\/v2\/users\/2"}],"replies":[{"embeddable":true,"href":"https:\/\/www.satiricon.be\/index.php?rest_route=%2Fwp%2Fv2%2Fcomments&post=23963"}],"version-history":[{"count":1,"href":"https:\/\/www.satiricon.be\/index.php?rest_route=\/wp\/v2\/posts\/23963\/revisions"}],"predecessor-version":[{"id":23965,"href":"https:\/\/www.satiricon.be\/index.php?rest_route=\/wp\/v2\/posts\/23963\/revisions\/23965"}],"wp:attachment":[{"href":"https:\/\/www.satiricon.be\/index.php?rest_route=%2Fwp%2Fv2%2Fmedia&parent=23963"}],"wp:term":[{"taxonomy":"category","embeddable":true,"href":"https:\/\/www.satiricon.be\/index.php?rest_route=%2Fwp%2Fv2%2Fcategories&post=23963"},{"taxonomy":"post_tag","embeddable":true,"href":"https:\/\/www.satiricon.be\/index.php?rest_route=%2Fwp%2Fv2%2Ftags&post=23963"}],"curies":[{"name":"wp","href":"https:\/\/api.w.org\/{rel}","templated":true}]}}