{"id":24301,"date":"2024-10-18T14:49:55","date_gmt":"2024-10-18T12:49:55","guid":{"rendered":"https:\/\/www.satiricon.be\/?p=24301"},"modified":"2024-10-18T15:01:25","modified_gmt":"2024-10-18T13:01:25","slug":"celui-qui-se-connait-est-seul-maitre-de-soi-pierre-de-ronsard","status":"publish","type":"post","link":"https:\/\/www.satiricon.be\/?p=24301","title":{"rendered":"\u00ab\u00a0Celui qui se conna\u00eet est seul ma\u00eetre de soi.\u00a0\u00bb (Pierre de Ronsard)"},"content":{"rendered":"\n<div class=\"wp-block-image\"><figure class=\"aligncenter size-full\"><a href=\"https:\/\/www.satiricon.be\/wp-content\/uploads\/2024\/10\/Dictionnaire-de-Pierre-de-Ronsard.jpg\"><img loading=\"lazy\" width=\"231\" height=\"350\" src=\"https:\/\/www.satiricon.be\/wp-content\/uploads\/2024\/10\/Dictionnaire-de-Pierre-de-Ronsard.jpg\" alt=\"\" class=\"wp-image-24302\" srcset=\"https:\/\/www.satiricon.be\/wp-content\/uploads\/2024\/10\/Dictionnaire-de-Pierre-de-Ronsard.jpg 231w, https:\/\/www.satiricon.be\/wp-content\/uploads\/2024\/10\/Dictionnaire-de-Pierre-de-Ronsard-198x300.jpg 198w\" sizes=\"(max-width: 231px) 100vw, 231px\" \/><\/a><\/figure><\/div>\n\n\n\n<p>Fran\u00e7ois Rouget est professeur de litt\u00e9rature fran\u00e7aise \u00e0 la Queen\u2019s University (Kingston, Canada). Il a entre autres publi\u00e9 <em>Bibliographie des \u00c9crivains fran\u00e7ais&nbsp;: Pierre de Ronsard <\/em>(2005) et <em>Ronsard et le Livre <\/em>(2&nbsp;tomes, 2010-2012), <em>Ronsard et la fabrique des <\/em>Po\u00ebmes, (2020).<\/p>\n\n\n\n<p>Il a dirig\u00e9 51 sp\u00e9cialistes internationaux de po\u00e9sie fran\u00e7aise de la Renaissance, d\u2019historiens du livre et de musicologues enseignant dans des universit\u00e9s d\u2019Europe et d\u2019Am\u00e9rique du Nord pour la r\u00e9daction du <strong><em>Dictionnaire de Pierre de Ronsard<\/em><\/strong> qui repara\u00eet chez Honor\u00e9 Champion \u00e0 Paris, un outil aussi pr\u00e9cieux qu\u2019indispensable pour qui s\u2019int\u00e9resse \u00e0 la vie et aux \u00e9crits du \u00ab&nbsp;prince des po\u00e8tes et po\u00e8te des princes&nbsp;\u00bb fran\u00e7ais.<\/p>\n\n\n\n<p>N\u00e9 il y a cinq si\u00e8cles, Pierre de Ronsard (1524-1585), \u00e9crivain de La Pl\u00e9iade<a href=\"#_ftn1\" id=\"_ftnref1\">[1]<\/a> et po\u00e8te de l\u2019amour, a produit une \u0153uvre importante constitu\u00e9e de po\u00e9sie engag\u00e9e et officielle li\u00e9e aux guerres de Religion<a href=\"#_ftn2\" id=\"_ftnref2\">[2]<\/a> avec <em>Les Hymnes<\/em> <em>et les Discours <\/em>(1555-1564), d\u2019une \u00e9pop\u00e9e avec <em>La Franciade<\/em> (1572) et de po\u00e9sie lyrique avec le recueil <em>Les Odes<\/em> (1550-1552) et ceux des <em>Amours<\/em> (<em>Les Amours de Cassandre<\/em>, 1552&nbsp;; <em>Continuation des amours<\/em>, 1555&nbsp;; <em>Sonnets pour H\u00e9l\u00e8ne<\/em>, 1578).<\/p>\n\n\n\n<p>L\u2019un de ses po\u00e8mes les plus c\u00e9l\u00e8bres est <em>Mignonne, allons voir si la rose<\/em>, une ode \u00e0 Cassandre inspir\u00e9e du po\u00e8te latin Ausone<a href=\"#_ftn3\" id=\"_ftnref3\">[3]<\/a> et r\u00e9dig\u00e9e en juillet 1545&nbsp;:<\/p>\n\n\n\n<p>Mignonne, allons voir si la rose<\/p>\n\n\n\n<p>Qui ce matin avoit desclose<\/p>\n\n\n\n<p>Sa robe de pourpre au Soleil,<\/p>\n\n\n\n<p>A point perdu ceste vespr\u00e9e<\/p>\n\n\n\n<p>Les plis de sa robe pourpr\u00e9e,<\/p>\n\n\n\n<p>Et son teint au vostre pareil.<\/p>\n\n\n\n<p class=\"has-text-align-right\">Las&nbsp;! voyez comme en peu d\u2019espace,<\/p>\n\n\n\n<p class=\"has-text-align-right\">Mignonne, elle a dessus la place<\/p>\n\n\n\n<p class=\"has-text-align-right\">Las&nbsp;! las&nbsp;! ses beautez laiss\u00e9 cheoir&nbsp;!<\/p>\n\n\n\n<p class=\"has-text-align-right\">\u00d4 vrayment marastre Nature,<\/p>\n\n\n\n<p class=\"has-text-align-right\">Puis qu\u2019une telle fleur ne dure<\/p>\n\n\n\n<p class=\"has-text-align-right\">Que du matin jusques au soir\u00a0!<\/p>\n\n\n\n<p class=\"has-text-align-left\">Donc, si vous me croyez, mignonne,<\/p>\n\n\n\n<p>Tandis que vostre \u00e2ge fleuronne<\/p>\n\n\n\n<p>En sa plus verte nouveaut\u00e9,<\/p>\n\n\n\n<p>Cueillez, cueillez vostre jeunesse&nbsp;:<\/p>\n\n\n\n<p>Comme \u00e0 ceste fleur la vieillesse<\/p>\n\n\n\n<p>Fera ternir vostre beaut\u00e9.<\/p>\n\n\n\n<p>Ouvrage de r\u00e9f\u00e9rence d\u2019utilisation ais\u00e9e, ce <em>Dictionnaire de Pierre de Ronsard<\/em> rec\u00e8le plus de 500&nbsp;notices synth\u00e9tiques, pr\u00e9sent\u00e9es par ordre alphab\u00e9tique avec un syst\u00e8me de renvois entre elles, traitant de notions vari\u00e9es (d\u2019<em>Abeille<\/em> \u00e0 <em>Zamariel<\/em> en passant par <em>Arioste<\/em>, <em>Blason<\/em>, <em>Charles Quint<\/em>, <em>F\u00eates de cour<\/em>, <em>Italianismes<\/em>, <em>\u00c9tienne Jodelle<\/em>, <em>Laideur<\/em>, <em>Mythologie<\/em>, <em>Proph\u00e9tie<\/em>, <em>Sonnet<\/em>, <em>Vieillesse<\/em>\u2026) et compl\u00e9t\u00e9es d\u2019une bibliographie mise \u00e0 jour.<\/p>\n\n\n\n<p>Remarquable&nbsp;!<\/p>\n\n\n\n<p><strong>P\u00c9TRONE <\/strong><\/p>\n\n\n\n<p class=\"has-small-font-size\"><strong><em>Dictionnaire de Pierre de Ronsard<\/em><\/strong>, ouvrage collectif sous la direction de Fran\u00e7ois Rouget, pr\u00e9face de Michel Magnien et Fran\u00e7ois Rouget, Paris, \u00c9ditions Honor\u00e9 Champion, collection \u00ab&nbsp;Champion Classiques&nbsp;\u00bb, mars&nbsp;2024 [2015], 719&nbsp;pp. en noir et blanc au format 12,5&nbsp;x&nbsp;19&nbsp;cm sous couverture broch\u00e9e en couleurs, 28&nbsp;\u20ac (prix France)<\/p>\n\n\n\n<hr class=\"wp-block-separator\" \/>\n\n\n\n<p><a href=\"#_ftnref1\" id=\"_ftn1\">[1]<\/a> La Pl\u00e9iade est un groupe de po\u00e8tes fran\u00e7ais du XVI<sup>e<\/sup> si\u00e8cle, compos\u00e9 notamment de Pierre de Ronsard, Joachim du Bellay, Jean-Antoine de Ba\u00eff, \u00c9tienne Jodelle, R\u00e9my Belleau, Jean Dorat, Jacques Peletier du Mans et Pontus de Tyard. \u00c0 travers leurs \u0153uvres litt\u00e9raires et leurs textes th\u00e9oriques, leur ambition \u00e9tait de renouveler et perfectionner la langue fran\u00e7aise et de participer \u00e0 son \u00e9mancipation du latin. Le but politique, dans le contexte de la Renaissance, \u00e9tait de participer \u00e0 l&rsquo;unification de la France par le biais de la langue fran\u00e7aise, sur le mod\u00e8le, mais aussi en rivalit\u00e9 avec l&rsquo;italien, qui avait entam\u00e9 un processus similaire un peu plus t\u00f4t.<\/p>\n\n\n\n<p><a href=\"#_ftnref2\" id=\"_ftn2\">[2]<\/a> En France, on appelle guerres de Religion les huit guerres civiles d&rsquo;origine religieuse qui se sont succ\u00e9d\u00e9 dans le royaume de France de 1562 \u00e0 1598, opposant partisans du catholicisme et partisans du protestantisme.<\/p>\n\n\n\n<p><a href=\"#_ftnref3\" id=\"_ftn3\">[3]<\/a> Ausone, n\u00e9 en 309\/310 et mort vers 394\/395, \u00e9tait un homme politique, homme de lettres et p\u00e9dagogue gallo-romain de la p\u00e9riode du Bas-Empire. Po\u00e8te de langue latine, ce lettr\u00e9 de l&#8217;empire d&rsquo;Occident est l&rsquo;auteur d&rsquo;une vingtaine d&rsquo;ouvrages. (Sources&nbsp;: Wikip\u00e9dia.)<\/p>\n","protected":false},"excerpt":{"rendered":"<p>Par P\u00e9trone.<\/p>\n","protected":false},"author":2,"featured_media":0,"comment_status":"closed","ping_status":"open","sticky":false,"template":"","format":"standard","meta":[],"categories":[57,11],"tags":[],"_links":{"self":[{"href":"https:\/\/www.satiricon.be\/index.php?rest_route=\/wp\/v2\/posts\/24301"}],"collection":[{"href":"https:\/\/www.satiricon.be\/index.php?rest_route=\/wp\/v2\/posts"}],"about":[{"href":"https:\/\/www.satiricon.be\/index.php?rest_route=\/wp\/v2\/types\/post"}],"author":[{"embeddable":true,"href":"https:\/\/www.satiricon.be\/index.php?rest_route=\/wp\/v2\/users\/2"}],"replies":[{"embeddable":true,"href":"https:\/\/www.satiricon.be\/index.php?rest_route=%2Fwp%2Fv2%2Fcomments&post=24301"}],"version-history":[{"count":4,"href":"https:\/\/www.satiricon.be\/index.php?rest_route=\/wp\/v2\/posts\/24301\/revisions"}],"predecessor-version":[{"id":24306,"href":"https:\/\/www.satiricon.be\/index.php?rest_route=\/wp\/v2\/posts\/24301\/revisions\/24306"}],"wp:attachment":[{"href":"https:\/\/www.satiricon.be\/index.php?rest_route=%2Fwp%2Fv2%2Fmedia&parent=24301"}],"wp:term":[{"taxonomy":"category","embeddable":true,"href":"https:\/\/www.satiricon.be\/index.php?rest_route=%2Fwp%2Fv2%2Fcategories&post=24301"},{"taxonomy":"post_tag","embeddable":true,"href":"https:\/\/www.satiricon.be\/index.php?rest_route=%2Fwp%2Fv2%2Ftags&post=24301"}],"curies":[{"name":"wp","href":"https:\/\/api.w.org\/{rel}","templated":true}]}}