{"id":24310,"date":"2024-10-21T10:52:24","date_gmt":"2024-10-21T08:52:24","guid":{"rendered":"https:\/\/www.satiricon.be\/?p=24310"},"modified":"2024-10-21T10:52:24","modified_gmt":"2024-10-21T08:52:24","slug":"la-veritable-universite-a-cette-epoque-ci-cest-une-collection-de-livres-thomas-carlyle","status":"publish","type":"post","link":"https:\/\/www.satiricon.be\/?p=24310","title":{"rendered":"\u00ab\u00a0La v\u00e9ritable universit\u00e9, \u00e0 cette \u00e9poque-ci, c&rsquo;est une collection de livres.\u00a0\u00bb (Thomas Carlyle)"},"content":{"rendered":"\n<div class=\"wp-block-image\"><figure class=\"aligncenter size-full\"><a href=\"https:\/\/www.satiricon.be\/wp-content\/uploads\/2024\/10\/Jean-Claude-Zylberstein-\u2013-Un-chasseur-de-tresors-aux-Belles-Lettres.jpg\"><img loading=\"lazy\" width=\"215\" height=\"340\" src=\"https:\/\/www.satiricon.be\/wp-content\/uploads\/2024\/10\/Jean-Claude-Zylberstein-\u2013-Un-chasseur-de-tresors-aux-Belles-Lettres.jpg\" alt=\"\" class=\"wp-image-24312\" srcset=\"https:\/\/www.satiricon.be\/wp-content\/uploads\/2024\/10\/Jean-Claude-Zylberstein-\u2013-Un-chasseur-de-tresors-aux-Belles-Lettres.jpg 215w, https:\/\/www.satiricon.be\/wp-content\/uploads\/2024\/10\/Jean-Claude-Zylberstein-\u2013-Un-chasseur-de-tresors-aux-Belles-Lettres-190x300.jpg 190w\" sizes=\"(max-width: 215px) 100vw, 215px\" \/><\/a><\/figure><\/div>\n\n\n\n<p>N\u00e9 le 17 novembre 1938 dans le IX<sup>e<\/sup> arrondissement de Paris, Jean-Claude Zylberstein est un avocat, journaliste et \u00e9diteur fran\u00e7ais de grande qualit\u00e9.<\/p>\n\n\n\n<p>Issu d\u2019une famille de petits commer\u00e7ants d\u2019origine juive polonaise, il sera confi\u00e9, durant l\u2019Occupation de la France par l\u2019Allemagne nazie, \u00e0 monsieur et madame Lauverjon (qui seront ult\u00e9rieurement reconnus comme \u00ab&nbsp;Justes parmi les Nations&nbsp;\u00bb), un couple de Brunoy, dans l\u2019Essonne. C\u2019est chez eux qu\u2019il d\u00e9veloppera un go\u00fbt marqu\u00e9 pour la lecture et le jazz dont les fils Lauverjon sont amateurs.<\/p>\n\n\n\n<p>Apr\u00e8s sa scolarit\u00e9 aux lyc\u00e9es Voltaire et Lakanal, Jean-Claude Zylberstein s\u2019oriente vers des \u00e9tudes de droit, mais sa passion pour la lecture et le jazz l\u2019entra\u00eeneront vers une activit\u00e9 de pigiste \u00e0 <em>Jazz Magazine<\/em> et \u00e0 exercer dans l\u2019\u00e9dition.<\/p>\n\n\n\n<p>Il collaborera \u00e9galement au <em>Magazine litt\u00e9raire<\/em>, \u00e0 <em>France-Soir<\/em> et \u00e0 <em>Combat<\/em>, ainsi qu\u2019au <em>Nouvel Observateur <\/em>dans les colonnes duquel, de 1967 \u00e0 1986, il assurera la critique des disques de jazz.<\/p>\n\n\n\n<p>Parall\u00e8lement, il est aussi lecteur chez Gallimard et il travaille aux Presses de la Cit\u00e9 avant de reprendre ses \u00e9tudes juridiques.<\/p>\n\n\n\n<p>Devenu avocat en 1973, il se sp\u00e9cialise dans les domaines du droit d\u2019auteur et du droit de la presse, ce qui l\u2019am\u00e8nera par la suite \u00e0 plaider notamment en faveur de Fran\u00e7oise Sagan, de la succession de Jacques Brel, du roi Albert&nbsp;II de Belgique, du duo Daft Punk et de nombreuses maisons d\u2019\u00e9dition (Orban, Plon, de Fallois, La D\u00e9couverte, Ph\u00e9bus, Robert Laffont\u2026)<\/p>\n\n\n\n<p>Avec l\u2019avocat belge Alain Barenboom, il a publi\u00e9 <em>Trait\u00e9 de Maastricht, mode d\u2019emploi <\/em>pr\u00e9c\u00e9d\u00e9 de<em> Commentaire sur le Trait\u00e9 de Maastricht <\/em>et suivi du<em> Trait\u00e9 de Rome<\/em>, (1992).<\/p>\n\n\n\n<p>Conseiller litt\u00e9raire au Livre de poche entre 1970 et 1975 et aux \u00e9ditions Champ libre de 1973 \u00e0 1977, Jean-Claude Zylberstein s\u2019occupe de litt\u00e9rature \u00e9trang\u00e8re chez Julliard \u00e0 partir de 1975, ensuite chez 10\/18 par la cr\u00e9ation en 1980 de la collection <strong>\u00ab&nbsp;Domaine \u00e9tranger&nbsp;\u00bb<\/strong> (dans laquelle il publiera des \u0153uvres de Jim Harrison, Primo Levi, Italo Calvino, Somerset Maugham, Graham Greene, Henry James\u2026), puis, en 1983, de <strong>\u00ab&nbsp;Grands D\u00e9tectives&nbsp;\u00bb<\/strong> o\u00f9 il popularise le <em>polar historique<\/em><a href=\"#_ftn1\" id=\"_ftnref1\">[1]<\/a> et des \u00e9crivains contemporains comme Dashiell Hammett et William Irish.<\/p>\n\n\n\n<p>En 1995, aux \u00c9ditions Robert Laffont, il dirige la collection <strong>\u00ab&nbsp;Pavillons&nbsp;\u00bb<\/strong> consacr\u00e9e \u00e0 la litt\u00e9rature \u00e9trang\u00e8re et dans laquelle il int\u00e8gre des ouvrages de Vladimir Nabokov, Rigoni Stern, Margaret Atwood, Bret Easton Ellis et Peter Acroyd.<\/p>\n\n\n\n<div class=\"wp-block-image\"><figure class=\"aligncenter size-full\"><a href=\"https:\/\/www.satiricon.be\/wp-content\/uploads\/2024\/10\/Jean-Claude-Zylberstein-photo.jpg\"><img loading=\"lazy\" width=\"350\" height=\"350\" src=\"https:\/\/www.satiricon.be\/wp-content\/uploads\/2024\/10\/Jean-Claude-Zylberstein-photo.jpg\" alt=\"\" class=\"wp-image-24311\" srcset=\"https:\/\/www.satiricon.be\/wp-content\/uploads\/2024\/10\/Jean-Claude-Zylberstein-photo.jpg 350w, https:\/\/www.satiricon.be\/wp-content\/uploads\/2024\/10\/Jean-Claude-Zylberstein-photo-300x300.jpg 300w, https:\/\/www.satiricon.be\/wp-content\/uploads\/2024\/10\/Jean-Claude-Zylberstein-photo-150x150.jpg 150w\" sizes=\"(max-width: 350px) 100vw, 350px\" \/><\/a><\/figure><\/div>\n\n\n\n<p class=\"has-text-align-center\">Jean-Claude Zylberstein \u00e0 Paris en mars 2017<a href=\"#_ftn2\" id=\"_ftnref2\">[2]<\/a>.<\/p>\n\n\n\n<p>En 2003, il cr\u00e9e aux \u00c9ditions La D\u00e9couverte deux autres collections, <strong>\u00ab&nbsp;Culte Fiction&nbsp;\u00bb<\/strong> (dans laquelle on trouve Nancy Mitford et le fameux <em>Je hais les acteurs<\/em> de Ben Hecht) et <strong>\u00ab&nbsp;PulpFiction&nbsp;\u00bb<\/strong> reprenant au format <em>omnibus<\/em> les enqu\u00eates du Juge Ti de Van Gulik, celles du rabbin Small de Harry Kemelman et la saga des <em>Hommes-dieux<\/em> de Philip Jos\u00e9 Farmer.<\/p>\n\n\n\n<p>En 2007, Jean-Claude Zylberstein fonde aux \u00c9ditions Tallandier la c\u00e9l\u00e8bre collection <strong>\u00ab&nbsp;Texto&nbsp;\u00bb<\/strong> d\u2019ouvrages historiques universitaires au format de poche (500 ouvrages parus \u00e0 ce jour).<\/p>\n\n\n\n<p>En 2009, il a entam\u00e9 une collaboration avec les \u00c9ditions Les Belles Lettres. Il y a lanc\u00e9 successivement trois collections totalisant plus de 215 titres&nbsp;:<\/p>\n\n\n\n<p><strong>\u2022 Le go\u00fbt des id\u00e9es&nbsp;\u00bb<\/strong> (avec des essais de X\u00e9nophon, Cic\u00e9ron, Nicolas Machiavel, Raymond Aron, Arthur Koestler, Bertrand Russell, Karl Jaspers, Georges Bernanos, Jacques Bainville, Francis Scott Fitzgerald, Joseph Kessel, Alexandre Vialatte, Alexandre Soljenitsyne, Max Weber\u2026)<\/p>\n\n\n\n<p><strong>\u2022<\/strong> <strong>\u00ab&nbsp;Domaine \u00e9tranger&nbsp;\u00bb<\/strong> (Elizabeth von Arnim, Jack London, Vladimir Ma\u00efakovski, Curzio Malaparte, Fernando Pessoa, Joseph Roth, Anton Tchekhov, L\u00e9on Tolsto\u00ef, P.&nbsp;G.&nbsp;Wodehouse, Virginia Woolf, Stefan Zweig\u2026) et<\/p>\n\n\n\n<p><strong>\u2022 <\/strong>\u00ab&nbsp;<strong>Le go\u00fbt de l\u2019Histoire&nbsp;\u00bb<\/strong> (ouvrages de Hans Christian Andersen, Thierry Wolton, Bernard Fall, Guy de Pourtal\u00e8s, Ernie Pyle, Peter Heather, Bernard Lewis, Nicolas Werth\u2026)<\/p>\n\n\n\n<p>Jean-Claude Zylberstein a publi\u00e9 ses <em>Souvenirs d\u2019un chasseur de tr\u00e9sors litt\u00e9raires<\/em> aux \u00c9ditions Allary en 2018<a href=\"#_ftn3\" id=\"_ftnref3\">[3]<\/a>.<\/p>\n\n\n\n<p>Il est Commandeur de la L\u00e9gion d\u2019honneur (2014), Grand officier de l\u2019ordre national du M\u00e9rite (2022) et Commandeur de l\u2019ordre des Arts et des Lettres (2007).<\/p>\n\n\n\n<p>Et c\u2019est bien normal\u2026<\/p>\n\n\n\n<p><strong>P\u00c9TRONE<\/strong><\/p>\n\n\n\n<p class=\"has-small-font-size\"><strong><em>3 collections, 1 chasseur de tr\u00e9sors, Jean-Claude Zylberstein<\/em><\/strong>, catalogue, Paris, \u00c9ditions Les Belles Lettres, octobre 2024, 54&nbsp;pp. en quadrichromie au format 12,5&nbsp;x&nbsp;19,5&nbsp;cm sous couverture \u00e0 reliure piq\u00fbre \u00e0 cheval en couleurs (gratuit)<\/p>\n\n\n\n<hr class=\"wp-block-separator\" \/>\n\n\n\n<p><a href=\"#_ftnref1\" id=\"_ftn1\">[1]<\/a> Avec Van Gulik et son Juge Ti, Ellis Peters et son Fr\u00e8re Cadfael, Marc Paillet et ses missi dominici du temps de Charlemagne, Anne de Leseleuc avec son Marcus Aper, Dominique Muller avec Sauve-du-Mal, le m\u00e9decin de Louis&nbsp;XV, Anne Perry avec Monk et le couple Pitt.<\/p>\n\n\n\n<p><a href=\"#_ftnref2\" id=\"_ftn2\">[2]<\/a> Photo Juilenz82. Travail personnel, CC BY-SA 4.0, https:\/\/commons.wikimedia.org\/w\/index.php?curid=62481074<\/p>\n\n\n\n<p><a href=\"#_ftnref3\" id=\"_ftn3\">[3]<\/a> La version de poche est sortie chez Christian Bourgois \u00c9diteur en 2022.<\/p>\n","protected":false},"excerpt":{"rendered":"<p>Par P\u00e9trone.<\/p>\n","protected":false},"author":2,"featured_media":0,"comment_status":"closed","ping_status":"open","sticky":false,"template":"","format":"standard","meta":[],"categories":[77,11],"tags":[],"_links":{"self":[{"href":"https:\/\/www.satiricon.be\/index.php?rest_route=\/wp\/v2\/posts\/24310"}],"collection":[{"href":"https:\/\/www.satiricon.be\/index.php?rest_route=\/wp\/v2\/posts"}],"about":[{"href":"https:\/\/www.satiricon.be\/index.php?rest_route=\/wp\/v2\/types\/post"}],"author":[{"embeddable":true,"href":"https:\/\/www.satiricon.be\/index.php?rest_route=\/wp\/v2\/users\/2"}],"replies":[{"embeddable":true,"href":"https:\/\/www.satiricon.be\/index.php?rest_route=%2Fwp%2Fv2%2Fcomments&post=24310"}],"version-history":[{"count":1,"href":"https:\/\/www.satiricon.be\/index.php?rest_route=\/wp\/v2\/posts\/24310\/revisions"}],"predecessor-version":[{"id":24313,"href":"https:\/\/www.satiricon.be\/index.php?rest_route=\/wp\/v2\/posts\/24310\/revisions\/24313"}],"wp:attachment":[{"href":"https:\/\/www.satiricon.be\/index.php?rest_route=%2Fwp%2Fv2%2Fmedia&parent=24310"}],"wp:term":[{"taxonomy":"category","embeddable":true,"href":"https:\/\/www.satiricon.be\/index.php?rest_route=%2Fwp%2Fv2%2Fcategories&post=24310"},{"taxonomy":"post_tag","embeddable":true,"href":"https:\/\/www.satiricon.be\/index.php?rest_route=%2Fwp%2Fv2%2Ftags&post=24310"}],"curies":[{"name":"wp","href":"https:\/\/api.w.org\/{rel}","templated":true}]}}