{"id":24357,"date":"2024-11-14T17:39:07","date_gmt":"2024-11-14T15:39:07","guid":{"rendered":"https:\/\/www.satiricon.be\/?p=24357"},"modified":"2024-11-14T17:39:07","modified_gmt":"2024-11-14T15:39:07","slug":"un-himalaya-de-culture-musicale","status":"publish","type":"post","link":"https:\/\/www.satiricon.be\/?p=24357","title":{"rendered":"Un Himalaya de culture musicale\u2026"},"content":{"rendered":"\n<div class=\"wp-block-image\"><figure class=\"aligncenter size-full\"><a href=\"https:\/\/www.satiricon.be\/wp-content\/uploads\/2024\/11\/LOpera-dans-lHistoire-Mardaga.jpg\"><img loading=\"lazy\" width=\"234\" height=\"350\" src=\"https:\/\/www.satiricon.be\/wp-content\/uploads\/2024\/11\/LOpera-dans-lHistoire-Mardaga.jpg\" alt=\"\" class=\"wp-image-24358\" srcset=\"https:\/\/www.satiricon.be\/wp-content\/uploads\/2024\/11\/LOpera-dans-lHistoire-Mardaga.jpg 234w, https:\/\/www.satiricon.be\/wp-content\/uploads\/2024\/11\/LOpera-dans-lHistoire-Mardaga-201x300.jpg 201w\" sizes=\"(max-width: 234px) 100vw, 234px\" \/><\/a><\/figure><\/div>\n\n\n\n<p>Paru en 2017 aux \u00c9ditions de la Province de Li\u00e8ge avec une pr\u00e9face de Stefano Mazzonis di Pralafera, alors directeur de l\u2019Op\u00e9ra royal de Wallonie, <strong><em>L\u2019Op\u00e9ra dans l\u2019Histoire<\/em><\/strong>, une synth\u00e8se chronologique monumentaler\u00e9dig\u00e9e par l\u2019historien d\u2019art belge Bernard Wodon<a href=\"#_ftn1\" id=\"_ftnref1\">[1]<\/a>, ressort aujourd\u2019hui chez Mardaga \u00e0 Bruxelles, pr\u00e9fac\u00e9e cette fois par la soprano belgo-fran\u00e7aise Sophie Junker, dans une version parfaitement mise \u00e0 jour.<\/p>\n\n\n\n<p>Englobant l\u2019op\u00e9ra am\u00e9ricain, neuf chapitres divisent cette histoire de l\u2019op\u00e9ra depuis les origines antiques jusqu\u2019\u00e0 2024. Chacun de ceux-ci se compose du contexte historique et culturel, de la pr\u00e9sentation biographique et synoptique des compositeurs group\u00e9s par \u00e9coles, de l\u2019explication d\u2019<em>\u0153uvres-jalons <\/em>accompagn\u00e9es de leur sc\u00e9nario ainsi que de la description de leurs d\u00e9cors sans omettre la vari\u00e9t\u00e9 des styles et des genres (trag\u00e9dies, op\u00e9ras historiques, mythologiques, op\u00e9ras bouffes, op\u00e9ras-comiques, <em>Singspiele<\/em>, op\u00e9rettes, drames et <em>zarzuelas <\/em>espagnols, op\u00e9ras radiophoniques et com\u00e9dies musicales) et la d\u00e9finition des termes techniques.<\/p>\n\n\n\n<p>Une somme qui, dans le plus noble sens du terme, vulgarise les \u0153uvres d\u2019auteurs c\u00e9l\u00e8bres comme Jean-S\u00e9bastien <strong>Bach<\/strong> (1685-1750), Ludwig van <strong>Beethoven<\/strong> (1770-1827), Hector <strong>Berlioz <\/strong>(1803-1869), Georges <strong>Bizet <\/strong>(1838-1875), Pierre <strong>Boulez<\/strong> (1925-2016), Fr\u00e9d\u00e9ric <strong>Chopin<\/strong> (1810-1849), Claude <strong>Debussy<\/strong> (1862-1918), George <strong>Gershwin<\/strong> (1898-1937), Charles <strong>Gounod<\/strong> (1818-1893), Franz <strong>Liszt <\/strong>(1811-1886), Jean-Baptiste <strong>Lully <\/strong>(1632-1687), Gustav <strong>Mahler<\/strong> (1860-1911), F\u00e9lix <strong>Mendelssohn <\/strong>(1809-1847), Wolfgang Amadeus <strong>Mozart<\/strong> (1756-1791), Jacques <strong>Offenbach<\/strong> (1819-1880), Giacomo <strong>Puccini<\/strong> (1858-1924), Jean-Philippe <strong>Rameau<\/strong> (1683-1764), Maurice <strong>Ravel<\/strong> (1875-1937), Gioacchino <strong>Rossini <\/strong>(1792-1868), Camille <strong>Saint-Sa\u00ebns<\/strong> (1835-1921), Igor <strong>Stravinsky<\/strong> (1882-1971), Piotr <strong>Tcha\u00efkovski <\/strong>(1840-1893), Mikis <strong>Theodor\u00e1kis <\/strong>(1925-2021), Giuseppe <strong>Verdi<\/strong> (1813-1901), Antonio <strong>Vivaldi <\/strong>(1678-1741), Richard <strong>Wagner<\/strong> (1813-1883)\u2026<\/p>\n\n\n\n<p>Ainsi que de compositeurs belges comme Jean <strong>Absil<\/strong> (1893-1974), Daniel-Fran\u00e7ois-Esprit <strong>Auber <\/strong>(1782-1871), Roland <strong>de Lassus <\/strong>(1532-1594), C\u00e9sar <strong>Franck<\/strong> (1822-1890), Andr\u00e9-Ernest-Modeste <strong>Gr\u00e9try<\/strong> (1741-1813), Henri <strong>Pousseur <\/strong>(1929-2009) ou Eug\u00e8ne <strong>Ysa\u00ffe <\/strong>(1858-1931).<\/p>\n\n\n\n<p>Et d\u2019innombrables autres encore, dans une bible au sein de laquelle tout le gratin de l\u2019Occident lyrique voit ses \u0153uvres scrupuleusement pass\u00e9es en revue&nbsp;!<\/p>\n\n\n\n<p><strong>P\u00c9TRONE<\/strong><\/p>\n\n\n\n<p class=\"has-small-font-size\"><strong><em>L\u2019Op\u00e9ra dans l\u2019Histoire&nbsp;\u2013&nbsp;L\u2019art lyrique, miroir de nos soci\u00e9t\u00e9s depuis quatre si\u00e8cles <\/em><\/strong>par Bernard Wodon, pr\u00e9face de Sophie Junker, Bruxelles, \u00c9ditions Mardaga, octobre&nbsp;2024 [avril&nbsp;2017], 508&nbsp;pp. en noir et blanc au format 16&nbsp;x&nbsp;24&nbsp;cm sous couverture broch\u00e9e en couleurs, 34,90&nbsp;\u20ac<\/p>\n\n\n\n<p class=\"has-text-align-center\"><strong>TABLE DES MATI\u00c8RES<\/strong><\/p>\n\n\n\n<p><strong>PR\u00c9FACE<\/strong> par Sophie Junker, soprano belgo-fran\u00e7aise, master de l\u2019Institut sup\u00e9rieur de Musique et de P\u00e9dagogie de Namur, master du <em>Guldhall School of Music and Drama <\/em>de Londres<\/p>\n\n\n\n<p><strong>CHAPITRE I. LES PR\u00c9MICES<\/strong><\/p>\n\n\n\n<p>L\u2019Antiquit\u00e9<\/p>\n\n\n\n<p>Le Moyen -Age<\/p>\n\n\n\n<p>La Renaissance<\/p>\n\n\n\n<p><strong>CHAPITRE II. F\u00c9ERIE DU BAROQUE (1600-1700)<\/strong><\/p>\n\n\n\n<p>L\u2019Italie, m\u00e8re de l\u2019op\u00e9ra<\/p>\n\n\n\n<p>&nbsp;&nbsp;&nbsp;&nbsp;&nbsp;&nbsp;&nbsp;&nbsp;&nbsp;&nbsp;&nbsp; L\u2019aria et l\u2019arioso<\/p>\n\n\n\n<p>&nbsp;&nbsp;&nbsp;&nbsp;&nbsp;&nbsp;&nbsp;&nbsp;&nbsp;&nbsp;&nbsp; Les castrats, ces dieux du chant<\/p>\n\n\n\n<p>&nbsp;&nbsp;&nbsp;&nbsp;&nbsp;&nbsp;&nbsp;&nbsp;&nbsp;&nbsp;&nbsp; L\u2019\u00e9cole de Florence<\/p>\n\n\n\n<p>&nbsp;&nbsp;&nbsp;&nbsp;&nbsp;&nbsp;&nbsp;&nbsp;&nbsp;&nbsp;&nbsp; L\u2019\u00e9cole de Venise<\/p>\n\n\n\n<p>&nbsp;&nbsp;&nbsp;&nbsp;&nbsp;&nbsp;&nbsp;&nbsp;&nbsp;&nbsp;&nbsp; L\u2019\u00e9cole de Rome<\/p>\n\n\n\n<p>&nbsp;&nbsp;&nbsp;&nbsp;&nbsp;&nbsp;&nbsp;&nbsp;&nbsp;&nbsp;&nbsp; L\u2019\u00e9cole de Naples<\/p>\n\n\n\n<p>La France, m\u00e8re de la trag\u00e9die lyrique<\/p>\n\n\n\n<p>&nbsp;&nbsp;&nbsp;&nbsp;&nbsp;&nbsp;&nbsp;&nbsp;&nbsp;&nbsp;&nbsp; L\u2019apr\u00e8s-Lully<\/p>\n\n\n\n<p>L\u2019Angleterre en qu\u00eate d\u2019un op\u00e9ra national<\/p>\n\n\n\n<p>Le Saint Empire romain germanique et les pr\u00e9mices du Singspiel<\/p>\n\n\n\n<p>L\u2019Espagne, patrie de la zarzuela<\/p>\n\n\n\n<p>Les Pays-Bas espagnols et l\u2019influence italiano-fran\u00e7aise<\/p>\n\n\n\n<p><strong>CHAPITRE III. ULTIMES FEUX DU BAROQUE (1700-1750)<\/strong><strong><\/strong><\/p>\n\n\n\n<p>L\u2019Italie<\/p>\n\n\n\n<p>&nbsp;&nbsp;&nbsp;&nbsp;&nbsp;&nbsp;&nbsp;&nbsp;&nbsp;&nbsp;&nbsp; L\u2019\u00e9cole napolitaine<\/p>\n\n\n\n<p>&nbsp;&nbsp;&nbsp;&nbsp;&nbsp;&nbsp;&nbsp;&nbsp;&nbsp;&nbsp;&nbsp; L\u2019\u00e9cole v\u00e9nitienne<\/p>\n\n\n\n<p>La France<\/p>\n\n\n\n<p>&nbsp;&nbsp;&nbsp;&nbsp;&nbsp;&nbsp;&nbsp;&nbsp;&nbsp;&nbsp;&nbsp; L\u2019avant-Rameau<\/p>\n\n\n\n<p>&nbsp;&nbsp;&nbsp;&nbsp;&nbsp;&nbsp;&nbsp;&nbsp;&nbsp;&nbsp;&nbsp; \u00c0 l\u2019\u00ab&nbsp;ombre&nbsp;\u00bb de Rameau<\/p>\n\n\n\n<p>La Trinit\u00e9 saxonne<\/p>\n\n\n\n<p>Le \u00ab&nbsp;duo hans\u00e9atique&nbsp;\u00bb<\/p>\n\n\n\n<p>L\u2019Autriche<\/p>\n\n\n\n<p>L\u2019Espagne<\/p>\n\n\n\n<p>Le Portugal<\/p>\n\n\n\n<p>L\u2019Angleterre<\/p>\n\n\n\n<p>Les Pays-Bas autrichiens<\/p>\n\n\n\n<p>La Principaut\u00e9 \u00e9piscopale de Li\u00e8ge<\/p>\n\n\n\n<p><strong>CHAPITRE IV. PREMIER \u00ab&nbsp;SOUFFLE&nbsp;\u00bb DU CLASSICISME&nbsp;: SON \u00c9VOLUTION (1750-1770)<\/strong><strong><\/strong><\/p>\n\n\n\n<p>La France<\/p>\n\n\n\n<p>Le Saint Empire romain germanique<\/p>\n\n\n\n<p>L\u2019Angleterre<\/p>\n\n\n\n<p>L\u2019Italie<\/p>\n\n\n\n<p>L\u2019\u00e9cole de Mannheim<\/p>\n\n\n\n<p>Les Pays-Bas autrichiens et la Principaut\u00e9 \u00e9piscopale de Li\u00e8ge<\/p>\n\n\n\n<p><strong>CHAPITRE V. ULTIME \u00ab&nbsp;SOUFFLE&nbsp;\u00bb DU CLASSICISME&nbsp;: SA R\u00c9VOLUTION<\/strong><\/p>\n\n\n\n<p><strong>(1770-1800)<\/strong><strong><\/strong><\/p>\n\n\n\n<p>Le Saint Empire romain germanique<\/p>\n\n\n\n<p>La France<\/p>\n\n\n\n<p>L\u2019Italie<\/p>\n\n\n\n<p>L\u2019Espagne<\/p>\n\n\n\n<p>Le Portugal<\/p>\n\n\n\n<p>Le Danemark<\/p>\n\n\n\n<p>La Norv\u00e8ge<\/p>\n\n\n\n<p>La Su\u00e8de<\/p>\n\n\n\n<p>Les Pays-Bas autrichiens<\/p>\n\n\n\n<p>L\u2019Angleterre<\/p>\n\n\n\n<p>La Pologne<\/p>\n\n\n\n<p>La Hongrie<\/p>\n\n\n\n<p>La Russie<\/p>\n\n\n\n<p><strong>CHAPITRE VI. PREMIER \u00c9LAN DU ROMANTISME (1800-1850)<\/strong><strong><\/strong><\/p>\n\n\n\n<p>La Conf\u00e9d\u00e9ration germanique<\/p>\n\n\n\n<p>La France<\/p>\n\n\n\n<p>L\u2019\u00ab&nbsp;Italie&nbsp;\u00bb avant son unification<\/p>\n\n\n\n<p>&nbsp;&nbsp;&nbsp;&nbsp;&nbsp;&nbsp;&nbsp;&nbsp;&nbsp;&nbsp;&nbsp; Gaetano Donizetti et Vincenzo Bellini, les h\u00e9ritiers de Rossini<\/p>\n\n\n\n<p>La Russie<\/p>\n\n\n\n<p>La Hongrie<\/p>\n\n\n\n<p>La Pologne<\/p>\n\n\n\n<p>La Boh\u00eame<\/p>\n\n\n\n<p>La Scandinavie<\/p>\n\n\n\n<p>La Belgique<\/p>\n\n\n\n<p>La Hollande<\/p>\n\n\n\n<p>L\u2019Espagne<\/p>\n\n\n\n<p>L\u2019Angleterre<\/p>\n\n\n\n<p>L\u2019Am\u00e9rique<\/p>\n\n\n\n<p><strong>CHAPITRE VII. SECOND \u00c9LAN DU ROMANTISME (1850-1900)<\/strong><strong><\/strong><\/p>\n\n\n\n<p>De la Conf\u00e9d\u00e9ration germanique \u00e0 l\u2019Empire allemand<\/p>\n\n\n\n<p>L\u2019Italie avant et apr\u00e8s son unification<\/p>\n\n\n\n<p>La France<\/p>\n\n\n\n<p>La Russie<\/p>\n\n\n\n<p>L\u2019Autriche<\/p>\n\n\n\n<p>L\u2019Angleterre<\/p>\n\n\n\n<p>La Boh\u00eame<\/p>\n\n\n\n<p>La Scandinavie<\/p>\n\n\n\n<p>L\u2019Espagne<\/p>\n\n\n\n<p>La Belgique<\/p>\n\n\n\n<p>L\u2019Am\u00e9rique<\/p>\n\n\n\n<p><strong>CHAPITRE VIII. \u00ab&nbsp;SCHISME&nbsp;\u00bb DE LA \u00ab&nbsp;MODERNIT\u00c9&nbsp;\u00bb (1900-1950)<\/strong><strong><\/strong><\/p>\n\n\n\n<p>La France<\/p>\n\n\n\n<p>L\u2019Allemagne et l\u2019Autriche<\/p>\n\n\n\n<p>Les Pays-Bas<\/p>\n\n\n\n<p>La Russie<\/p>\n\n\n\n<p>La Scandinavie<\/p>\n\n\n\n<p>L\u2019Europe orientale<\/p>\n\n\n\n<p>&nbsp;&nbsp;&nbsp;&nbsp;&nbsp;&nbsp;&nbsp;&nbsp;&nbsp;&nbsp;&nbsp; L\u2019\u00e9cole polonaise<\/p>\n\n\n\n<p>&nbsp;&nbsp;&nbsp;&nbsp;&nbsp;&nbsp;&nbsp;&nbsp;&nbsp;&nbsp;&nbsp; L\u2019\u00e9cole bulgare<\/p>\n\n\n\n<p>&nbsp;&nbsp;&nbsp;&nbsp;&nbsp;&nbsp;&nbsp;&nbsp;&nbsp;&nbsp;&nbsp; L\u2019\u00e9cole tch\u00e8que<\/p>\n\n\n\n<p>&nbsp;&nbsp;&nbsp;&nbsp;&nbsp;&nbsp;&nbsp;&nbsp;&nbsp;&nbsp;&nbsp; L\u2019\u00e9cole hongroise<\/p>\n\n\n\n<p>&nbsp;&nbsp;&nbsp;&nbsp;&nbsp;&nbsp;&nbsp;&nbsp;&nbsp;&nbsp;&nbsp; L\u2019\u00e9cole roumaine<\/p>\n\n\n\n<p>L\u2019Italie<\/p>\n\n\n\n<p>L\u2019Espagne<\/p>\n\n\n\n<p>La Belgique<\/p>\n\n\n\n<p>La Suisse<\/p>\n\n\n\n<p>L\u2019Angleterre<\/p>\n\n\n\n<p>L\u2019Am\u00e9rique<\/p>\n\n\n\n<p><strong>CHAPITRE IX. AVANT-GARDES (1950-2024)<\/strong><strong><\/strong><\/p>\n\n\n\n<p>La France<\/p>\n\n\n\n<p>Les Anglo-Saxons<\/p>\n\n\n\n<p>L\u2019Italie<\/p>\n\n\n\n<p>L\u2019Allemagne et l\u2019Autriche<\/p>\n\n\n\n<p>La Suisse<\/p>\n\n\n\n<p>L\u2019Espagne<\/p>\n\n\n\n<p>La Belgique<\/p>\n\n\n\n<p>Les Pays-Bas<\/p>\n\n\n\n<p>La Scandinavie<\/p>\n\n\n\n<p>La Russie<\/p>\n\n\n\n<p>La Pologne<\/p>\n\n\n\n<p>La Hongrie<\/p>\n\n\n\n<p>La Gr\u00e8ce<\/p>\n\n\n\n<p>La Su\u00e8de<\/p>\n\n\n\n<p><strong>CONCLUSION<\/strong><\/p>\n\n\n\n<p><strong>M\u00c9THODOLOGIE ET BIBLIOGRAPHIE<\/strong><\/p>\n\n\n\n<p><strong>INDEX DES COMPOSITEURS ET DE LEURS MA\u00ceTRES<\/strong> <strong><\/strong><\/p>\n\n\n\n<hr class=\"wp-block-separator\" \/>\n\n\n\n<p><a href=\"#_ftnref1\" id=\"_ftn1\">[1]<\/a> Docteur en philosophie et lettres de l\u2019Universit\u00e9 catholique de Louvain (D\u00e9partement arch\u00e9ologie, histoire de l\u2019art et musicologie), Bernard Wodon a enseign\u00e9 \u00e0 l\u2019Universit\u00e9 de Li\u00e8ge et \u00e0 l\u2019Institut des hautes \u00e9tudes des communications sociales de Bruxelles (I.H.E.C.S.) o\u00f9 il donna durant 25 ans un cours intitul\u00e9 \u00ab&nbsp;L\u2019\u00e9volution des formes plastiques et musicales&nbsp;\u00bb. Il fut aussi professeur invit\u00e9 aux universit\u00e9s de Louvain et de Bruxelles. Le Service public de Wallonie l\u2019a par ailleurs requis pour les proc\u00e9dures de classement et la r\u00e9daction des notices de divers inventaires du patrimoine monumental.<\/p>\n","protected":false},"excerpt":{"rendered":"<p>Par P\u00e9trone.<\/p>\n","protected":false},"author":2,"featured_media":0,"comment_status":"closed","ping_status":"open","sticky":false,"template":"","format":"standard","meta":[],"categories":[11,56],"tags":[],"_links":{"self":[{"href":"https:\/\/www.satiricon.be\/index.php?rest_route=\/wp\/v2\/posts\/24357"}],"collection":[{"href":"https:\/\/www.satiricon.be\/index.php?rest_route=\/wp\/v2\/posts"}],"about":[{"href":"https:\/\/www.satiricon.be\/index.php?rest_route=\/wp\/v2\/types\/post"}],"author":[{"embeddable":true,"href":"https:\/\/www.satiricon.be\/index.php?rest_route=\/wp\/v2\/users\/2"}],"replies":[{"embeddable":true,"href":"https:\/\/www.satiricon.be\/index.php?rest_route=%2Fwp%2Fv2%2Fcomments&post=24357"}],"version-history":[{"count":1,"href":"https:\/\/www.satiricon.be\/index.php?rest_route=\/wp\/v2\/posts\/24357\/revisions"}],"predecessor-version":[{"id":24359,"href":"https:\/\/www.satiricon.be\/index.php?rest_route=\/wp\/v2\/posts\/24357\/revisions\/24359"}],"wp:attachment":[{"href":"https:\/\/www.satiricon.be\/index.php?rest_route=%2Fwp%2Fv2%2Fmedia&parent=24357"}],"wp:term":[{"taxonomy":"category","embeddable":true,"href":"https:\/\/www.satiricon.be\/index.php?rest_route=%2Fwp%2Fv2%2Fcategories&post=24357"},{"taxonomy":"post_tag","embeddable":true,"href":"https:\/\/www.satiricon.be\/index.php?rest_route=%2Fwp%2Fv2%2Ftags&post=24357"}],"curies":[{"name":"wp","href":"https:\/\/api.w.org\/{rel}","templated":true}]}}