{"id":24360,"date":"2024-11-16T17:53:24","date_gmt":"2024-11-16T15:53:24","guid":{"rendered":"https:\/\/www.satiricon.be\/?p=24360"},"modified":"2024-11-16T17:53:24","modified_gmt":"2024-11-16T15:53:24","slug":"8-albums-de-qualite-chez-casterman","status":"publish","type":"post","link":"https:\/\/www.satiricon.be\/?p=24360","title":{"rendered":"8 albums de qualit\u00e9 chez Casterman\u2026"},"content":{"rendered":"\n<p>\u00c9ditrice notamment des <em>Aventures de Tintin<\/em>, et de <em>Martine<\/em>, la maison Casterman \u00e0 Bruxelles est \u00e9galement connue pour sa production d\u2019ouvrages et de bandes dessin\u00e9es de qualit\u00e9. En voici huit parus r\u00e9cemment, et leurs arguments&nbsp;:<\/p>\n\n\n\n<div class=\"wp-block-image\"><figure class=\"aligncenter size-full\"><a href=\"https:\/\/www.satiricon.be\/wp-content\/uploads\/2024\/11\/Tres-cher-Pere-Noel.jpg\"><img loading=\"lazy\" width=\"296\" height=\"350\" src=\"https:\/\/www.satiricon.be\/wp-content\/uploads\/2024\/11\/Tres-cher-Pere-Noel.jpg\" alt=\"\" class=\"wp-image-24368\" srcset=\"https:\/\/www.satiricon.be\/wp-content\/uploads\/2024\/11\/Tres-cher-Pere-Noel.jpg 296w, https:\/\/www.satiricon.be\/wp-content\/uploads\/2024\/11\/Tres-cher-Pere-Noel-254x300.jpg 254w\" sizes=\"(max-width: 296px) 100vw, 296px\" \/><\/a><\/figure><\/div>\n\n\n\n<p>S\u2019adressant aux enfants d\u00e8s 3 ans, <strong><em>Tr\u00e8s cher P\u00e8re No\u00ebl<\/em><\/strong> aborde le th\u00e8me de la lettre au P\u00e8re No\u00ebl, un rendez-vous magique pour tous les petits au fil de 10 courriers r\u00e9jouissants.<\/p>\n\n\n\n<p>\u00ab&nbsp;Alfie est bien occup\u00e9. En tant que secr\u00e9taire personnel du P\u00e8re No\u00ebl, il est charg\u00e9 d&rsquo;ouvrir toutes les lettres que les enfants du monde envoient. Puis il les lit, les classe et les distribue aux chefs d\u2019ateliers qui fabriqueront les cadeaux de leurs r\u00eaves. Aujourd&rsquo;hui, plein de lettres sont arriv\u00e9es&nbsp;!&nbsp;\u00bb<\/p>\n\n\n\n<div class=\"wp-block-image\"><figure class=\"aligncenter size-full\"><a href=\"https:\/\/www.satiricon.be\/wp-content\/uploads\/2024\/11\/Les-grandes-questions-des-petits-curieux.jpg\"><img loading=\"lazy\" width=\"352\" height=\"350\" src=\"https:\/\/www.satiricon.be\/wp-content\/uploads\/2024\/11\/Les-grandes-questions-des-petits-curieux.jpg\" alt=\"\" class=\"wp-image-24367\" srcset=\"https:\/\/www.satiricon.be\/wp-content\/uploads\/2024\/11\/Les-grandes-questions-des-petits-curieux.jpg 352w, https:\/\/www.satiricon.be\/wp-content\/uploads\/2024\/11\/Les-grandes-questions-des-petits-curieux-300x298.jpg 300w, https:\/\/www.satiricon.be\/wp-content\/uploads\/2024\/11\/Les-grandes-questions-des-petits-curieux-150x150.jpg 150w\" sizes=\"(max-width: 352px) 100vw, 352px\" \/><\/a><\/figure><\/div>\n\n\n\n<p>Dans <strong><em>Les grandes questions des petits curieux<\/em><\/strong> par Aurore Carric, \u00ab&nbsp;avec plus de 50 flaps \u00e0 soulever, le petit lecteur va d\u00e9couvrir des r\u00e9ponses \u00e0 ses questions sur le corps, les animaux, la nature, la ville, la vie quotidienne et l&rsquo;espace. Avec des illustrations joyeuses et dr\u00f4les.&nbsp;\u00bb<\/p>\n\n\n\n<div class=\"wp-block-image\"><figure class=\"aligncenter size-full\"><a href=\"https:\/\/www.satiricon.be\/wp-content\/uploads\/2024\/11\/Un-animal-par-jour-\u2013-365-animaux-a-decouvrir-au-fil-de-lannee.jpg\"><img loading=\"lazy\" width=\"278\" height=\"350\" src=\"https:\/\/www.satiricon.be\/wp-content\/uploads\/2024\/11\/Un-animal-par-jour-\u2013-365-animaux-a-decouvrir-au-fil-de-lannee.jpg\" alt=\"\" class=\"wp-image-24366\" srcset=\"https:\/\/www.satiricon.be\/wp-content\/uploads\/2024\/11\/Un-animal-par-jour-\u2013-365-animaux-a-decouvrir-au-fil-de-lannee.jpg 278w, https:\/\/www.satiricon.be\/wp-content\/uploads\/2024\/11\/Un-animal-par-jour-\u2013-365-animaux-a-decouvrir-au-fil-de-lannee-238x300.jpg 238w\" sizes=\"(max-width: 278px) 100vw, 278px\" \/><\/a><\/figure><\/div>\n\n\n\n<p>L\u2019ouvrage collectif <strong><em>Un animal par jour<\/em><\/strong> constitue la suite attendue du best-seller <em>Un dinosaure par jour<\/em>. Pour les enfants d\u00e8s 6&nbsp;ans, il \u00ab&nbsp;associe chaque jour de l\u2019ann\u00e9e \u00e0 un animal. Ainsi, le 1<sup>er&nbsp;<\/sup>janvier, on retrouve l\u2019ours polaire ou l\u2019\u00e9cureuil roux le 12&nbsp;ao\u00fbt\u2026<\/p>\n\n\n\n<p>La premi\u00e8re chose \u00e0 faire est de regarder quel est l\u2019animal du jour de son anniversaire, puis pour toute la famille et les amis&nbsp;! Au-del\u00e0 de ce jeu calendaire, ce documentaire offre une quantit\u00e9 d\u2019informations passionnantes sur 365 animaux&nbsp;: nom scientifique, famille, alimentation, lieu de vie, sont-ils menac\u00e9s ou non\u2026 Id\u00e9al pour tous les amoureux des b\u00eates.&nbsp;\u00bb<\/p>\n\n\n\n<div class=\"wp-block-image\"><figure class=\"aligncenter size-full\"><a href=\"https:\/\/www.satiricon.be\/wp-content\/uploads\/2024\/11\/Le-Bouclier-dAchille.jpg\"><img loading=\"lazy\" width=\"261\" height=\"350\" src=\"https:\/\/www.satiricon.be\/wp-content\/uploads\/2024\/11\/Le-Bouclier-dAchille.jpg\" alt=\"\" class=\"wp-image-24365\" srcset=\"https:\/\/www.satiricon.be\/wp-content\/uploads\/2024\/11\/Le-Bouclier-dAchille.jpg 261w, https:\/\/www.satiricon.be\/wp-content\/uploads\/2024\/11\/Le-Bouclier-dAchille-224x300.jpg 224w\" sizes=\"(max-width: 261px) 100vw, 261px\" \/><\/a><\/figure><\/div>\n\n\n\n<p>Dans <strong><em>Le Bouclier d\u2019Achille <\/em><\/strong>par Jacques Martin, Roger Seiter et Marc Jailloux, Alix part sur les traces d\u2019Achille, le h\u00e9ros l\u00e9gendaire de la mythologie grecque.<\/p>\n\n\n\n<p>\u00ab&nbsp;Sur l\u2019\u00eele d\u2019Ithaque, un navire accoste. Quelques hommes abordent le rivage&nbsp;; \u00e0 leur t\u00eate, Arbac\u00e8s s\u2019avance. Il d\u00e9couvre une amphore avec des parchemins. Ceux-ci indiquent l\u2019emplacement de la tombe d\u2019Achille. La l\u00e9gende raconte qu\u2019en r\u00e9cup\u00e9rant les armes du guerrier, chacun reconna\u00eetra un chef en son porteur. C\u2019est pourquoi l\u2019aventurier veut les retrouver pour que la Gr\u00e8ce se soul\u00e8ve enfin contre Rome. Alors que Pomp\u00e9e et C\u00e9sar s&rsquo;opposent en Thessalie, c\u2019est peut-\u00eatre le bon moment. De son c\u00f4t\u00e9, Alix, accompagn\u00e9 de son ami Enak, quitte l\u2019\u00c9gypte, o\u00f9 ils r\u00e9sidaient jusqu\u2019alors. En chemin, des hommes de C\u00e9sar les retrouvent pour qu\u2019ils aident ce dernier. C\u00e9sar a eu vent d\u2019un complot de Pomp\u00e9e. Arriv\u00e9s en Gr\u00e8ce, les h\u00e9ros devront d\u00e9jouer celui-ci et emp\u00eacher que le pays ne se soul\u00e8ve.&nbsp;\u00bb<\/p>\n\n\n\n<div class=\"wp-block-image\"><figure class=\"aligncenter size-full\"><a href=\"https:\/\/www.satiricon.be\/wp-content\/uploads\/2024\/11\/Le-Gardien-du-Nil.jpg\"><img loading=\"lazy\" width=\"261\" height=\"350\" src=\"https:\/\/www.satiricon.be\/wp-content\/uploads\/2024\/11\/Le-Gardien-du-Nil.jpg\" alt=\"\" class=\"wp-image-24364\" srcset=\"https:\/\/www.satiricon.be\/wp-content\/uploads\/2024\/11\/Le-Gardien-du-Nil.jpg 261w, https:\/\/www.satiricon.be\/wp-content\/uploads\/2024\/11\/Le-Gardien-du-Nil-224x300.jpg 224w\" sizes=\"(max-width: 261px) 100vw, 261px\" \/><\/a><\/figure><\/div>\n\n\n\n<p>Dans <strong><em>Le Gardien du Nil <\/em><\/strong>par Val\u00e9rie Mangin, Jacques Martin et Chrys Millien, nous voici dans une \u00e9chapp\u00e9e qui poursuit les aventures relat\u00e9es dans le tome&nbsp;11,<em> Le Prince du Nil<\/em>.<\/p>\n\n\n\n<p>\u00ab&nbsp;Apr\u00e8s avoir d\u00e9jou\u00e9 deux tentatives d\u2019assassinat contre Enak, les soup\u00e7ons d\u2019Alix guident son chemin vers l\u2019\u00c9gypte. Mais \u00e0 peine sont-ils arriv\u00e9s \u00e0 Alexandrie que les deux aventuriers sont s\u00e9par\u00e9s et emprisonn\u00e9s. Enak est alors livr\u00e9 \u00e0 un homme myst\u00e9rieux, qui souhaite venger le funeste destin de Sakhara. Trahi par les personnes en qui il avait le plus confiance, Alix devra compter sur des alli\u00e9s de longue date, mais aussi sur d\u2019anciens ennemis, pour avoir une chance de sauver son compagnon.<\/p>\n\n\n\n<p>Il est temps pour Alix de retourner dans la capitale des Menkhar\u00e2, des ann\u00e9es apr\u00e8s les \u00e9v\u00e8nements du <em>Prince du Nil<\/em>.&nbsp;\u00bb<\/p>\n\n\n\n<div class=\"wp-block-image\"><figure class=\"aligncenter size-full\"><a href=\"https:\/\/www.satiricon.be\/wp-content\/uploads\/2024\/11\/Les-Cercles-des-geants.jpg\"><img loading=\"lazy\" width=\"260\" height=\"350\" src=\"https:\/\/www.satiricon.be\/wp-content\/uploads\/2024\/11\/Les-Cercles-des-geants.jpg\" alt=\"\" class=\"wp-image-24363\" srcset=\"https:\/\/www.satiricon.be\/wp-content\/uploads\/2024\/11\/Les-Cercles-des-geants.jpg 260w, https:\/\/www.satiricon.be\/wp-content\/uploads\/2024\/11\/Les-Cercles-des-geants-223x300.jpg 223w\" sizes=\"(max-width: 260px) 100vw, 260px\" \/><\/a><\/figure><\/div>\n\n\n\n<p><strong><em>Les Cercles des g\u00e9ants <\/em><\/strong>par Thierry D\u00e9marez, Jacques Martin et Val\u00e9rie Mangin constitue la derni\u00e8re \u00e9tape avant l&rsquo;Atlantide.<\/p>\n\n\n\n<p>\u00ab&nbsp;Rome, an 9 avant J.-C. L\u2019empereur Auguste est tout-puissant. Alix a plus de 50 ans. Il est s\u00e9nateur.&nbsp;<\/p>\n\n\n\n<p>Bien d\u00e9cid\u00e9s \u00e0 rejoindre la myst\u00e9rieuse Atlantide dans le grand nord, Alix et les siens se rendent dans un village d\u2019Armorique pour y faire construire un navire capable de r\u00e9sister aux conditions oc\u00e9aniques extr\u00eames. Mais leur venue exacerbe le conflit latent qui mine la communaut\u00e9. Les tenants de la tradition religieuse qui interdit les voyages au loin veulent d\u00e9sormais en finir avec les partisans de l\u2019exploration du monde\u2026 avec eux, et avec leur alli\u00e9, le s\u00e9nateur.&nbsp;\u00bb<\/p>\n\n\n\n<div class=\"wp-block-image\"><figure class=\"aligncenter size-full\"><a href=\"https:\/\/www.satiricon.be\/wp-content\/uploads\/2024\/11\/Le-Serment-dArminius.jpg\"><img loading=\"lazy\" width=\"262\" height=\"350\" src=\"https:\/\/www.satiricon.be\/wp-content\/uploads\/2024\/11\/Le-Serment-dArminius.jpg\" alt=\"\" class=\"wp-image-24362\" srcset=\"https:\/\/www.satiricon.be\/wp-content\/uploads\/2024\/11\/Le-Serment-dArminius.jpg 262w, https:\/\/www.satiricon.be\/wp-content\/uploads\/2024\/11\/Le-Serment-dArminius-225x300.jpg 225w\" sizes=\"(max-width: 262px) 100vw, 262px\" \/><\/a><\/figure><\/div>\n\n\n\n<p>Dans <strong><em>Le Serment d\u2019Arminius<\/em><\/strong> par Thierry D\u00e9marez, Jacques Martin et Val\u00e9rie Mangin, Alix est enlev\u00e9 par des Barbares en Germanie.<\/p>\n\n\n\n<p>\u00ab&nbsp;Rome, an 9 avant J.-C. L\u2019empereur Auguste est tout-puissant. Alix a plus de 50 ans. Il est s\u00e9nateur. En route vers l&rsquo;Atlantide, Alix retrouve son fils Titus, devenu officier de Tib\u00e8re en Germanie. Le fr\u00e8re de ce dernier, Drusus, a \u00e9t\u00e9 gravement bless\u00e9 lors d&rsquo;une bataille. Au chevet du g\u00e9n\u00e9ral, ils doivent retrouver sa m\u00e8re, l&rsquo;inqui\u00e9tante Livie.<\/p>\n\n\n\n<p>Mais sur la route, le s\u00e9nateur se fait enlever par des Barbares sous les yeux du petit Arminius, le fils d&rsquo;un chef alli\u00e9 de Rome. Pour survivre aux redoutables guerriers germains, il faudra toute la ruse d&rsquo;Alix. D&rsquo;autant plus que sur les rives du Rhin comme du Tibre, il est bien difficile de distinguer ses amis de ses ennemis.&nbsp;\u00bb<\/p>\n\n\n\n<div class=\"wp-block-image\"><figure class=\"aligncenter size-full\"><a href=\"https:\/\/www.satiricon.be\/wp-content\/uploads\/2024\/11\/Bombes-H-sur-Almeria.jpg\"><img loading=\"lazy\" width=\"261\" height=\"350\" src=\"https:\/\/www.satiricon.be\/wp-content\/uploads\/2024\/11\/Bombes-H-sur-Almeria.jpg\" alt=\"\" class=\"wp-image-24361\" srcset=\"https:\/\/www.satiricon.be\/wp-content\/uploads\/2024\/11\/Bombes-H-sur-Almeria.jpg 261w, https:\/\/www.satiricon.be\/wp-content\/uploads\/2024\/11\/Bombes-H-sur-Almeria-224x300.jpg 224w\" sizes=\"(max-width: 261px) 100vw, 261px\" \/><\/a><\/figure><\/div>\n\n\n\n<p><strong><em>Bombes H sur Almeria<\/em><\/strong> par Jacques Martin, Roger Seiter et R\u00e9gric propose une nouvelle enqu\u00eate de Lefranc sur un fond de catastrophe nucl\u00e9aire.<\/p>\n\n\n\n<p>\u00ab&nbsp;Printemps 1963, Lefranc se rend \u00e0 Alm\u00e9ria en Espagne pour les vacances. Seulement quelques semaines plus t\u00f4t, le journaliste, aid\u00e9 de l\u2019inspecteur Renard, r\u00e9sout un vieux myst\u00e8re familial : la disparition en 1938 d\u2019Antoine Lefranc, l\u2019oncle de Guy, durant la guerre civile espagnole. Mais gr\u00e2ce aux investigations de l\u2019inspecteur, Guy sait d\u00e9sormais que son oncle est mort accidentellement en Espagne en 1946, laissant derri\u00e8re lui une veuve et un enfant.<\/p>\n\n\n\n<p>Lefranc part faire la connaissance d&rsquo;In\u00e8s de la Serna, la femme de son oncle, et de sa fille Soledad. Mais \u00e0 peine arriv\u00e9, Lefranc est confront\u00e9 \u00e0 un drame : deux avions militaires am\u00e9ricains viennent d\u2019entrer en collision et ont explos\u00e9 en plein vol. Des tonnes de d\u00e9bris m\u00e9talliques retombent au sol. Et parmi ces d\u00e9bris, quatre bombes H. En quelques minutes, la r\u00e9gion d\u2019Alm\u00e9ria est plong\u00e9e en pleine catastrophe nucl\u00e9aire&#8230;&nbsp;\u00bb<\/p>\n\n\n\n<p><strong>P\u00c9TRONE<\/strong><\/p>\n\n\n\n<p class=\"has-small-font-size\"><strong><em>Tr\u00e8s cher P\u00e8re No\u00ebl <\/em><\/strong>par Alexandra Garibal et Mariana Ruiz-Johnson, Bruxelles, \u00c9ditions Casterman, octobre&nbsp;2024, 32&nbsp;pp. en quadrichromie au format 23,1&nbsp;x&nbsp;27,1&nbsp;cm sous couverture cartonn\u00e9e en couleurs, 13,90&nbsp;\u20ac (prix France)<\/p>\n\n\n\n<p class=\"has-small-font-size\"><strong><em>Les grandes questions des petits curieux <\/em><\/strong>par Aurore Carric, Bruxelles, \u00c9ditions Casterman, octobre&nbsp;2024, 12&nbsp;pp. cartonn\u00e9es en quadrichromie au format 25&nbsp;x&nbsp;25&nbsp;cm sous couverture cartonn\u00e9e en couleurs, 14,90&nbsp;\u20ac (prix France)<\/p>\n\n\n\n<p class=\"has-small-font-size\"><strong><em>Un animal par jour \u2013 365 animaux \u00e0 d\u00e9couvrir au fil de l&rsquo;ann\u00e9e<\/em><\/strong>, ouvrage collectif, Bruxelles, \u00c9ditions Casterman, octobre&nbsp;2024, 224&nbsp;pp. en quadrichromie au format 23&nbsp;x&nbsp;28,4&nbsp;cm sous couverture cartonn\u00e9e en couleurs, 19,90&nbsp;\u20ac (prix France)<\/p>\n\n\n\n<p class=\"has-small-font-size\"><strong><em>Le Bouclier d&rsquo;Achille <\/em><\/strong>par Jacques Martin, Roger Seiter et Marc Jailloux, Bruxelles, \u00c9ditions Casterman, collection \u00ab&nbsp;Alix&nbsp;\u00bb n\u00b0&nbsp;47, octobre&nbsp;2023, 48&nbsp;pp. en quadrichromie au format 22,6&nbsp;x&nbsp;30,3&nbsp;cm sous couverture cartonn\u00e9e en couleurs, 12,50&nbsp;\u20ac (prix France)<\/p>\n\n\n\n<p class=\"has-small-font-size\"><strong><em>Le Gardien du Nil <\/em><\/strong>par Val\u00e9rie Mangin, Jacques Martin et Chrys Millien, Bruxelles, \u00c9ditions Casterman, collection \u00ab&nbsp;Alix&nbsp;\u00bb n\u00b0&nbsp;43, novembre&nbsp;2024, 48&nbsp;pp. en quadrichromie au format 22,6&nbsp;x&nbsp;30,3&nbsp;cm sous couverture cartonn\u00e9e en couleurs, 12,50&nbsp;\u20ac (prix France)<\/p>\n\n\n\n<p class=\"has-small-font-size\"><strong><em>Les Cercles des g\u00e9ants <\/em><\/strong>par Thierry D\u00e9marez, Jacques Martin et Val\u00e9rie Mangin, Bruxelles, \u00c9ditions Casterman, collection \u00ab&nbsp;Alix Senator&nbsp;\u00bb n\u00b0&nbsp;15, septembre&nbsp;2024, 48&nbsp;pp. en quadrichromie au format 24,1&nbsp;x&nbsp;31,9&nbsp;cm sous couverture cartonn\u00e9e en couleurs, 14,50&nbsp;\u20ac (prix France)<\/p>\n\n\n\n<p class=\"has-small-font-size\"><strong><em>Le Serment d\u2019Arminius <\/em><\/strong>par Thierry D\u00e9marez, Jacques Martin et Val\u00e9rie Mangin, Bruxelles, \u00c9ditions Casterman, collection \u00ab&nbsp;Alix Senator&nbsp;\u00bb n\u00b0&nbsp;14, octobre&nbsp;2023, 48&nbsp;pp. en quadrichromie au format 24,1&nbsp;x&nbsp;31,9&nbsp;cm sous couverture cartonn\u00e9e en couleurs, 14,50&nbsp;\u20ac (prix France)<\/p>\n\n\n\n<p class=\"has-small-font-size\"><strong><em>Bombes H sur Almeria <\/em><\/strong>par Jacques Martin, Roger Seiter et R\u00e9gric, Bruxelles, \u00c9ditions Casterman, collection \u00ab&nbsp;Lefranc&nbsp;\u00bb n\u00b0&nbsp;35, mars&nbsp;2024, 48&nbsp;pp. en quadrichromie au format 22,5&nbsp;x&nbsp;30,4&nbsp;cm sous couverture cartonn\u00e9e en couleurs, 12,50&nbsp;\u20ac (prix France)<\/p>\n","protected":false},"excerpt":{"rendered":"<p>Par P\u00e9trone.<\/p>\n","protected":false},"author":2,"featured_media":0,"comment_status":"closed","ping_status":"open","sticky":false,"template":"","format":"standard","meta":[],"categories":[11,53],"tags":[],"_links":{"self":[{"href":"https:\/\/www.satiricon.be\/index.php?rest_route=\/wp\/v2\/posts\/24360"}],"collection":[{"href":"https:\/\/www.satiricon.be\/index.php?rest_route=\/wp\/v2\/posts"}],"about":[{"href":"https:\/\/www.satiricon.be\/index.php?rest_route=\/wp\/v2\/types\/post"}],"author":[{"embeddable":true,"href":"https:\/\/www.satiricon.be\/index.php?rest_route=\/wp\/v2\/users\/2"}],"replies":[{"embeddable":true,"href":"https:\/\/www.satiricon.be\/index.php?rest_route=%2Fwp%2Fv2%2Fcomments&post=24360"}],"version-history":[{"count":1,"href":"https:\/\/www.satiricon.be\/index.php?rest_route=\/wp\/v2\/posts\/24360\/revisions"}],"predecessor-version":[{"id":24369,"href":"https:\/\/www.satiricon.be\/index.php?rest_route=\/wp\/v2\/posts\/24360\/revisions\/24369"}],"wp:attachment":[{"href":"https:\/\/www.satiricon.be\/index.php?rest_route=%2Fwp%2Fv2%2Fmedia&parent=24360"}],"wp:term":[{"taxonomy":"category","embeddable":true,"href":"https:\/\/www.satiricon.be\/index.php?rest_route=%2Fwp%2Fv2%2Fcategories&post=24360"},{"taxonomy":"post_tag","embeddable":true,"href":"https:\/\/www.satiricon.be\/index.php?rest_route=%2Fwp%2Fv2%2Ftags&post=24360"}],"curies":[{"name":"wp","href":"https:\/\/api.w.org\/{rel}","templated":true}]}}