{"id":24375,"date":"2024-11-19T14:11:21","date_gmt":"2024-11-19T12:11:21","guid":{"rendered":"https:\/\/www.satiricon.be\/?p=24375"},"modified":"2024-11-19T14:11:21","modified_gmt":"2024-11-19T12:11:21","slug":"alain-denizet-est-un-historien-de-lespece-des-orpailleurs-pascal-ory","status":"publish","type":"post","link":"https:\/\/www.satiricon.be\/?p=24375","title":{"rendered":"\u00ab\u00a0Alain Denizet est un historien de l\u2019esp\u00e8ce des orpailleurs.\u00a0\u00bb (Pascal Ory)"},"content":{"rendered":"\n<div class=\"wp-block-image\"><figure class=\"aligncenter size-full\"><a href=\"https:\/\/www.satiricon.be\/wp-content\/uploads\/2024\/11\/Voyage-de-noces-cover.jpeg\"><img loading=\"lazy\" width=\"245\" height=\"350\" src=\"https:\/\/www.satiricon.be\/wp-content\/uploads\/2024\/11\/Voyage-de-noces-cover.jpeg\" alt=\"\" class=\"wp-image-24378\" srcset=\"https:\/\/www.satiricon.be\/wp-content\/uploads\/2024\/11\/Voyage-de-noces-cover.jpeg 245w, https:\/\/www.satiricon.be\/wp-content\/uploads\/2024\/11\/Voyage-de-noces-cover-210x300.jpeg 210w\" sizes=\"(max-width: 245px) 100vw, 245px\" \/><\/a><\/figure><\/div>\n\n\n\n<p>Agr\u00e9g\u00e9 d&rsquo;histoire form\u00e9 \u00e0 l\u2019Universit\u00e9 Fran\u00e7ois Rabelais de Tours, Alain Denizet (\u00b01959) est l\u2019auteur d\u2019ouvrages<a href=\"#_ftn1\" id=\"_ftnref1\">[1]<\/a> dans lesquels, comme l\u2019\u00e9crit le fameux historien Pascal Ory, \u00ab&nbsp;l\u2019extraordinaire peut traverser sous la forme ambigu\u00eb du fait divers&nbsp;\u00bb.<\/p>\n\n\n\n<p>Aux \u00c9ditions Ella \u00e0 L\u00e8sves, il publie une \u00e9tude remarquable intitul\u00e9e <strong><em>Voyage de noces<\/em><\/strong>, fond\u00e9e sur un document exceptionnel qu\u2019il a d\u00e9nich\u00e9 dans les archives d\u00e9partementales d\u2019Eure-et-Loir.<\/p>\n\n\n\n<p>Il s\u2019agit de la plus ancienne archive connue en France sur le sujet, un petit carnet dans lequel Henri et Jenny Pel\u00e9, des bourgeois de Courville-sur-Eure, en Eure-et Loir, ont soigneusement consign\u00e9 et superbement illustr\u00e9 en couleur le r\u00e9cit de leur p\u00e9riple nuptial.<\/p>\n\n\n\n<p>Un long et riche voyage de cinquante-sept jours en trente-deux \u00e9tapes (Poitiers, Bordeaux, les Pyr\u00e9n\u00e9es, Marseille, Carcassonne, N\u00eemes, Lyon\u2026 incluant un court s\u00e9jour \u00e0 Boss\u00f2st, ville de Catalogne limitrophe de la France), du 30&nbsp;mai au 29&nbsp;juillet 1853.<\/p>\n\n\n\n<div class=\"wp-block-image\"><figure class=\"aligncenter size-full\"><a href=\"https:\/\/www.satiricon.be\/wp-content\/uploads\/2024\/11\/Voyage-de-noces-Henri-et-Jenny.jpeg\"><img loading=\"lazy\" width=\"429\" height=\"350\" src=\"https:\/\/www.satiricon.be\/wp-content\/uploads\/2024\/11\/Voyage-de-noces-Henri-et-Jenny.jpeg\" alt=\"\" class=\"wp-image-24377\" srcset=\"https:\/\/www.satiricon.be\/wp-content\/uploads\/2024\/11\/Voyage-de-noces-Henri-et-Jenny.jpeg 429w, https:\/\/www.satiricon.be\/wp-content\/uploads\/2024\/11\/Voyage-de-noces-Henri-et-Jenny-300x245.jpeg 300w\" sizes=\"(max-width: 429px) 100vw, 429px\" \/><\/a><\/figure><\/div>\n\n\n\n<p class=\"has-text-align-center\">Henri et Jenny, les deux mari\u00e9s.<\/p>\n\n\n\n<p>Revisitant chacun des lieux que Jenny et Henri ont d\u00e9couverts \u00e0 cette occasion, Alain Denizet d\u00e9crit leurs journ\u00e9es, retrace et explique leurs parcours \u00ab&nbsp;entre transports laborieux ou \u00e9tourdissants (le train peut d\u00e9passer 40&nbsp;km\/heure\u2026)&nbsp;\u00bb, fait part de leurs r\u00e9actions devant ce qu\u2019ils d\u00e9couvrent et \u00e9claire le lecteur sur le contexte historico-social de l\u2019\u00e9poque.<\/p>\n\n\n\n<div class=\"wp-block-image\"><figure class=\"aligncenter size-full\"><a href=\"https:\/\/www.satiricon.be\/wp-content\/uploads\/2024\/11\/Voyage-de-noces-carte-itineraire.jpeg\"><img loading=\"lazy\" width=\"381\" height=\"350\" src=\"https:\/\/www.satiricon.be\/wp-content\/uploads\/2024\/11\/Voyage-de-noces-carte-itineraire.jpeg\" alt=\"\" class=\"wp-image-24376\" srcset=\"https:\/\/www.satiricon.be\/wp-content\/uploads\/2024\/11\/Voyage-de-noces-carte-itineraire.jpeg 381w, https:\/\/www.satiricon.be\/wp-content\/uploads\/2024\/11\/Voyage-de-noces-carte-itineraire-300x276.jpeg 300w\" sizes=\"(max-width: 381px) 100vw, 381px\" \/><\/a><\/figure><\/div>\n\n\n\n<p class=\"has-text-align-center\">Carte-itin\u00e9raire du voyage de noces d\u2019Henri et Jenny.<\/p>\n\n\n\n<p class=\"has-text-align-left\">Une p\u00e9pite&nbsp;!<\/p>\n\n\n\n<p><strong>P\u00c9TRONE <\/strong><\/p>\n\n\n\n<p class=\"has-small-font-size\"><a><strong><em>Voyage de noces \u2013 Henri et Jenny, 31 mai &#8211; 27 juillet 1853<\/em><\/strong><\/a> par Alain Denizet, pr\u00e9face par Pascal Ory de l\u2019Acad\u00e9mie fran\u00e7aise, L\u00e8ves, \u00c9ditions Ella, collection \u00ab&nbsp;Histoire&nbsp;\u00bb, novembre&nbsp;2024, 266&nbsp;pp. en noir et blanc enrichies d\u2019illustrations au trait et en quadrichromie au format 15&nbsp;x&nbsp;21&nbsp;cm sous couverture broch\u00e9e en couleurs, 23&nbsp;\u20ac (prix France)<\/p>\n\n\n\n<p class=\"has-text-align-center\"><strong>LES \u00c9TAPES, JOUR D\u2019ARRIV\u00c9E<\/strong><\/p>\n\n\n\n<p>31 mai&nbsp;: d\u00e9part de Chartres. Journ\u00e9e \u00e0 Ouarville<\/p>\n\n\n\n<p>1er, 2 et 3 juin&nbsp;: Orl\u00e9ans<\/p>\n\n\n\n<p>4, 5 et 6 juin&nbsp;: Lintry<\/p>\n\n\n\n<p>7, 8 et 9 juin&nbsp;: Blois<\/p>\n\n\n\n<p>9 juin&nbsp;: Amboise et Rochecorbon<\/p>\n\n\n\n<p>10 juin&nbsp;: Rochecorbon<\/p>\n\n\n\n<p>11 juin&nbsp;: Tours<\/p>\n\n\n\n<p>12 juin&nbsp;: Poitiers<\/p>\n\n\n\n<p>13 juin&nbsp;: Niort<\/p>\n\n\n\n<p>15 juin&nbsp;: Saintes<\/p>\n\n\n\n<p>17 juin&nbsp;: Blaye<\/p>\n\n\n\n<p>17, 18, 19, 20, 21 juin&nbsp;: Bordeaux<\/p>\n\n\n\n<p>22, 23 juin&nbsp;: Pau<\/p>\n\n\n\n<p>24 juin&nbsp;: Tarbes<\/p>\n\n\n\n<p>25, 26 et 27 juin&nbsp;: Bagn\u00e8res-de-Bigorre<\/p>\n\n\n\n<p>28, 29, juin&nbsp;: Bagn\u00e8res-de-Luchon<\/p>\n\n\n\n<p>30 juin&nbsp;: Boss\u00f2st (Espagne)<\/p>\n\n\n\n<p>1 et 2 juillet&nbsp;: Bagn\u00e8res-de-Luchon<\/p>\n\n\n\n<p>3, 4 et 5 juillet&nbsp;: Toulouse<\/p>\n\n\n\n<p>6 juillet&nbsp;: Carcassonne<\/p>\n\n\n\n<p>7 juillet&nbsp;: B\u00e9ziers<\/p>\n\n\n\n<p>8 et 9 juillet&nbsp;: S\u00e8te<\/p>\n\n\n\n<p>10 et 11 juillet&nbsp;: Montpellier<\/p>\n\n\n\n<p>12, 13 et 14 juillet&nbsp;: Marseille<\/p>\n\n\n\n<p>15 juillet&nbsp;: Toulon<\/p>\n\n\n\n<p>16 juillet&nbsp;: Marseille<\/p>\n\n\n\n<p>17 juillet&nbsp;: Arles<\/p>\n\n\n\n<p>18 et 19 juillet&nbsp;: Beaucaire-Tarascon<\/p>\n\n\n\n<p>19 juillet&nbsp;: N\u00eemes<\/p>\n\n\n\n<p>20 et 21 juillet&nbsp;: Avignon<\/p>\n\n\n\n<p>22 et 23 juillet&nbsp;: Lyon<\/p>\n\n\n\n<p>24 juillet&nbsp;: Dijon 2<\/p>\n\n\n\n<p>5 juillet&nbsp;: Paris<\/p>\n\n\n\n<p>26 juillet&nbsp;: Chartres<\/p>\n\n\n\n<hr class=\"wp-block-separator\" \/>\n\n\n\n<p><a href=\"#_ftnref1\" id=\"_ftn1\">[1]<\/a> <em>Enqu\u00eate sur un paysan sans histoire<\/em> consacr\u00e9e \u00e0 l\u2019un de ses anc\u00eatres, <em>Le Roman vrai du cur\u00e9 de Ch\u00e2tenay 1871-1914<\/em>, <em>L&rsquo;Affaire Brierre&nbsp;\u2013&nbsp;Un crime insens\u00e9 \u00e0 la Belle \u00c9poque<\/em>, <em>Chroniques eur\u00e9liennes XVII<sup>e&nbsp;<\/sup>\u2013&nbsp;XX<sup>e<\/sup> si\u00e8cles<\/em>, <em>Un si\u00e8cle de faits divers en Eure-et-Loir 1900-1950<\/em>, <em>Un si\u00e8cle de faits divers en Eure-et-Loir 1950-2000 Le Messager de la Beauce et du Perche <\/em>(un almanach), <em>Le Folklore de la Beauce et du Perche 1902<\/em> (pr\u00e9sentation), <em>\u00ab&nbsp;Ne vous tourmentez pas de moi&nbsp;\u00bb <\/em>(qui retrace, \u00e0 travers sa correspondance d\u2019ao\u00fbt 1914 \u00e0 juillet 1915, le quotidien du soldat Luc Noblet, pris dans la tourmente de la Premi\u00e8re Guerre mondiale) et d\u2019une contribution \u00e0 un ouvrage collectif, <em>Les navigateurs d\u2019Eure et Loir<\/em>.<\/p>\n","protected":false},"excerpt":{"rendered":"<p>Par P\u00e9trone.<\/p>\n","protected":false},"author":2,"featured_media":0,"comment_status":"closed","ping_status":"open","sticky":false,"template":"","format":"standard","meta":[],"categories":[77,11],"tags":[],"_links":{"self":[{"href":"https:\/\/www.satiricon.be\/index.php?rest_route=\/wp\/v2\/posts\/24375"}],"collection":[{"href":"https:\/\/www.satiricon.be\/index.php?rest_route=\/wp\/v2\/posts"}],"about":[{"href":"https:\/\/www.satiricon.be\/index.php?rest_route=\/wp\/v2\/types\/post"}],"author":[{"embeddable":true,"href":"https:\/\/www.satiricon.be\/index.php?rest_route=\/wp\/v2\/users\/2"}],"replies":[{"embeddable":true,"href":"https:\/\/www.satiricon.be\/index.php?rest_route=%2Fwp%2Fv2%2Fcomments&post=24375"}],"version-history":[{"count":1,"href":"https:\/\/www.satiricon.be\/index.php?rest_route=\/wp\/v2\/posts\/24375\/revisions"}],"predecessor-version":[{"id":24379,"href":"https:\/\/www.satiricon.be\/index.php?rest_route=\/wp\/v2\/posts\/24375\/revisions\/24379"}],"wp:attachment":[{"href":"https:\/\/www.satiricon.be\/index.php?rest_route=%2Fwp%2Fv2%2Fmedia&parent=24375"}],"wp:term":[{"taxonomy":"category","embeddable":true,"href":"https:\/\/www.satiricon.be\/index.php?rest_route=%2Fwp%2Fv2%2Fcategories&post=24375"},{"taxonomy":"post_tag","embeddable":true,"href":"https:\/\/www.satiricon.be\/index.php?rest_route=%2Fwp%2Fv2%2Ftags&post=24375"}],"curies":[{"name":"wp","href":"https:\/\/api.w.org\/{rel}","templated":true}]}}